{"id":96748,"date":"2016-09-11T19:55:40","date_gmt":"2016-09-11T22:55:40","guid":{"rendered":"http:\/\/aconteceunovale.com.br\/portal\/?p=96748"},"modified":"2016-09-12T19:33:38","modified_gmt":"2016-09-12T22:33:38","slug":"luan-santana-e-a-principal-atracao-da-xxii-festa-do-cavalo-de-marilac-2","status":"publish","type":"post","link":"https:\/\/aconteceunovale.com.br\/portal\/?p=96748","title":{"rendered":"Luan Santana \u00e9 a principal atra\u00e7\u00e3o da XXII Festa do Cavalo de Marilac"},"content":{"rendered":"<p>Nos dias 16, 17 e 18 de setembro de 2016, a cidade de Marilac, no Vale do Rio Doce, realiza a sua XXII Festa do Cavalo e o 5\u00ba Rodeio Profissional. A principal atra\u00e7\u00e3o do evento \u00e9 o cantor sertanejo Luan Santana, que se apresenta no s\u00e1bado (17). Israel &#038; Rodolfo e Mateus Lima completam a grade de shows da festa.<\/p>\n<p>O rodeio ter\u00e1 locu\u00e7\u00e3o de Marco Brasil e a grande final acontecer\u00e1 a partir das 18h de domingo (18). Outra atra\u00e7\u00e3o do evento \u00e9 a corrida de cavalos, que ter\u00e1 premia\u00e7\u00e3o no valor de R$ 30.000,00. A entrada \u00e9 franca todos os dias.<\/p>\n<p><img decoding=\"async\" src=\"http:\/\/aconteceunovale.com.br\/portal\/wp-content\/uploads\/2016\/09\/festa_do_cavalo_marilac.jpg\" alt=\"\" \/><\/p>\n","protected":false},"excerpt":{"rendered":"<p>Nos dias 16, 17 e 18 de setembro de 2016, a cidade de Marilac, no Vale do Rio Doce, realiza a sua XXII Festa do Cavalo e o 5\u00ba Rodeio Profissional. A principal atra\u00e7\u00e3o do evento \u00e9 o cantor sertanejo Luan Santana, que se apresenta no s\u00e1bado (17). Israel &#038; Rodolfo e Mateus Lima completam [&hellip;]<\/p>\n","protected":false},"author":1,"featured_media":92783,"comment_status":"open","ping_status":"closed","sticky":false,"template":"","format":"standard","meta":{"amp_status":"","footnotes":""},"categories":[125,121],"tags":[114848,114845,114840,114847,114842,114846,1018,114836,114843,114834,114838,114837,300,114839,114841,114844,114835],"class_list":["post-96748","post","type-post","status-publish","format-standard","has-post-thumbnail","hentry","category-noticias","category-leste","tag-5o-rodeio-profissional-de-marilac","tag-agenda-festa-do-cavalo-de-marilac","tag-apresentacao-luan-santana-em-marilac","tag-atracoes-festa-do-cavalo-de-marilac","tag-bandas-festa-de-marilac","tag-bandas-festa-do-cavalo-de-marilac","tag-destaque","tag-festa-do-cavalo-de-marilac","tag-festa-do-cavalo-de-marilac-2016","tag-luan-santana-e-a-principal-atracao-da-xxii-festa-do-cavalo-de-marilac","tag-luan-santana-em-marilac","tag-luan-santana-na-festa-do-cavalo-de-marilac","tag-marilac","tag-show-luan-santana-em-marilac","tag-shows-festa-de-marilac","tag-shows-festa-do-cavalo-de-marilac","tag-xxii-festa-do-cavalo-de-marilac"],"yoast_head":"<!-- This site is optimized with the Yoast SEO plugin v28.3 - https:\/\/yoast.com\/product\/yoast-seo-wordpress\/ -->\n<title>Luan Santana \u00e9 a principal atra\u00e7\u00e3o da XXII Festa do Cavalo de Marilac - Aconteceu no Vale<\/title>\n<meta name=\"robots\" content=\"index, follow, max-snippet:-1, max-image-preview:large, max-video-preview:-1\" \/>\n<link rel=\"canonical\" href=\"https:\/\/aconteceunovale.com.br\/portal\/?p=96748\" \/>\n<meta property=\"og:locale\" content=\"pt_BR\" \/>\n<meta property=\"og:type\" content=\"article\" \/>\n<meta property=\"og:title\" content=\"Luan Santana \u00e9 a principal atra\u00e7\u00e3o da XXII Festa do Cavalo de Marilac - Aconteceu no Vale\" \/>\n<meta property=\"og:description\" content=\"Nos dias 16, 17 e 18 de setembro de 2016, a cidade de Marilac, no Vale do Rio Doce, realiza a sua XXII Festa do Cavalo e o 5\u00ba Rodeio Profissional. A principal atra\u00e7\u00e3o do evento \u00e9 o cantor sertanejo Luan Santana, que se apresenta no s\u00e1bado (17). Israel &#038; Rodolfo e Mateus Lima completam [&hellip;]\" \/>\n<meta property=\"og:url\" content=\"https:\/\/aconteceunovale.com.br\/portal\/?p=96748\" \/>\n<meta property=\"og:site_name\" content=\"Aconteceu no Vale\" \/>\n<meta property=\"article:publisher\" content=\"https:\/\/www.facebook.com\/aconteceunovale\/\" \/>\n<meta property=\"article:published_time\" content=\"2016-09-11T22:55:40+00:00\" \/>\n<meta property=\"article:modified_time\" content=\"2016-09-12T22:33:38+00:00\" \/>\n<meta property=\"og:image\" content=\"https:\/\/aconteceunovale.com.br\/portal\/wp-content\/uploads\/2016\/07\/luan_santana.jpg\" \/>\n\t<meta property=\"og:image:width\" content=\"675\" \/>\n\t<meta property=\"og:image:height\" content=\"450\" \/>\n\t<meta property=\"og:image:type\" content=\"image\/jpeg\" \/>\n<meta name=\"author\" content=\"Aconteceu no Vale\" \/>\n<meta name=\"twitter:card\" content=\"summary_large_image\" \/>\n<meta name=\"twitter:creator\" content=\"@noticiadosvales\" \/>\n<meta name=\"twitter:site\" content=\"@noticiadosvales\" \/>\n<meta name=\"twitter:label1\" content=\"Escrito por\" \/>\n\t<meta name=\"twitter:data1\" content=\"Aconteceu no Vale\" \/>\n<script type=\"application\/ld+json\" class=\"yoast-schema-graph\">{\"@context\":\"https:\\\/\\\/schema.org\",\"@graph\":[{\"@type\":\"Article\",\"@id\":\"https:\\\/\\\/aconteceunovale.com.br\\\/portal\\\/?p=96748#article\",\"isPartOf\":{\"@id\":\"https:\\\/\\\/aconteceunovale.com.br\\\/portal\\\/?p=96748\"},\"author\":{\"name\":\"Aconteceu no Vale\",\"@id\":\"https:\\\/\\\/aconteceunovale.com.br\\\/portal\\\/#\\\/schema\\\/person\\\/633529146f2c94272bef50ac2953d589\"},\"headline\":\"Luan Santana \u00e9 a principal atra\u00e7\u00e3o da XXII Festa do Cavalo de Marilac\",\"datePublished\":\"2016-09-11T22:55:40+00:00\",\"dateModified\":\"2016-09-12T22:33:38+00:00\",\"mainEntityOfPage\":{\"@id\":\"https:\\\/\\\/aconteceunovale.com.br\\\/portal\\\/?p=96748\"},\"wordCount\":110,\"commentCount\":0,\"image\":{\"@id\":\"https:\\\/\\\/aconteceunovale.com.br\\\/portal\\\/?p=96748#primaryimage\"},\"thumbnailUrl\":\"https:\\\/\\\/aconteceunovale.com.br\\\/portal\\\/wp-content\\\/uploads\\\/2016\\\/07\\\/luan_santana.jpg\",\"keywords\":[\"5\u00ba Rodeio Profissional de Marilac\",\"Agenda Festa do Cavalo de Marilac\",\"Apresenta\u00e7\u00e3o Luan Santana em Marilac\",\"Atra\u00e7\u00f5es Festa do Cavalo de Marilac\",\"Bandas festa de Marilac\",\"Bandas Festa do Cavalo de Marilac\",\"destaque\",\"Festa do Cavalo de Marilac\",\"Festa do Cavalo de Marilac 2016\",\"Luan Santana \u00e9 a principal atra\u00e7\u00e3o da XXII Festa do Cavalo de Marilac\",\"Luan Santana em Marilac\",\"Luan Santana na Festa do Cavalo de Marilac\",\"Marilac\",\"Show Luan Santana em Marilac\",\"Shows festa de Marilac\",\"Shows Festa do Cavalo de Marilac\",\"XXII Festa do Cavalo de Marilac\"],\"articleSection\":[\"Eventos\",\"Leste de Minas\"],\"inLanguage\":\"pt-BR\",\"potentialAction\":[{\"@type\":\"CommentAction\",\"name\":\"Comment\",\"target\":[\"https:\\\/\\\/aconteceunovale.com.br\\\/portal\\\/?p=96748#respond\"]}]},{\"@type\":\"WebPage\",\"@id\":\"https:\\\/\\\/aconteceunovale.com.br\\\/portal\\\/?p=96748\",\"url\":\"https:\\\/\\\/aconteceunovale.com.br\\\/portal\\\/?p=96748\",\"name\":\"Luan Santana \u00e9 a principal atra\u00e7\u00e3o da XXII Festa do Cavalo de Marilac - Aconteceu no Vale\",\"isPartOf\":{\"@id\":\"https:\\\/\\\/aconteceunovale.com.br\\\/portal\\\/#website\"},\"primaryImageOfPage\":{\"@id\":\"https:\\\/\\\/aconteceunovale.com.br\\\/portal\\\/?p=96748#primaryimage\"},\"image\":{\"@id\":\"https:\\\/\\\/aconteceunovale.com.br\\\/portal\\\/?p=96748#primaryimage\"},\"thumbnailUrl\":\"https:\\\/\\\/aconteceunovale.com.br\\\/portal\\\/wp-content\\\/uploads\\\/2016\\\/07\\\/luan_santana.jpg\",\"datePublished\":\"2016-09-11T22:55:40+00:00\",\"dateModified\":\"2016-09-12T22:33:38+00:00\",\"author\":{\"@id\":\"https:\\\/\\\/aconteceunovale.com.br\\\/portal\\\/#\\\/schema\\\/person\\\/633529146f2c94272bef50ac2953d589\"},\"breadcrumb\":{\"@id\":\"https:\\\/\\\/aconteceunovale.com.br\\\/portal\\\/?p=96748#breadcrumb\"},\"inLanguage\":\"pt-BR\",\"potentialAction\":[{\"@type\":\"ReadAction\",\"target\":[\"https:\\\/\\\/aconteceunovale.com.br\\\/portal\\\/?p=96748\"]}]},{\"@type\":\"ImageObject\",\"inLanguage\":\"pt-BR\",\"@id\":\"https:\\\/\\\/aconteceunovale.com.br\\\/portal\\\/?p=96748#primaryimage\",\"url\":\"https:\\\/\\\/aconteceunovale.com.br\\\/portal\\\/wp-content\\\/uploads\\\/2016\\\/07\\\/luan_santana.jpg\",\"contentUrl\":\"https:\\\/\\\/aconteceunovale.com.br\\\/portal\\\/wp-content\\\/uploads\\\/2016\\\/07\\\/luan_santana.jpg\",\"width\":675,\"height\":450},{\"@type\":\"BreadcrumbList\",\"@id\":\"https:\\\/\\\/aconteceunovale.com.br\\\/portal\\\/?p=96748#breadcrumb\",\"itemListElement\":[{\"@type\":\"ListItem\",\"position\":1,\"name\":\"In\u00edcio\",\"item\":\"https:\\\/\\\/aconteceunovale.com.br\\\/portal\\\/\"},{\"@type\":\"ListItem\",\"position\":2,\"name\":\"Luan Santana \u00e9 a principal atra\u00e7\u00e3o da XXII Festa do Cavalo de Marilac\"}]},{\"@type\":\"WebSite\",\"@id\":\"https:\\\/\\\/aconteceunovale.com.br\\\/portal\\\/#website\",\"url\":\"https:\\\/\\\/aconteceunovale.com.br\\\/portal\\\/\",\"name\":\"Aconteceu no Vale\",\"description\":\"Portal de Not\u00edcias\",\"potentialAction\":[{\"@type\":\"SearchAction\",\"target\":{\"@type\":\"EntryPoint\",\"urlTemplate\":\"https:\\\/\\\/aconteceunovale.com.br\\\/portal\\\/?s={search_term_string}\"},\"query-input\":{\"@type\":\"PropertyValueSpecification\",\"valueRequired\":true,\"valueName\":\"search_term_string\"}}],\"inLanguage\":\"pt-BR\"},{\"@type\":\"Person\",\"@id\":\"https:\\\/\\\/aconteceunovale.com.br\\\/portal\\\/#\\\/schema\\\/person\\\/633529146f2c94272bef50ac2953d589\",\"name\":\"Aconteceu no Vale\",\"description\":\"Equipe de reportagem do Aconteceu no Vale, portal de not\u00edcias do Vale do Jequitinhonha, em Minas Gerais. Cobrimos as 51 cidades do Vale desde 2013. Sugest\u00f5es de pauta e pedidos de corre\u00e7\u00e3o: contato@aconteceunovale.com.br\",\"sameAs\":[\"http:\\\/\\\/www.aconteceunovale.com.br\"],\"url\":\"https:\\\/\\\/aconteceunovale.com.br\\\/portal\\\/?author=1\"}]}<\/script>\n<!-- \/ Yoast SEO plugin. -->","yoast_head_json":{"title":"Luan Santana \u00e9 a principal atra\u00e7\u00e3o da XXII Festa do Cavalo de Marilac - Aconteceu no Vale","robots":{"index":"index","follow":"follow","max-snippet":"max-snippet:-1","max-image-preview":"max-image-preview:large","max-video-preview":"max-video-preview:-1"},"canonical":"https:\/\/aconteceunovale.com.br\/portal\/?p=96748","og_locale":"pt_BR","og_type":"article","og_title":"Luan Santana \u00e9 a principal atra\u00e7\u00e3o da XXII Festa do Cavalo de Marilac - Aconteceu no Vale","og_description":"Nos dias 16, 17 e 18 de setembro de 2016, a cidade de Marilac, no Vale do Rio Doce, realiza a sua XXII Festa do Cavalo e o 5\u00ba Rodeio Profissional. A principal atra\u00e7\u00e3o do evento \u00e9 o cantor sertanejo Luan Santana, que se apresenta no s\u00e1bado (17). Israel &#038; Rodolfo e Mateus Lima completam [&hellip;]","og_url":"https:\/\/aconteceunovale.com.br\/portal\/?p=96748","og_site_name":"Aconteceu no Vale","article_publisher":"https:\/\/www.facebook.com\/aconteceunovale\/","article_published_time":"2016-09-11T22:55:40+00:00","article_modified_time":"2016-09-12T22:33:38+00:00","og_image":[{"width":675,"height":450,"url":"https:\/\/aconteceunovale.com.br\/portal\/wp-content\/uploads\/2016\/07\/luan_santana.jpg","type":"image\/jpeg"}],"author":"Aconteceu no Vale","twitter_card":"summary_large_image","twitter_creator":"@noticiadosvales","twitter_site":"@noticiadosvales","twitter_misc":{"Escrito por":"Aconteceu no Vale"},"schema":{"@context":"https:\/\/schema.org","@graph":[{"@type":"Article","@id":"https:\/\/aconteceunovale.com.br\/portal\/?p=96748#article","isPartOf":{"@id":"https:\/\/aconteceunovale.com.br\/portal\/?p=96748"},"author":{"name":"Aconteceu no Vale","@id":"https:\/\/aconteceunovale.com.br\/portal\/#\/schema\/person\/633529146f2c94272bef50ac2953d589"},"headline":"Luan Santana \u00e9 a principal atra\u00e7\u00e3o da XXII Festa do Cavalo de Marilac","datePublished":"2016-09-11T22:55:40+00:00","dateModified":"2016-09-12T22:33:38+00:00","mainEntityOfPage":{"@id":"https:\/\/aconteceunovale.com.br\/portal\/?p=96748"},"wordCount":110,"commentCount":0,"image":{"@id":"https:\/\/aconteceunovale.com.br\/portal\/?p=96748#primaryimage"},"thumbnailUrl":"https:\/\/aconteceunovale.com.br\/portal\/wp-content\/uploads\/2016\/07\/luan_santana.jpg","keywords":["5\u00ba Rodeio Profissional de Marilac","Agenda Festa do Cavalo de Marilac","Apresenta\u00e7\u00e3o Luan Santana em Marilac","Atra\u00e7\u00f5es Festa do Cavalo de Marilac","Bandas festa de Marilac","Bandas Festa do Cavalo de Marilac","destaque","Festa do Cavalo de Marilac","Festa do Cavalo de Marilac 2016","Luan Santana \u00e9 a principal atra\u00e7\u00e3o da XXII Festa do Cavalo de Marilac","Luan Santana em Marilac","Luan Santana na Festa do Cavalo de Marilac","Marilac","Show Luan Santana em Marilac","Shows festa de Marilac","Shows Festa do Cavalo de Marilac","XXII Festa do Cavalo de Marilac"],"articleSection":["Eventos","Leste de Minas"],"inLanguage":"pt-BR","potentialAction":[{"@type":"CommentAction","name":"Comment","target":["https:\/\/aconteceunovale.com.br\/portal\/?p=96748#respond"]}]},{"@type":"WebPage","@id":"https:\/\/aconteceunovale.com.br\/portal\/?p=96748","url":"https:\/\/aconteceunovale.com.br\/portal\/?p=96748","name":"Luan Santana \u00e9 a principal atra\u00e7\u00e3o da XXII Festa do Cavalo de Marilac - Aconteceu no Vale","isPartOf":{"@id":"https:\/\/aconteceunovale.com.br\/portal\/#website"},"primaryImageOfPage":{"@id":"https:\/\/aconteceunovale.com.br\/portal\/?p=96748#primaryimage"},"image":{"@id":"https:\/\/aconteceunovale.com.br\/portal\/?p=96748#primaryimage"},"thumbnailUrl":"https:\/\/aconteceunovale.com.br\/portal\/wp-content\/uploads\/2016\/07\/luan_santana.jpg","datePublished":"2016-09-11T22:55:40+00:00","dateModified":"2016-09-12T22:33:38+00:00","author":{"@id":"https:\/\/aconteceunovale.com.br\/portal\/#\/schema\/person\/633529146f2c94272bef50ac2953d589"},"breadcrumb":{"@id":"https:\/\/aconteceunovale.com.br\/portal\/?p=96748#breadcrumb"},"inLanguage":"pt-BR","potentialAction":[{"@type":"ReadAction","target":["https:\/\/aconteceunovale.com.br\/portal\/?p=96748"]}]},{"@type":"ImageObject","inLanguage":"pt-BR","@id":"https:\/\/aconteceunovale.com.br\/portal\/?p=96748#primaryimage","url":"https:\/\/aconteceunovale.com.br\/portal\/wp-content\/uploads\/2016\/07\/luan_santana.jpg","contentUrl":"https:\/\/aconteceunovale.com.br\/portal\/wp-content\/uploads\/2016\/07\/luan_santana.jpg","width":675,"height":450},{"@type":"BreadcrumbList","@id":"https:\/\/aconteceunovale.com.br\/portal\/?p=96748#breadcrumb","itemListElement":[{"@type":"ListItem","position":1,"name":"In\u00edcio","item":"https:\/\/aconteceunovale.com.br\/portal\/"},{"@type":"ListItem","position":2,"name":"Luan Santana \u00e9 a principal atra\u00e7\u00e3o da XXII Festa do Cavalo de Marilac"}]},{"@type":"WebSite","@id":"https:\/\/aconteceunovale.com.br\/portal\/#website","url":"https:\/\/aconteceunovale.com.br\/portal\/","name":"Aconteceu no Vale","description":"Portal de Not\u00edcias","potentialAction":[{"@type":"SearchAction","target":{"@type":"EntryPoint","urlTemplate":"https:\/\/aconteceunovale.com.br\/portal\/?s={search_term_string}"},"query-input":{"@type":"PropertyValueSpecification","valueRequired":true,"valueName":"search_term_string"}}],"inLanguage":"pt-BR"},{"@type":"Person","@id":"https:\/\/aconteceunovale.com.br\/portal\/#\/schema\/person\/633529146f2c94272bef50ac2953d589","name":"Aconteceu no Vale","description":"Equipe de reportagem do Aconteceu no Vale, portal de not\u00edcias do Vale do Jequitinhonha, em Minas Gerais. Cobrimos as 51 cidades do Vale desde 2013. Sugest\u00f5es de pauta e pedidos de corre\u00e7\u00e3o: contato@aconteceunovale.com.br","sameAs":["http:\/\/www.aconteceunovale.com.br"],"url":"https:\/\/aconteceunovale.com.br\/portal\/?author=1"}]}},"_links":{"self":[{"href":"https:\/\/aconteceunovale.com.br\/portal\/index.php?rest_route=\/wp\/v2\/posts\/96748","targetHints":{"allow":["GET"]}}],"collection":[{"href":"https:\/\/aconteceunovale.com.br\/portal\/index.php?rest_route=\/wp\/v2\/posts"}],"about":[{"href":"https:\/\/aconteceunovale.com.br\/portal\/index.php?rest_route=\/wp\/v2\/types\/post"}],"author":[{"embeddable":true,"href":"https:\/\/aconteceunovale.com.br\/portal\/index.php?rest_route=\/wp\/v2\/users\/1"}],"replies":[{"embeddable":true,"href":"https:\/\/aconteceunovale.com.br\/portal\/index.php?rest_route=%2Fwp%2Fv2%2Fcomments&post=96748"}],"version-history":[{"count":0,"href":"https:\/\/aconteceunovale.com.br\/portal\/index.php?rest_route=\/wp\/v2\/posts\/96748\/revisions"}],"wp:featuredmedia":[{"embeddable":true,"href":"https:\/\/aconteceunovale.com.br\/portal\/index.php?rest_route=\/wp\/v2\/media\/92783"}],"wp:attachment":[{"href":"https:\/\/aconteceunovale.com.br\/portal\/index.php?rest_route=%2Fwp%2Fv2%2Fmedia&parent=96748"}],"wp:term":[{"taxonomy":"category","embeddable":true,"href":"https:\/\/aconteceunovale.com.br\/portal\/index.php?rest_route=%2Fwp%2Fv2%2Fcategories&post=96748"},{"taxonomy":"post_tag","embeddable":true,"href":"https:\/\/aconteceunovale.com.br\/portal\/index.php?rest_route=%2Fwp%2Fv2%2Ftags&post=96748"}],"curies":[{"name":"wp","href":"https:\/\/api.w.org\/{rel}","templated":true}]}}