{"id":96740,"date":"2016-09-11T19:24:12","date_gmt":"2016-09-11T22:24:12","guid":{"rendered":"http:\/\/aconteceunovale.com.br\/portal\/?p=96740"},"modified":"2016-09-11T19:24:12","modified_gmt":"2016-09-11T22:24:12","slug":"candidato-a-vereador-e-preso-apos-atirar-em-via-publica-em-teofilo-otoni","status":"publish","type":"post","link":"https:\/\/aconteceunovale.com.br\/portal\/?p=96740","title":{"rendered":"Candidato a vereador \u00e9 preso ap\u00f3s atirar em via p\u00fablica em Te\u00f3filo Otoni"},"content":{"rendered":"<p>Um candidato a vereador de Te\u00f3filo Otoni, no Vale do Mucuri, foi preso na noite desse s\u00e1bado (10\/09\/2016) ap\u00f3s efetuar um disparo com arma de fogo na Rua Francisco Soares de S\u00e1, no Bairro Gr\u00e3o Par\u00e1. De acordo com o sistema DivulgaCand do Tribunal Superior Eleitoral (TSE), o locutor e comentarista de r\u00e1dio e televis\u00e3o e radialista Roque Saldanha Rosa, de 41 anos, disputa uma vaga na Casa Legislativa do munic\u00edpio pelo PMN (Partido da Mobiliza\u00e7\u00e3o Nacional). A ocorr\u00eancia foi registrada por volta das 22h20. <\/p>\n<p>A Pol\u00edcia Militar (PM) recebeu den\u00fancia atrav\u00e9s do 190 dando conta de que um cidad\u00e3o de blusa xadrez, cal\u00e7a jeans e chap\u00e9u, estava nas proximidades do Supermercado Coelho Diniz e teria efetuado um disparo de arma de fogo em via p\u00fablica. Equipes policiais foram deslocadas para o local, onde visualizaram o candidato transitando pelo endere\u00e7o informado pelo denunciante com um rev\u00f3lver na m\u00e3o direita. <\/p>\n<p><img decoding=\"async\" src=\"http:\/\/aconteceunovale.com.br\/portal\/wp-content\/uploads\/2016\/09\/candidato_a_vereador_teofilo_otoni_1.jpg\" alt=\"\" \/><em>Roque Saldanha e a arma apreendida pela Pol\u00edcia Militar (Foto: Reprodu\u00e7\u00e3o)<\/em><br \/>\n<\/br><\/p>\n<p>De imediato, conforme a PM, Roque Saldanha recebeu v\u00e1rias ordens de parada e para colocar a arma no ch\u00e3o. De acordo com a PM, o candidato teria ignorado e continuou em deslocamento, sendo necess\u00e1rio o uso de t\u00e9cnicas policiais e for\u00e7a moderada para sua conten\u00e7\u00e3o. <\/p>\n<p>Durante a a\u00e7\u00e3o policial, Roque Saldanha veio a sofrer uma queda, que causou um pequeno corte na testa. Conforme a Pol\u00edcia Militar, ele recusou atendimento m\u00e9dico e disse que iria posteriormente por meios pr\u00f3prios. <\/p>\n<p>Diante dos fatos, Roque Saldanha recebeu voz de pris\u00e3o e foi conduzido \u00e0 Delegacia de Plant\u00e3o juntamente com a arma de fogo.<\/p>\n<p><strong>Encaminhado para o pres\u00eddio<\/strong><\/p>\n<p>De acordo com a Pol\u00edcia Civil, ap\u00f3s prestar depoimento, Roque Saldanha foi encaminhado para o pres\u00eddio do munic\u00edpio. Segundo informa\u00e7\u00f5es, al\u00e9m de responder por porte ilegal de arma de fogo e atirar em via p\u00fablica, havia um mandado de pris\u00e3o em aberto em desfavor do autor desde 2014 por n\u00e3o pagar pens\u00e3o aliment\u00edcia no valor de aproximadamente R$ 17.000,00.<\/p>\n<p>At\u00e9 a publica\u00e7\u00e3o desta mat\u00e9ria n\u00e3o conseguimos contato com a defesa do candidato.<\/p>\n<p><img decoding=\"async\" src=\"http:\/\/aconteceunovale.com.br\/portal\/wp-content\/uploads\/2016\/09\/candidato_a_vereador_teofilo_otoni_2.jpg\" alt=\"\" \/><em>Roque Saldanha \u00e9 candidato a vereador em Te\u00f3filo Otoni (Foto: Reprodu\u00e7\u00e3o\/TSE)<\/em><\/p>\n","protected":false},"excerpt":{"rendered":"<p>Um candidato a vereador de Te\u00f3filo Otoni, no Vale do Mucuri, foi preso na noite desse s\u00e1bado (10\/09\/2016) ap\u00f3s efetuar um disparo com arma de fogo na Rua Francisco Soares de S\u00e1, no Bairro Gr\u00e3o Par\u00e1. De acordo com o sistema DivulgaCand do Tribunal Superior Eleitoral (TSE), o locutor e comentarista de r\u00e1dio e televis\u00e3o [&hellip;]<\/p>\n","protected":false},"author":1,"featured_media":96741,"comment_status":"open","ping_status":"closed","sticky":false,"template":"","format":"standard","meta":{"amp_status":"","footnotes":""},"categories":[122],"tags":[114820,114822,114821,1018,114824,114823,114830,114827,114832,114831,114833,114828,114829,114825,114826,164],"class_list":["post-96740","post","type-post","status-publish","format-standard","has-post-thumbnail","hentry","category-mucuri","tag-candidato-a-vereador-e-preso-apos-atirar-em-via-publica-em-teofilo-otoni","tag-candidato-a-vereador-preso-em-teofilo-otoni","tag-candidato-preso-em-teofilo-otoni","tag-destaque","tag-prisao-de-candidato-a-vereador-em-teofilo-otoni","tag-prisao-de-candidato-em-teofilo-otoni","tag-prisao-de-roque-saldanha","tag-prisao-de-roque-saldanha-rosa","tag-prisao-rock-saldanha","tag-rock-saldanha","tag-rock-saldanha-e-preso","tag-roque-saldanha","tag-roque-saldanha-e-preso","tag-roque-saldanha-rosa","tag-roque-saldanha-rosa-e-preso-roque-saldanha-rosa","tag-teofilo-otoni"],"yoast_head":"<!-- This site is optimized with the Yoast SEO plugin v28.3 - https:\/\/yoast.com\/product\/yoast-seo-wordpress\/ -->\n<title>Candidato a vereador \u00e9 preso ap\u00f3s atirar em via p\u00fablica em Te\u00f3filo Otoni - Aconteceu no Vale<\/title>\n<meta name=\"robots\" content=\"index, follow, max-snippet:-1, max-image-preview:large, max-video-preview:-1\" \/>\n<link rel=\"canonical\" href=\"https:\/\/aconteceunovale.com.br\/portal\/?p=96740\" \/>\n<meta property=\"og:locale\" content=\"pt_BR\" \/>\n<meta property=\"og:type\" content=\"article\" \/>\n<meta property=\"og:title\" content=\"Candidato a vereador \u00e9 preso ap\u00f3s atirar em via p\u00fablica em Te\u00f3filo Otoni - Aconteceu no Vale\" \/>\n<meta property=\"og:description\" content=\"Um candidato a vereador de Te\u00f3filo Otoni, no Vale do Mucuri, foi preso na noite desse s\u00e1bado (10\/09\/2016) ap\u00f3s efetuar um disparo com arma de fogo na Rua Francisco Soares de S\u00e1, no Bairro Gr\u00e3o Par\u00e1. De acordo com o sistema DivulgaCand do Tribunal Superior Eleitoral (TSE), o locutor e comentarista de r\u00e1dio e televis\u00e3o [&hellip;]\" \/>\n<meta property=\"og:url\" content=\"https:\/\/aconteceunovale.com.br\/portal\/?p=96740\" \/>\n<meta property=\"og:site_name\" content=\"Aconteceu no Vale\" \/>\n<meta property=\"article:publisher\" content=\"https:\/\/www.facebook.com\/aconteceunovale\/\" \/>\n<meta property=\"article:published_time\" content=\"2016-09-11T22:24:12+00:00\" \/>\n<meta property=\"og:image\" content=\"https:\/\/aconteceunovale.com.br\/portal\/wp-content\/uploads\/2016\/09\/candidato_a_vereador_teofilo_otoni_1.jpg\" \/>\n\t<meta property=\"og:image:width\" content=\"678\" \/>\n\t<meta property=\"og:image:height\" content=\"431\" \/>\n\t<meta property=\"og:image:type\" content=\"image\/jpeg\" \/>\n<meta name=\"author\" content=\"Aconteceu no Vale\" \/>\n<meta name=\"twitter:card\" content=\"summary_large_image\" \/>\n<meta name=\"twitter:creator\" content=\"@noticiadosvales\" \/>\n<meta name=\"twitter:site\" content=\"@noticiadosvales\" \/>\n<meta name=\"twitter:label1\" content=\"Escrito por\" \/>\n\t<meta name=\"twitter:data1\" content=\"Aconteceu no Vale\" \/>\n\t<meta name=\"twitter:label2\" content=\"Est. tempo de leitura\" \/>\n\t<meta name=\"twitter:data2\" content=\"2 minutos\" \/>\n<script type=\"application\/ld+json\" class=\"yoast-schema-graph\">{\"@context\":\"https:\\\/\\\/schema.org\",\"@graph\":[{\"@type\":\"Article\",\"@id\":\"https:\\\/\\\/aconteceunovale.com.br\\\/portal\\\/?p=96740#article\",\"isPartOf\":{\"@id\":\"https:\\\/\\\/aconteceunovale.com.br\\\/portal\\\/?p=96740\"},\"author\":{\"name\":\"Aconteceu no Vale\",\"@id\":\"https:\\\/\\\/aconteceunovale.com.br\\\/portal\\\/#\\\/schema\\\/person\\\/633529146f2c94272bef50ac2953d589\"},\"headline\":\"Candidato a vereador \u00e9 preso ap\u00f3s atirar em via p\u00fablica em Te\u00f3filo Otoni\",\"datePublished\":\"2016-09-11T22:24:12+00:00\",\"mainEntityOfPage\":{\"@id\":\"https:\\\/\\\/aconteceunovale.com.br\\\/portal\\\/?p=96740\"},\"wordCount\":407,\"commentCount\":1,\"image\":{\"@id\":\"https:\\\/\\\/aconteceunovale.com.br\\\/portal\\\/?p=96740#primaryimage\"},\"thumbnailUrl\":\"https:\\\/\\\/aconteceunovale.com.br\\\/portal\\\/wp-content\\\/uploads\\\/2016\\\/09\\\/candidato_a_vereador_teofilo_otoni_1.jpg\",\"keywords\":[\"Candidato a vereador \u00e9 preso ap\u00f3s atirar em via p\u00fablica em Te\u00f3filo Otoni\",\"Candidato a vereador preso em Te\u00f3filo Otoni\",\"Candidato preso em Te\u00f3filo Otoni\",\"destaque\",\"Pris\u00e3o de candidato a vereador em Te\u00f3filo Otoni\",\"Pris\u00e3o de candidato em Te\u00f3filo Otoni\",\"Pris\u00e3o de Roque Saldanha\",\"Pris\u00e3o de Roque Saldanha Rosa\",\"Pris\u00e3o Rock Saldanha\",\"Rock Saldanha\",\"Rock Saldanha \u00e9 preso\",\"Roque Saldanha\",\"Roque Saldanha \u00e9 preso\",\"Roque Saldanha Rosa\",\"Roque Saldanha Rosa \u00e9 preso Roque Saldanha Rosa\",\"Te\u00f3filo Otoni\"],\"articleSection\":[\"Vale do Mucuri\"],\"inLanguage\":\"pt-BR\",\"potentialAction\":[{\"@type\":\"CommentAction\",\"name\":\"Comment\",\"target\":[\"https:\\\/\\\/aconteceunovale.com.br\\\/portal\\\/?p=96740#respond\"]}]},{\"@type\":\"WebPage\",\"@id\":\"https:\\\/\\\/aconteceunovale.com.br\\\/portal\\\/?p=96740\",\"url\":\"https:\\\/\\\/aconteceunovale.com.br\\\/portal\\\/?p=96740\",\"name\":\"Candidato a vereador \u00e9 preso ap\u00f3s atirar em via p\u00fablica em Te\u00f3filo Otoni - Aconteceu no Vale\",\"isPartOf\":{\"@id\":\"https:\\\/\\\/aconteceunovale.com.br\\\/portal\\\/#website\"},\"primaryImageOfPage\":{\"@id\":\"https:\\\/\\\/aconteceunovale.com.br\\\/portal\\\/?p=96740#primaryimage\"},\"image\":{\"@id\":\"https:\\\/\\\/aconteceunovale.com.br\\\/portal\\\/?p=96740#primaryimage\"},\"thumbnailUrl\":\"https:\\\/\\\/aconteceunovale.com.br\\\/portal\\\/wp-content\\\/uploads\\\/2016\\\/09\\\/candidato_a_vereador_teofilo_otoni_1.jpg\",\"datePublished\":\"2016-09-11T22:24:12+00:00\",\"author\":{\"@id\":\"https:\\\/\\\/aconteceunovale.com.br\\\/portal\\\/#\\\/schema\\\/person\\\/633529146f2c94272bef50ac2953d589\"},\"breadcrumb\":{\"@id\":\"https:\\\/\\\/aconteceunovale.com.br\\\/portal\\\/?p=96740#breadcrumb\"},\"inLanguage\":\"pt-BR\",\"potentialAction\":[{\"@type\":\"ReadAction\",\"target\":[\"https:\\\/\\\/aconteceunovale.com.br\\\/portal\\\/?p=96740\"]}]},{\"@type\":\"ImageObject\",\"inLanguage\":\"pt-BR\",\"@id\":\"https:\\\/\\\/aconteceunovale.com.br\\\/portal\\\/?p=96740#primaryimage\",\"url\":\"https:\\\/\\\/aconteceunovale.com.br\\\/portal\\\/wp-content\\\/uploads\\\/2016\\\/09\\\/candidato_a_vereador_teofilo_otoni_1.jpg\",\"contentUrl\":\"https:\\\/\\\/aconteceunovale.com.br\\\/portal\\\/wp-content\\\/uploads\\\/2016\\\/09\\\/candidato_a_vereador_teofilo_otoni_1.jpg\",\"width\":678,\"height\":431},{\"@type\":\"BreadcrumbList\",\"@id\":\"https:\\\/\\\/aconteceunovale.com.br\\\/portal\\\/?p=96740#breadcrumb\",\"itemListElement\":[{\"@type\":\"ListItem\",\"position\":1,\"name\":\"In\u00edcio\",\"item\":\"https:\\\/\\\/aconteceunovale.com.br\\\/portal\\\/\"},{\"@type\":\"ListItem\",\"position\":2,\"name\":\"Candidato a vereador \u00e9 preso ap\u00f3s atirar em via p\u00fablica em Te\u00f3filo Otoni\"}]},{\"@type\":\"WebSite\",\"@id\":\"https:\\\/\\\/aconteceunovale.com.br\\\/portal\\\/#website\",\"url\":\"https:\\\/\\\/aconteceunovale.com.br\\\/portal\\\/\",\"name\":\"Aconteceu no Vale\",\"description\":\"Portal de Not\u00edcias\",\"potentialAction\":[{\"@type\":\"SearchAction\",\"target\":{\"@type\":\"EntryPoint\",\"urlTemplate\":\"https:\\\/\\\/aconteceunovale.com.br\\\/portal\\\/?s={search_term_string}\"},\"query-input\":{\"@type\":\"PropertyValueSpecification\",\"valueRequired\":true,\"valueName\":\"search_term_string\"}}],\"inLanguage\":\"pt-BR\"},{\"@type\":\"Person\",\"@id\":\"https:\\\/\\\/aconteceunovale.com.br\\\/portal\\\/#\\\/schema\\\/person\\\/633529146f2c94272bef50ac2953d589\",\"name\":\"Aconteceu no Vale\",\"description\":\"Equipe de reportagem do Aconteceu no Vale, portal de not\u00edcias do Vale do Jequitinhonha, em Minas Gerais. Cobrimos as 51 cidades do Vale desde 2013. Sugest\u00f5es de pauta e pedidos de corre\u00e7\u00e3o: contato@aconteceunovale.com.br\",\"sameAs\":[\"http:\\\/\\\/www.aconteceunovale.com.br\"],\"url\":\"https:\\\/\\\/aconteceunovale.com.br\\\/portal\\\/?author=1\"}]}<\/script>\n<!-- \/ Yoast SEO plugin. -->","yoast_head_json":{"title":"Candidato a vereador \u00e9 preso ap\u00f3s atirar em via p\u00fablica em Te\u00f3filo Otoni - Aconteceu no Vale","robots":{"index":"index","follow":"follow","max-snippet":"max-snippet:-1","max-image-preview":"max-image-preview:large","max-video-preview":"max-video-preview:-1"},"canonical":"https:\/\/aconteceunovale.com.br\/portal\/?p=96740","og_locale":"pt_BR","og_type":"article","og_title":"Candidato a vereador \u00e9 preso ap\u00f3s atirar em via p\u00fablica em Te\u00f3filo Otoni - Aconteceu no Vale","og_description":"Um candidato a vereador de Te\u00f3filo Otoni, no Vale do Mucuri, foi preso na noite desse s\u00e1bado (10\/09\/2016) ap\u00f3s efetuar um disparo com arma de fogo na Rua Francisco Soares de S\u00e1, no Bairro Gr\u00e3o Par\u00e1. De acordo com o sistema DivulgaCand do Tribunal Superior Eleitoral (TSE), o locutor e comentarista de r\u00e1dio e televis\u00e3o [&hellip;]","og_url":"https:\/\/aconteceunovale.com.br\/portal\/?p=96740","og_site_name":"Aconteceu no Vale","article_publisher":"https:\/\/www.facebook.com\/aconteceunovale\/","article_published_time":"2016-09-11T22:24:12+00:00","og_image":[{"width":678,"height":431,"url":"https:\/\/aconteceunovale.com.br\/portal\/wp-content\/uploads\/2016\/09\/candidato_a_vereador_teofilo_otoni_1.jpg","type":"image\/jpeg"}],"author":"Aconteceu no Vale","twitter_card":"summary_large_image","twitter_creator":"@noticiadosvales","twitter_site":"@noticiadosvales","twitter_misc":{"Escrito por":"Aconteceu no Vale","Est. tempo de leitura":"2 minutos"},"schema":{"@context":"https:\/\/schema.org","@graph":[{"@type":"Article","@id":"https:\/\/aconteceunovale.com.br\/portal\/?p=96740#article","isPartOf":{"@id":"https:\/\/aconteceunovale.com.br\/portal\/?p=96740"},"author":{"name":"Aconteceu no Vale","@id":"https:\/\/aconteceunovale.com.br\/portal\/#\/schema\/person\/633529146f2c94272bef50ac2953d589"},"headline":"Candidato a vereador \u00e9 preso ap\u00f3s atirar em via p\u00fablica em Te\u00f3filo Otoni","datePublished":"2016-09-11T22:24:12+00:00","mainEntityOfPage":{"@id":"https:\/\/aconteceunovale.com.br\/portal\/?p=96740"},"wordCount":407,"commentCount":1,"image":{"@id":"https:\/\/aconteceunovale.com.br\/portal\/?p=96740#primaryimage"},"thumbnailUrl":"https:\/\/aconteceunovale.com.br\/portal\/wp-content\/uploads\/2016\/09\/candidato_a_vereador_teofilo_otoni_1.jpg","keywords":["Candidato a vereador \u00e9 preso ap\u00f3s atirar em via p\u00fablica em Te\u00f3filo Otoni","Candidato a vereador preso em Te\u00f3filo Otoni","Candidato preso em Te\u00f3filo Otoni","destaque","Pris\u00e3o de candidato a vereador em Te\u00f3filo Otoni","Pris\u00e3o de candidato em Te\u00f3filo Otoni","Pris\u00e3o de Roque Saldanha","Pris\u00e3o de Roque Saldanha Rosa","Pris\u00e3o Rock Saldanha","Rock Saldanha","Rock Saldanha \u00e9 preso","Roque Saldanha","Roque Saldanha \u00e9 preso","Roque Saldanha Rosa","Roque Saldanha Rosa \u00e9 preso Roque Saldanha Rosa","Te\u00f3filo Otoni"],"articleSection":["Vale do Mucuri"],"inLanguage":"pt-BR","potentialAction":[{"@type":"CommentAction","name":"Comment","target":["https:\/\/aconteceunovale.com.br\/portal\/?p=96740#respond"]}]},{"@type":"WebPage","@id":"https:\/\/aconteceunovale.com.br\/portal\/?p=96740","url":"https:\/\/aconteceunovale.com.br\/portal\/?p=96740","name":"Candidato a vereador \u00e9 preso ap\u00f3s atirar em via p\u00fablica em Te\u00f3filo Otoni - Aconteceu no Vale","isPartOf":{"@id":"https:\/\/aconteceunovale.com.br\/portal\/#website"},"primaryImageOfPage":{"@id":"https:\/\/aconteceunovale.com.br\/portal\/?p=96740#primaryimage"},"image":{"@id":"https:\/\/aconteceunovale.com.br\/portal\/?p=96740#primaryimage"},"thumbnailUrl":"https:\/\/aconteceunovale.com.br\/portal\/wp-content\/uploads\/2016\/09\/candidato_a_vereador_teofilo_otoni_1.jpg","datePublished":"2016-09-11T22:24:12+00:00","author":{"@id":"https:\/\/aconteceunovale.com.br\/portal\/#\/schema\/person\/633529146f2c94272bef50ac2953d589"},"breadcrumb":{"@id":"https:\/\/aconteceunovale.com.br\/portal\/?p=96740#breadcrumb"},"inLanguage":"pt-BR","potentialAction":[{"@type":"ReadAction","target":["https:\/\/aconteceunovale.com.br\/portal\/?p=96740"]}]},{"@type":"ImageObject","inLanguage":"pt-BR","@id":"https:\/\/aconteceunovale.com.br\/portal\/?p=96740#primaryimage","url":"https:\/\/aconteceunovale.com.br\/portal\/wp-content\/uploads\/2016\/09\/candidato_a_vereador_teofilo_otoni_1.jpg","contentUrl":"https:\/\/aconteceunovale.com.br\/portal\/wp-content\/uploads\/2016\/09\/candidato_a_vereador_teofilo_otoni_1.jpg","width":678,"height":431},{"@type":"BreadcrumbList","@id":"https:\/\/aconteceunovale.com.br\/portal\/?p=96740#breadcrumb","itemListElement":[{"@type":"ListItem","position":1,"name":"In\u00edcio","item":"https:\/\/aconteceunovale.com.br\/portal\/"},{"@type":"ListItem","position":2,"name":"Candidato a vereador \u00e9 preso ap\u00f3s atirar em via p\u00fablica em Te\u00f3filo Otoni"}]},{"@type":"WebSite","@id":"https:\/\/aconteceunovale.com.br\/portal\/#website","url":"https:\/\/aconteceunovale.com.br\/portal\/","name":"Aconteceu no Vale","description":"Portal de Not\u00edcias","potentialAction":[{"@type":"SearchAction","target":{"@type":"EntryPoint","urlTemplate":"https:\/\/aconteceunovale.com.br\/portal\/?s={search_term_string}"},"query-input":{"@type":"PropertyValueSpecification","valueRequired":true,"valueName":"search_term_string"}}],"inLanguage":"pt-BR"},{"@type":"Person","@id":"https:\/\/aconteceunovale.com.br\/portal\/#\/schema\/person\/633529146f2c94272bef50ac2953d589","name":"Aconteceu no Vale","description":"Equipe de reportagem do Aconteceu no Vale, portal de not\u00edcias do Vale do Jequitinhonha, em Minas Gerais. Cobrimos as 51 cidades do Vale desde 2013. Sugest\u00f5es de pauta e pedidos de corre\u00e7\u00e3o: contato@aconteceunovale.com.br","sameAs":["http:\/\/www.aconteceunovale.com.br"],"url":"https:\/\/aconteceunovale.com.br\/portal\/?author=1"}]}},"_links":{"self":[{"href":"https:\/\/aconteceunovale.com.br\/portal\/index.php?rest_route=\/wp\/v2\/posts\/96740","targetHints":{"allow":["GET"]}}],"collection":[{"href":"https:\/\/aconteceunovale.com.br\/portal\/index.php?rest_route=\/wp\/v2\/posts"}],"about":[{"href":"https:\/\/aconteceunovale.com.br\/portal\/index.php?rest_route=\/wp\/v2\/types\/post"}],"author":[{"embeddable":true,"href":"https:\/\/aconteceunovale.com.br\/portal\/index.php?rest_route=\/wp\/v2\/users\/1"}],"replies":[{"embeddable":true,"href":"https:\/\/aconteceunovale.com.br\/portal\/index.php?rest_route=%2Fwp%2Fv2%2Fcomments&post=96740"}],"version-history":[{"count":0,"href":"https:\/\/aconteceunovale.com.br\/portal\/index.php?rest_route=\/wp\/v2\/posts\/96740\/revisions"}],"wp:featuredmedia":[{"embeddable":true,"href":"https:\/\/aconteceunovale.com.br\/portal\/index.php?rest_route=\/wp\/v2\/media\/96741"}],"wp:attachment":[{"href":"https:\/\/aconteceunovale.com.br\/portal\/index.php?rest_route=%2Fwp%2Fv2%2Fmedia&parent=96740"}],"wp:term":[{"taxonomy":"category","embeddable":true,"href":"https:\/\/aconteceunovale.com.br\/portal\/index.php?rest_route=%2Fwp%2Fv2%2Fcategories&post=96740"},{"taxonomy":"post_tag","embeddable":true,"href":"https:\/\/aconteceunovale.com.br\/portal\/index.php?rest_route=%2Fwp%2Fv2%2Ftags&post=96740"}],"curies":[{"name":"wp","href":"https:\/\/api.w.org\/{rel}","templated":true}]}}