{"id":96732,"date":"2016-09-11T17:49:52","date_gmt":"2016-09-11T20:49:52","guid":{"rendered":"http:\/\/aconteceunovale.com.br\/portal\/?p=96732"},"modified":"2016-09-11T17:49:52","modified_gmt":"2016-09-11T20:49:52","slug":"depois-de-dez-meses-feijao-registra-primeira-queda-de-preco","status":"publish","type":"post","link":"https:\/\/aconteceunovale.com.br\/portal\/?p=96732","title":{"rendered":"Depois de dez meses, feij\u00e3o registra primeira queda de pre\u00e7o"},"content":{"rendered":"<p>Depois de dez meses em alta, o feij\u00e3o-carioca registrou a primeira queda de pre\u00e7os e colaborou para a desacelera\u00e7\u00e3o do \u00cdndice de Pre\u00e7os ao Consumidor Amplo (IPCA). De acordo com a pesquisa, o produto ficou 5,60% mais barato na passagem de julho para agosto. Os dados foram divulgados pelo Instituto Brasileiro de Geografia e Estat\u00edstica (IBGE) na sexta-feira (09\/09\/2016), e a melhora do pre\u00e7o do feij\u00e3o, entre outros fatores, pode ter sido determinada pela recupera\u00e7\u00e3o da produ\u00e7\u00e3o e pelo aumento das importa\u00e7\u00f5es.<\/p>\n<p>Apesar do desempenho favor\u00e1vel no per\u00edodo, essa primeira redu\u00e7\u00e3o ainda n\u00e3o foi suficiente para reverter toda a alta registrada no ano, que chega a 136,57%. No decorrer dos pr\u00f3ximos meses, no entanto, esse pre\u00e7o tende a se normalizar.<\/p>\n<p>Esse desempenho do feij\u00e3o no m\u00eas ainda teve repercuss\u00f5es favor\u00e1veis para o custo de vida como um todo, e o produto exerceu forte influ\u00eancia sobre o IPCA. De julho para agosto, o indicador passou de 0,52% para 0,44%.<\/p>\n<p><strong>Melhora na infla\u00e7\u00e3o dos alimentos<\/strong><\/p>\n<p>O grupo de produtos Alimenta\u00e7\u00e3o e bebidas foi o que apresentou maior influ\u00eancia ao desacelerar de 1,32%, em julho, para 0,30%, em agosto. Al\u00e9m da influ\u00eancia favor\u00e1vel vinda do feij\u00e3o-carioca, outros itens ficaram mais baratos no m\u00eas.<\/p>\n<p>A lista segue com cebola (-18,46%), hortali\u00e7as (-8,81%), batata-inglesa (-8,00%), cenoura (-5,67%), alho (-5,10%), \u00f3leo de soja (-1,91%), p\u00e3o doce (-1,38%), carnes (-0,86%) e pescados (-0,61%).<\/p>\n<p>Al\u00e9m dos alimentos, outros itens apresentaram redu\u00e7\u00e3o de pre\u00e7os, como utens\u00edlios de metal (-1,31%), vestido infantil (-1,26%), aparelho eletr\u00f4nico (-0,97%), telha (-0,80%), sapato masculino (-0,58%) e energia el\u00e9trica residencial (-0,13%).<\/p>\n<p><em>(Fonte: Portal Brasil)<\/em><\/p>\n","protected":false},"excerpt":{"rendered":"<p>Depois de dez meses em alta, o feij\u00e3o-carioca registrou a primeira queda de pre\u00e7os e colaborou para a desacelera\u00e7\u00e3o do \u00cdndice de Pre\u00e7os ao Consumidor Amplo (IPCA). De acordo com a pesquisa, o produto ficou 5,60% mais barato na passagem de julho para agosto. Os dados foram divulgados pelo Instituto Brasileiro de Geografia e Estat\u00edstica [&hellip;]<\/p>\n","protected":false},"author":1,"featured_media":92503,"comment_status":"open","ping_status":"closed","sticky":false,"template":"","format":"standard","meta":{"amp_status":"","footnotes":""},"categories":[6],"tags":[19799,114800,1018,59737,101355,114801,6116,13319,99041,114803,114802],"class_list":["post-96732","post","type-post","status-publish","format-standard","has-post-thumbnail","hentry","category-br","tag-consumidor","tag-depois-de-dez-meses","tag-destaque","tag-feijao","tag-feijao-carioca","tag-feijao-registra-primeira-queda-de-preco","tag-inflacao","tag-ipca","tag-preco-do-feijao","tag-queda-preco-do-feijao","tag-reducao-preco-do-feijao"],"yoast_head":"<!-- This site is optimized with the Yoast SEO plugin v28.3 - https:\/\/yoast.com\/product\/yoast-seo-wordpress\/ -->\n<title>Depois de dez meses, feij\u00e3o registra primeira queda de pre\u00e7o - Aconteceu no Vale<\/title>\n<meta name=\"robots\" content=\"index, follow, max-snippet:-1, max-image-preview:large, max-video-preview:-1\" \/>\n<link rel=\"canonical\" href=\"https:\/\/aconteceunovale.com.br\/portal\/?p=96732\" \/>\n<meta property=\"og:locale\" content=\"pt_BR\" \/>\n<meta property=\"og:type\" content=\"article\" \/>\n<meta property=\"og:title\" content=\"Depois de dez meses, feij\u00e3o registra primeira queda de pre\u00e7o - Aconteceu no Vale\" \/>\n<meta property=\"og:description\" content=\"Depois de dez meses em alta, o feij\u00e3o-carioca registrou a primeira queda de pre\u00e7os e colaborou para a desacelera\u00e7\u00e3o do \u00cdndice de Pre\u00e7os ao Consumidor Amplo (IPCA). De acordo com a pesquisa, o produto ficou 5,60% mais barato na passagem de julho para agosto. Os dados foram divulgados pelo Instituto Brasileiro de Geografia e Estat\u00edstica [&hellip;]\" \/>\n<meta property=\"og:url\" content=\"https:\/\/aconteceunovale.com.br\/portal\/?p=96732\" \/>\n<meta property=\"og:site_name\" content=\"Aconteceu no Vale\" \/>\n<meta property=\"article:publisher\" content=\"https:\/\/www.facebook.com\/aconteceunovale\/\" \/>\n<meta property=\"article:published_time\" content=\"2016-09-11T20:49:52+00:00\" \/>\n<meta property=\"og:image\" content=\"https:\/\/aconteceunovale.com.br\/portal\/wp-content\/uploads\/2016\/07\/feijao.jpg\" \/>\n\t<meta property=\"og:image:width\" content=\"500\" \/>\n\t<meta property=\"og:image:height\" content=\"311\" \/>\n\t<meta property=\"og:image:type\" content=\"image\/jpeg\" \/>\n<meta name=\"author\" content=\"Aconteceu no Vale\" \/>\n<meta name=\"twitter:card\" content=\"summary_large_image\" \/>\n<meta name=\"twitter:creator\" content=\"@noticiadosvales\" \/>\n<meta name=\"twitter:site\" content=\"@noticiadosvales\" \/>\n<meta name=\"twitter:label1\" content=\"Escrito por\" \/>\n\t<meta name=\"twitter:data1\" content=\"Aconteceu no Vale\" \/>\n\t<meta name=\"twitter:label2\" content=\"Est. tempo de leitura\" \/>\n\t<meta name=\"twitter:data2\" content=\"1 minuto\" \/>\n<script type=\"application\/ld+json\" class=\"yoast-schema-graph\">{\"@context\":\"https:\\\/\\\/schema.org\",\"@graph\":[{\"@type\":\"Article\",\"@id\":\"https:\\\/\\\/aconteceunovale.com.br\\\/portal\\\/?p=96732#article\",\"isPartOf\":{\"@id\":\"https:\\\/\\\/aconteceunovale.com.br\\\/portal\\\/?p=96732\"},\"author\":{\"name\":\"Aconteceu no Vale\",\"@id\":\"https:\\\/\\\/aconteceunovale.com.br\\\/portal\\\/#\\\/schema\\\/person\\\/633529146f2c94272bef50ac2953d589\"},\"headline\":\"Depois de dez meses, feij\u00e3o registra primeira queda de pre\u00e7o\",\"datePublished\":\"2016-09-11T20:49:52+00:00\",\"mainEntityOfPage\":{\"@id\":\"https:\\\/\\\/aconteceunovale.com.br\\\/portal\\\/?p=96732\"},\"wordCount\":301,\"commentCount\":0,\"image\":{\"@id\":\"https:\\\/\\\/aconteceunovale.com.br\\\/portal\\\/?p=96732#primaryimage\"},\"thumbnailUrl\":\"https:\\\/\\\/aconteceunovale.com.br\\\/portal\\\/wp-content\\\/uploads\\\/2016\\\/07\\\/feijao.jpg\",\"keywords\":[\"consumidor\",\"Depois de dez meses\",\"destaque\",\"feij\u00e3o\",\"feij\u00e3o carioca\",\"feij\u00e3o registra primeira queda de pre\u00e7o\",\"infla\u00e7\u00e3o\",\"IPCA\",\"Pre\u00e7o do feij\u00e3o\",\"queda pre\u00e7o do feij\u00e3o\",\"redu\u00e7\u00e3o pre\u00e7o do feij\u00e3o\"],\"articleSection\":[\"Brasil\"],\"inLanguage\":\"pt-BR\",\"potentialAction\":[{\"@type\":\"CommentAction\",\"name\":\"Comment\",\"target\":[\"https:\\\/\\\/aconteceunovale.com.br\\\/portal\\\/?p=96732#respond\"]}]},{\"@type\":\"WebPage\",\"@id\":\"https:\\\/\\\/aconteceunovale.com.br\\\/portal\\\/?p=96732\",\"url\":\"https:\\\/\\\/aconteceunovale.com.br\\\/portal\\\/?p=96732\",\"name\":\"Depois de dez meses, feij\u00e3o registra primeira queda de pre\u00e7o - Aconteceu no Vale\",\"isPartOf\":{\"@id\":\"https:\\\/\\\/aconteceunovale.com.br\\\/portal\\\/#website\"},\"primaryImageOfPage\":{\"@id\":\"https:\\\/\\\/aconteceunovale.com.br\\\/portal\\\/?p=96732#primaryimage\"},\"image\":{\"@id\":\"https:\\\/\\\/aconteceunovale.com.br\\\/portal\\\/?p=96732#primaryimage\"},\"thumbnailUrl\":\"https:\\\/\\\/aconteceunovale.com.br\\\/portal\\\/wp-content\\\/uploads\\\/2016\\\/07\\\/feijao.jpg\",\"datePublished\":\"2016-09-11T20:49:52+00:00\",\"author\":{\"@id\":\"https:\\\/\\\/aconteceunovale.com.br\\\/portal\\\/#\\\/schema\\\/person\\\/633529146f2c94272bef50ac2953d589\"},\"breadcrumb\":{\"@id\":\"https:\\\/\\\/aconteceunovale.com.br\\\/portal\\\/?p=96732#breadcrumb\"},\"inLanguage\":\"pt-BR\",\"potentialAction\":[{\"@type\":\"ReadAction\",\"target\":[\"https:\\\/\\\/aconteceunovale.com.br\\\/portal\\\/?p=96732\"]}]},{\"@type\":\"ImageObject\",\"inLanguage\":\"pt-BR\",\"@id\":\"https:\\\/\\\/aconteceunovale.com.br\\\/portal\\\/?p=96732#primaryimage\",\"url\":\"https:\\\/\\\/aconteceunovale.com.br\\\/portal\\\/wp-content\\\/uploads\\\/2016\\\/07\\\/feijao.jpg\",\"contentUrl\":\"https:\\\/\\\/aconteceunovale.com.br\\\/portal\\\/wp-content\\\/uploads\\\/2016\\\/07\\\/feijao.jpg\",\"width\":500,\"height\":311},{\"@type\":\"BreadcrumbList\",\"@id\":\"https:\\\/\\\/aconteceunovale.com.br\\\/portal\\\/?p=96732#breadcrumb\",\"itemListElement\":[{\"@type\":\"ListItem\",\"position\":1,\"name\":\"In\u00edcio\",\"item\":\"https:\\\/\\\/aconteceunovale.com.br\\\/portal\\\/\"},{\"@type\":\"ListItem\",\"position\":2,\"name\":\"Depois de dez meses, feij\u00e3o registra primeira queda de pre\u00e7o\"}]},{\"@type\":\"WebSite\",\"@id\":\"https:\\\/\\\/aconteceunovale.com.br\\\/portal\\\/#website\",\"url\":\"https:\\\/\\\/aconteceunovale.com.br\\\/portal\\\/\",\"name\":\"Aconteceu no Vale\",\"description\":\"Portal de Not\u00edcias\",\"potentialAction\":[{\"@type\":\"SearchAction\",\"target\":{\"@type\":\"EntryPoint\",\"urlTemplate\":\"https:\\\/\\\/aconteceunovale.com.br\\\/portal\\\/?s={search_term_string}\"},\"query-input\":{\"@type\":\"PropertyValueSpecification\",\"valueRequired\":true,\"valueName\":\"search_term_string\"}}],\"inLanguage\":\"pt-BR\"},{\"@type\":\"Person\",\"@id\":\"https:\\\/\\\/aconteceunovale.com.br\\\/portal\\\/#\\\/schema\\\/person\\\/633529146f2c94272bef50ac2953d589\",\"name\":\"Aconteceu no Vale\",\"description\":\"Equipe de reportagem do Aconteceu no Vale, portal de not\u00edcias do Vale do Jequitinhonha, em Minas Gerais. Cobrimos as 51 cidades do Vale desde 2013. Sugest\u00f5es de pauta e pedidos de corre\u00e7\u00e3o: contato@aconteceunovale.com.br\",\"sameAs\":[\"http:\\\/\\\/www.aconteceunovale.com.br\"],\"url\":\"https:\\\/\\\/aconteceunovale.com.br\\\/portal\\\/?author=1\"}]}<\/script>\n<!-- \/ Yoast SEO plugin. -->","yoast_head_json":{"title":"Depois de dez meses, feij\u00e3o registra primeira queda de pre\u00e7o - Aconteceu no Vale","robots":{"index":"index","follow":"follow","max-snippet":"max-snippet:-1","max-image-preview":"max-image-preview:large","max-video-preview":"max-video-preview:-1"},"canonical":"https:\/\/aconteceunovale.com.br\/portal\/?p=96732","og_locale":"pt_BR","og_type":"article","og_title":"Depois de dez meses, feij\u00e3o registra primeira queda de pre\u00e7o - Aconteceu no Vale","og_description":"Depois de dez meses em alta, o feij\u00e3o-carioca registrou a primeira queda de pre\u00e7os e colaborou para a desacelera\u00e7\u00e3o do \u00cdndice de Pre\u00e7os ao Consumidor Amplo (IPCA). De acordo com a pesquisa, o produto ficou 5,60% mais barato na passagem de julho para agosto. Os dados foram divulgados pelo Instituto Brasileiro de Geografia e Estat\u00edstica [&hellip;]","og_url":"https:\/\/aconteceunovale.com.br\/portal\/?p=96732","og_site_name":"Aconteceu no Vale","article_publisher":"https:\/\/www.facebook.com\/aconteceunovale\/","article_published_time":"2016-09-11T20:49:52+00:00","og_image":[{"width":500,"height":311,"url":"https:\/\/aconteceunovale.com.br\/portal\/wp-content\/uploads\/2016\/07\/feijao.jpg","type":"image\/jpeg"}],"author":"Aconteceu no Vale","twitter_card":"summary_large_image","twitter_creator":"@noticiadosvales","twitter_site":"@noticiadosvales","twitter_misc":{"Escrito por":"Aconteceu no Vale","Est. tempo de leitura":"1 minuto"},"schema":{"@context":"https:\/\/schema.org","@graph":[{"@type":"Article","@id":"https:\/\/aconteceunovale.com.br\/portal\/?p=96732#article","isPartOf":{"@id":"https:\/\/aconteceunovale.com.br\/portal\/?p=96732"},"author":{"name":"Aconteceu no Vale","@id":"https:\/\/aconteceunovale.com.br\/portal\/#\/schema\/person\/633529146f2c94272bef50ac2953d589"},"headline":"Depois de dez meses, feij\u00e3o registra primeira queda de pre\u00e7o","datePublished":"2016-09-11T20:49:52+00:00","mainEntityOfPage":{"@id":"https:\/\/aconteceunovale.com.br\/portal\/?p=96732"},"wordCount":301,"commentCount":0,"image":{"@id":"https:\/\/aconteceunovale.com.br\/portal\/?p=96732#primaryimage"},"thumbnailUrl":"https:\/\/aconteceunovale.com.br\/portal\/wp-content\/uploads\/2016\/07\/feijao.jpg","keywords":["consumidor","Depois de dez meses","destaque","feij\u00e3o","feij\u00e3o carioca","feij\u00e3o registra primeira queda de pre\u00e7o","infla\u00e7\u00e3o","IPCA","Pre\u00e7o do feij\u00e3o","queda pre\u00e7o do feij\u00e3o","redu\u00e7\u00e3o pre\u00e7o do feij\u00e3o"],"articleSection":["Brasil"],"inLanguage":"pt-BR","potentialAction":[{"@type":"CommentAction","name":"Comment","target":["https:\/\/aconteceunovale.com.br\/portal\/?p=96732#respond"]}]},{"@type":"WebPage","@id":"https:\/\/aconteceunovale.com.br\/portal\/?p=96732","url":"https:\/\/aconteceunovale.com.br\/portal\/?p=96732","name":"Depois de dez meses, feij\u00e3o registra primeira queda de pre\u00e7o - Aconteceu no Vale","isPartOf":{"@id":"https:\/\/aconteceunovale.com.br\/portal\/#website"},"primaryImageOfPage":{"@id":"https:\/\/aconteceunovale.com.br\/portal\/?p=96732#primaryimage"},"image":{"@id":"https:\/\/aconteceunovale.com.br\/portal\/?p=96732#primaryimage"},"thumbnailUrl":"https:\/\/aconteceunovale.com.br\/portal\/wp-content\/uploads\/2016\/07\/feijao.jpg","datePublished":"2016-09-11T20:49:52+00:00","author":{"@id":"https:\/\/aconteceunovale.com.br\/portal\/#\/schema\/person\/633529146f2c94272bef50ac2953d589"},"breadcrumb":{"@id":"https:\/\/aconteceunovale.com.br\/portal\/?p=96732#breadcrumb"},"inLanguage":"pt-BR","potentialAction":[{"@type":"ReadAction","target":["https:\/\/aconteceunovale.com.br\/portal\/?p=96732"]}]},{"@type":"ImageObject","inLanguage":"pt-BR","@id":"https:\/\/aconteceunovale.com.br\/portal\/?p=96732#primaryimage","url":"https:\/\/aconteceunovale.com.br\/portal\/wp-content\/uploads\/2016\/07\/feijao.jpg","contentUrl":"https:\/\/aconteceunovale.com.br\/portal\/wp-content\/uploads\/2016\/07\/feijao.jpg","width":500,"height":311},{"@type":"BreadcrumbList","@id":"https:\/\/aconteceunovale.com.br\/portal\/?p=96732#breadcrumb","itemListElement":[{"@type":"ListItem","position":1,"name":"In\u00edcio","item":"https:\/\/aconteceunovale.com.br\/portal\/"},{"@type":"ListItem","position":2,"name":"Depois de dez meses, feij\u00e3o registra primeira queda de pre\u00e7o"}]},{"@type":"WebSite","@id":"https:\/\/aconteceunovale.com.br\/portal\/#website","url":"https:\/\/aconteceunovale.com.br\/portal\/","name":"Aconteceu no Vale","description":"Portal de Not\u00edcias","potentialAction":[{"@type":"SearchAction","target":{"@type":"EntryPoint","urlTemplate":"https:\/\/aconteceunovale.com.br\/portal\/?s={search_term_string}"},"query-input":{"@type":"PropertyValueSpecification","valueRequired":true,"valueName":"search_term_string"}}],"inLanguage":"pt-BR"},{"@type":"Person","@id":"https:\/\/aconteceunovale.com.br\/portal\/#\/schema\/person\/633529146f2c94272bef50ac2953d589","name":"Aconteceu no Vale","description":"Equipe de reportagem do Aconteceu no Vale, portal de not\u00edcias do Vale do Jequitinhonha, em Minas Gerais. Cobrimos as 51 cidades do Vale desde 2013. Sugest\u00f5es de pauta e pedidos de corre\u00e7\u00e3o: contato@aconteceunovale.com.br","sameAs":["http:\/\/www.aconteceunovale.com.br"],"url":"https:\/\/aconteceunovale.com.br\/portal\/?author=1"}]}},"_links":{"self":[{"href":"https:\/\/aconteceunovale.com.br\/portal\/index.php?rest_route=\/wp\/v2\/posts\/96732","targetHints":{"allow":["GET"]}}],"collection":[{"href":"https:\/\/aconteceunovale.com.br\/portal\/index.php?rest_route=\/wp\/v2\/posts"}],"about":[{"href":"https:\/\/aconteceunovale.com.br\/portal\/index.php?rest_route=\/wp\/v2\/types\/post"}],"author":[{"embeddable":true,"href":"https:\/\/aconteceunovale.com.br\/portal\/index.php?rest_route=\/wp\/v2\/users\/1"}],"replies":[{"embeddable":true,"href":"https:\/\/aconteceunovale.com.br\/portal\/index.php?rest_route=%2Fwp%2Fv2%2Fcomments&post=96732"}],"version-history":[{"count":0,"href":"https:\/\/aconteceunovale.com.br\/portal\/index.php?rest_route=\/wp\/v2\/posts\/96732\/revisions"}],"wp:featuredmedia":[{"embeddable":true,"href":"https:\/\/aconteceunovale.com.br\/portal\/index.php?rest_route=\/wp\/v2\/media\/92503"}],"wp:attachment":[{"href":"https:\/\/aconteceunovale.com.br\/portal\/index.php?rest_route=%2Fwp%2Fv2%2Fmedia&parent=96732"}],"wp:term":[{"taxonomy":"category","embeddable":true,"href":"https:\/\/aconteceunovale.com.br\/portal\/index.php?rest_route=%2Fwp%2Fv2%2Fcategories&post=96732"},{"taxonomy":"post_tag","embeddable":true,"href":"https:\/\/aconteceunovale.com.br\/portal\/index.php?rest_route=%2Fwp%2Fv2%2Ftags&post=96732"}],"curies":[{"name":"wp","href":"https:\/\/api.w.org\/{rel}","templated":true}]}}