{"id":96729,"date":"2016-09-11T17:46:10","date_gmt":"2016-09-11T20:46:10","guid":{"rendered":"http:\/\/aconteceunovale.com.br\/portal\/?p=96729"},"modified":"2016-09-11T17:46:10","modified_gmt":"2016-09-11T20:46:10","slug":"producao-industrial-cresce-em-minas-gerais-diz-ibge","status":"publish","type":"post","link":"https:\/\/aconteceunovale.com.br\/portal\/?p=96729","title":{"rendered":"Produ\u00e7\u00e3o industrial cresce em Minas Gerais, diz IBGE"},"content":{"rendered":"<p>A produ\u00e7\u00e3o industrial registrou crescimento em seis de 14 locais observados na compara\u00e7\u00e3o de julho com igual m\u00eas do ano passado. Os dados s\u00e3o do Instituto Brasileiro de Geografia e Estat\u00edstica (IBGE) e foram divulgados na sexta-feira (09\/09\/2016). O desempenho mais expressivo do per\u00edodo foi o de Pernambuco, com alta de 3,9%. Tamb\u00e9m apresentaram desempenho positivo Paran\u00e1 (2,6%), Esp\u00edrito Santo (2,3%), S\u00e3o Paulo (1,6%), Minas Gerais (1,1%) e Cear\u00e1 (0,4%).<\/p>\n<p>De acordo com o IBGE, uma compara\u00e7\u00e3o que mostra a evolu\u00e7\u00e3o da ind\u00fastria \u00e9 m\u00e9dia m\u00f3vel trimestral. Nos tr\u00eas meses encerrados, em julho houve crescimento de 0,6%; em junho esse desempenho foi positivo em 0,7%; e em maio, 0,8%.<\/p>\n<p><strong>Produ\u00e7\u00e3o industrial no trimestre<\/strong><\/p>\n<p>Ainda nesse tipo de compara\u00e7\u00e3o trimestral, dez locais mostraram taxas positivas, com destaque para os avan\u00e7os no Amazonas (4,1%), Pernambuco (1,8%), Paran\u00e1 (1,5%), Rio de Janeiro (1,1%), Santa Catarina (1,0%), Cear\u00e1 (1,0%) e S\u00e3o Paulo (0,8%).<\/p>\n<p><img decoding=\"async\" src=\"http:\/\/aconteceunovale.com.br\/portal\/wp-content\/uploads\/2016\/09\/producao_industrial.jpeg\" alt=\"\" \/><em>Na compara\u00e7\u00e3o trimestral, houve crescimento de 0,6% (Foto: David Alves\/Pal\u00e1cio Piratini)<\/em><br \/>\n<\/br><\/p>\n<p><em>(Fonte: Portal Brasil)<\/em><\/p>\n","protected":false},"excerpt":{"rendered":"<p>A produ\u00e7\u00e3o industrial registrou crescimento em seis de 14 locais observados na compara\u00e7\u00e3o de julho com igual m\u00eas do ano passado. Os dados s\u00e3o do Instituto Brasileiro de Geografia e Estat\u00edstica (IBGE) e foram divulgados na sexta-feira (09\/09\/2016). O desempenho mais expressivo do per\u00edodo foi o de Pernambuco, com alta de 3,9%. Tamb\u00e9m apresentaram desempenho [&hellip;]<\/p>\n","protected":false},"author":1,"featured_media":96730,"comment_status":"open","ping_status":"closed","sticky":false,"template":"","format":"standard","meta":{"amp_status":"","footnotes":""},"categories":[6,123],"tags":[11469,4484,18918,1062,131,18373,12300,109668,114799,109670,2382],"class_list":["post-96729","post","type-post","status-publish","format-standard","has-post-thumbnail","hentry","category-br","category-gerais","tag-ceara","tag-espirito-santo","tag-estados","tag-ibge","tag-minas-gerais","tag-parana","tag-pernambuco","tag-producao-industrial","tag-producao-industrial-cresce-em-minas-gerais","tag-producao-industrial-em-minas-gerais","tag-sao-paulo"],"_links":{"self":[{"href":"https:\/\/aconteceunovale.com.br\/portal\/index.php?rest_route=\/wp\/v2\/posts\/96729","targetHints":{"allow":["GET"]}}],"collection":[{"href":"https:\/\/aconteceunovale.com.br\/portal\/index.php?rest_route=\/wp\/v2\/posts"}],"about":[{"href":"https:\/\/aconteceunovale.com.br\/portal\/index.php?rest_route=\/wp\/v2\/types\/post"}],"author":[{"embeddable":true,"href":"https:\/\/aconteceunovale.com.br\/portal\/index.php?rest_route=\/wp\/v2\/users\/1"}],"replies":[{"embeddable":true,"href":"https:\/\/aconteceunovale.com.br\/portal\/index.php?rest_route=%2Fwp%2Fv2%2Fcomments&post=96729"}],"version-history":[{"count":0,"href":"https:\/\/aconteceunovale.com.br\/portal\/index.php?rest_route=\/wp\/v2\/posts\/96729\/revisions"}],"wp:featuredmedia":[{"embeddable":true,"href":"https:\/\/aconteceunovale.com.br\/portal\/index.php?rest_route=\/wp\/v2\/media\/96730"}],"wp:attachment":[{"href":"https:\/\/aconteceunovale.com.br\/portal\/index.php?rest_route=%2Fwp%2Fv2%2Fmedia&parent=96729"}],"wp:term":[{"taxonomy":"category","embeddable":true,"href":"https:\/\/aconteceunovale.com.br\/portal\/index.php?rest_route=%2Fwp%2Fv2%2Fcategories&post=96729"},{"taxonomy":"post_tag","embeddable":true,"href":"https:\/\/aconteceunovale.com.br\/portal\/index.php?rest_route=%2Fwp%2Fv2%2Ftags&post=96729"}],"curies":[{"name":"wp","href":"https:\/\/api.w.org\/{rel}","templated":true}]}}