{"id":96703,"date":"2016-09-11T17:06:20","date_gmt":"2016-09-11T20:06:20","guid":{"rendered":"http:\/\/aconteceunovale.com.br\/portal\/?p=96703"},"modified":"2016-09-11T17:06:20","modified_gmt":"2016-09-11T20:06:20","slug":"comunidade-se-mobiliza-e-recupera-cemiterio-e-praca-no-municipio-de-virgem-da-lapa","status":"publish","type":"post","link":"https:\/\/aconteceunovale.com.br\/portal\/?p=96703","title":{"rendered":"Comunidade se mobiliza e recupera cemit\u00e9rio e pra\u00e7a no munic\u00edpio de Virgem da Lapa"},"content":{"rendered":"<p>A comunidade de S\u00e3o Jo\u00e3o do Vacaria, munic\u00edpio de Virgem da Lapa, no Vale do Jequitinhonha, cansada de ver o descaso de mais de 40 anos com o cemit\u00e9rio local, resolveu se organizar e o reformaram completamente. Houve a reconstru\u00e7\u00e3o de parte do antigo muro, al\u00e9m da amplia\u00e7\u00e3o em mais de 80% do espa\u00e7o do cemit\u00e9rio. Foi realizada a constru\u00e7\u00e3o de 120 metros de muro, bem como ilumina\u00e7\u00e3o de toda \u00e1rea do cemit\u00e9rio, bem como da rua em torno deste.<\/p>\n<p>Outra provid\u00eancia dos moradores foi realizar a limpeza de toda \u00e1rea, pintura dos muros e placas e reforma de port\u00e3o. Todas as atividades foram custeadas atrav\u00e9s de doa\u00e7\u00f5es.<\/p>\n<p>Segundo o morador Jo\u00e3o Pereira dos Santos, l\u00edder comunit\u00e1rio e um dos respons\u00e1veis pela a\u00e7\u00e3o, \u201ca reforma do cemit\u00e9rio era aguardada pela comunidade h\u00e1 mais de 40 anos, estava superlotado. \u00c9 preciso mostrar que a uni\u00e3o faz acontecer\u201d, afirmou.<\/p>\n<p>Al\u00e9m da reforma, os moradores ainda conseguiram iluminar a rua de uma pra\u00e7a p\u00fablica, tudo por iniciativa da comunidade.<\/p>\n<p><img decoding=\"async\" src=\"http:\/\/aconteceunovale.com.br\/portal\/wp-content\/uploads\/2016\/09\/antes_depois_cemiterio_1.png\" alt=\"\" \/><em>Cemit\u00e9rio antes da reforma (Foto: Divulga\u00e7\u00e3o)<\/em><br \/>\n<\/br><\/p>\n<p><img decoding=\"async\" src=\"http:\/\/aconteceunovale.com.br\/portal\/wp-content\/uploads\/2016\/09\/antes_depois_cemiterio_2.png\" alt=\"\" \/><em>Cemit\u00e9rio ap\u00f3s a reforma (Foto: Divulga\u00e7\u00e3o)<\/em><br \/>\n<\/br><\/p>\n<p><strong>Fotos<\/strong><\/p>\n<p><img decoding=\"async\" src=\"http:\/\/aconteceunovale.com.br\/portal\/wp-content\/uploads\/2016\/09\/cemiterio_vacarias_5.jpg\" alt=\"\" \/><\/p>\n<p><img decoding=\"async\" src=\"http:\/\/aconteceunovale.com.br\/portal\/wp-content\/uploads\/2016\/09\/cemiterio_vacarias_2.jpg\" alt=\"\" \/><\/p>\n<p><img decoding=\"async\" src=\"http:\/\/aconteceunovale.com.br\/portal\/wp-content\/uploads\/2016\/09\/cemiterio_vacarias_3.jpg\" alt=\"\" \/><\/p>\n<p><img decoding=\"async\" src=\"http:\/\/aconteceunovale.com.br\/portal\/wp-content\/uploads\/2016\/09\/cemiterio_vacarias_4.jpg\" alt=\"\" \/><\/p>\n<p><img decoding=\"async\" src=\"http:\/\/aconteceunovale.com.br\/portal\/wp-content\/uploads\/2016\/09\/cemiterio_vacarias_6.jpg\" alt=\"\" \/><br \/>\n<\/br><\/p>\n<p><em>(Fonte: Blog do Jequi\/Bernardo Vieira)<\/em><\/p>\n","protected":false},"excerpt":{"rendered":"<p>A comunidade de S\u00e3o Jo\u00e3o do Vacaria, munic\u00edpio de Virgem da Lapa, no Vale do Jequitinhonha, cansada de ver o descaso de mais de 40 anos com o cemit\u00e9rio local, resolveu se organizar e o reformaram completamente. Houve a reconstru\u00e7\u00e3o de parte do antigo muro, al\u00e9m da amplia\u00e7\u00e3o em mais de 80% do espa\u00e7o do [&hellip;]<\/p>\n","protected":false},"author":1,"featured_media":96715,"comment_status":"open","ping_status":"closed","sticky":false,"template":"","format":"standard","meta":{"amp_status":"","footnotes":""},"categories":[120],"tags":[114764,114765,114767,114766,52179,482],"class_list":["post-96703","post","type-post","status-publish","format-standard","has-post-thumbnail","hentry","category-jequi","tag-comunidade-se-mobiliza-e-recupera-cemiterio-e-praca-no-municipio-de-virgem-da-lapa","tag-comunidade-se-mobiliza-e-recupera-cemiterio-e-praca-no-municipio-em-sao-joao-das-vacarias","tag-obra-comunitaria-sao-joao-do-vacaria","tag-reforma-cemiterio-sao-joao-do-vacaria","tag-sao-joao-do-vacaria","tag-virgem-da-lapa"],"_links":{"self":[{"href":"https:\/\/aconteceunovale.com.br\/portal\/index.php?rest_route=\/wp\/v2\/posts\/96703","targetHints":{"allow":["GET"]}}],"collection":[{"href":"https:\/\/aconteceunovale.com.br\/portal\/index.php?rest_route=\/wp\/v2\/posts"}],"about":[{"href":"https:\/\/aconteceunovale.com.br\/portal\/index.php?rest_route=\/wp\/v2\/types\/post"}],"author":[{"embeddable":true,"href":"https:\/\/aconteceunovale.com.br\/portal\/index.php?rest_route=\/wp\/v2\/users\/1"}],"replies":[{"embeddable":true,"href":"https:\/\/aconteceunovale.com.br\/portal\/index.php?rest_route=%2Fwp%2Fv2%2Fcomments&post=96703"}],"version-history":[{"count":0,"href":"https:\/\/aconteceunovale.com.br\/portal\/index.php?rest_route=\/wp\/v2\/posts\/96703\/revisions"}],"wp:featuredmedia":[{"embeddable":true,"href":"https:\/\/aconteceunovale.com.br\/portal\/index.php?rest_route=\/wp\/v2\/media\/96715"}],"wp:attachment":[{"href":"https:\/\/aconteceunovale.com.br\/portal\/index.php?rest_route=%2Fwp%2Fv2%2Fmedia&parent=96703"}],"wp:term":[{"taxonomy":"category","embeddable":true,"href":"https:\/\/aconteceunovale.com.br\/portal\/index.php?rest_route=%2Fwp%2Fv2%2Fcategories&post=96703"},{"taxonomy":"post_tag","embeddable":true,"href":"https:\/\/aconteceunovale.com.br\/portal\/index.php?rest_route=%2Fwp%2Fv2%2Ftags&post=96703"}],"curies":[{"name":"wp","href":"https:\/\/api.w.org\/{rel}","templated":true}]}}