{"id":96685,"date":"2016-09-11T13:54:49","date_gmt":"2016-09-11T16:54:49","guid":{"rendered":"http:\/\/aconteceunovale.com.br\/portal\/?p=96685"},"modified":"2016-09-11T13:54:49","modified_gmt":"2016-09-11T16:54:49","slug":"militar-aposentado-e-baleado-de-raspao-durante-assalto-no-municipio-de-governador-valadares","status":"publish","type":"post","link":"https:\/\/aconteceunovale.com.br\/portal\/?p=96685","title":{"rendered":"Militar aposentado \u00e9 baleado de rasp\u00e3o durante assalto no munic\u00edpio de Governador Valadares"},"content":{"rendered":"<p>Um sargento aposentado da Pol\u00edcia Militar (PM) foi baleado de rasp\u00e3o na cabe\u00e7a durante um assalto em um posto de combust\u00edveis \u00e0s margens da BR-116, no distrito de Chonin, munic\u00edpio de Governador Valadares, na noite desse s\u00e1bado (10\/09\/2016). O frentista, que acionou os policiais, contou que no fim da noite uma moto CG Titan, de cor prata, ocupada por dois homens, parou do outro lado da rodovia. Enquanto um permaneceu no ve\u00edculo, o outro, identificado como S.A.S, de 19 anos, seguiu em dire\u00e7\u00e3o ao posto. <\/p>\n<p>O suspeito abordou o frentista, anunciou o assalto exibindo uma arma de fogo e subtraiu uma quantia de R$ 356,00 em dinheiro. Em seguida, se dirigiu no sentido de um VW\/Gol, que era ocupado pelo militar e que estava abastecendo. O suspeito exigiu todo o dinheiro que tivesse e o sargento entregou R$ 253.<\/p>\n<p>Logo depois, o bandido foi at\u00e9 um compartimento do posto, que fica na parte externa. Neste local, onde s\u00f3 o gerente tem acesso, os frentistas jogam no interior do c\u00f4modo, por meio de um cano que fica na parede, os valores recebidos ao longo do dia. <\/p>\n<p>Quando o suspeito se aproximou da porta, o sargento aposentado exigiu que ele parasse. O suspeito atirou contra o militar, que revidou. Em seguida, ele tentou encontrar o comparsa, mas viu que o amigo j\u00e1 havia fugido e deixado ele sozinho. O bandido ainda tentou correr, mas foi preso em flagrante por outro militar.<\/p>\n<p>J\u00e1 o piloto da moto, um menor de 16 anos, foi preso em casa. Em conversa com a dupla, os militares descobriram que o ve\u00edculo usado no crime n\u00e3o era da dupla. Os suspeitos contaram que um amigo emprestou a moto para que eles fizessem o roubo. O terceiro envolvido W.S.R, de 23 anos, que sabia dos planos dos amigos e ainda emprestou a motocicleta, foi preso como coautor.<\/p>\n<p>O ve\u00edculo, a arma usada no crime, e os suspeitos foram levados para a Delegacia de Plant\u00e3o de Governador Valadares. O sargento aposentado foi encaminhado para o Hospital de Pronto-socorro da cidade e j\u00e1 foi liberado.<\/p>\n<p>(O Tempo)<\/p>\n","protected":false},"excerpt":{"rendered":"<p>Um sargento aposentado da Pol\u00edcia Militar (PM) foi baleado de rasp\u00e3o na cabe\u00e7a durante um assalto em um posto de combust\u00edveis \u00e0s margens da BR-116, no distrito de Chonin, munic\u00edpio de Governador Valadares, na noite desse s\u00e1bado (10\/09\/2016). O frentista, que acionou os policiais, contou que no fim da noite uma moto CG Titan, de [&hellip;]<\/p>\n","protected":false},"author":1,"featured_media":90576,"comment_status":"open","ping_status":"closed","sticky":false,"template":"","format":"standard","meta":{"amp_status":"","footnotes":""},"categories":[121],"tags":[82075,114714,114716,114713,247,114719,114722,114718,82076,114715,114717,114721,114720],"class_list":["post-96685","post","type-post","status-publish","format-standard","has-post-thumbnail","hentry","category-leste","tag-assalto-governador-valadares","tag-assalto-posto-chonin","tag-assalto-posto-governador-valadares","tag-chonin","tag-governador-valadares","tag-militar-aposentado-baleado-em-governador-valadares","tag-militar-aposentado-e-baleado-de-raspao-durante-assalto-no-municipio-de-governador-valadares","tag-militar-baleado-em-governador-valadares","tag-roubo-governador-valadares","tag-roubo-posto-chonin","tag-roubo-posto-governador-valadares","tag-sargento-baleado-em-governador-valadares","tag-sargento-baleado-governador-valadares"],"_links":{"self":[{"href":"https:\/\/aconteceunovale.com.br\/portal\/index.php?rest_route=\/wp\/v2\/posts\/96685","targetHints":{"allow":["GET"]}}],"collection":[{"href":"https:\/\/aconteceunovale.com.br\/portal\/index.php?rest_route=\/wp\/v2\/posts"}],"about":[{"href":"https:\/\/aconteceunovale.com.br\/portal\/index.php?rest_route=\/wp\/v2\/types\/post"}],"author":[{"embeddable":true,"href":"https:\/\/aconteceunovale.com.br\/portal\/index.php?rest_route=\/wp\/v2\/users\/1"}],"replies":[{"embeddable":true,"href":"https:\/\/aconteceunovale.com.br\/portal\/index.php?rest_route=%2Fwp%2Fv2%2Fcomments&post=96685"}],"version-history":[{"count":0,"href":"https:\/\/aconteceunovale.com.br\/portal\/index.php?rest_route=\/wp\/v2\/posts\/96685\/revisions"}],"wp:featuredmedia":[{"embeddable":true,"href":"https:\/\/aconteceunovale.com.br\/portal\/index.php?rest_route=\/wp\/v2\/media\/90576"}],"wp:attachment":[{"href":"https:\/\/aconteceunovale.com.br\/portal\/index.php?rest_route=%2Fwp%2Fv2%2Fmedia&parent=96685"}],"wp:term":[{"taxonomy":"category","embeddable":true,"href":"https:\/\/aconteceunovale.com.br\/portal\/index.php?rest_route=%2Fwp%2Fv2%2Fcategories&post=96685"},{"taxonomy":"post_tag","embeddable":true,"href":"https:\/\/aconteceunovale.com.br\/portal\/index.php?rest_route=%2Fwp%2Fv2%2Ftags&post=96685"}],"curies":[{"name":"wp","href":"https:\/\/api.w.org\/{rel}","templated":true}]}}