{"id":96668,"date":"2016-09-10T17:01:57","date_gmt":"2016-09-10T20:01:57","guid":{"rendered":"http:\/\/aconteceunovale.com.br\/portal\/?p=96668"},"modified":"2016-09-10T17:01:57","modified_gmt":"2016-09-10T20:01:57","slug":"jaiba-sedia-a-primeira-edicao-da-semana-da-economia-criativa","status":"publish","type":"post","link":"https:\/\/aconteceunovale.com.br\/portal\/?p=96668","title":{"rendered":"Ja\u00edba sedia a primeira edi\u00e7\u00e3o da Semana da Economia Criativa"},"content":{"rendered":"<p>A cidade de Ja\u00edba, no Norte de Minas, vai sediar a I edi\u00e7\u00e3o da Semana da Economia Criativa. O evento \u00e9 promovido pelo &#8220;Projeto Vida&#8221; em parceria com a Associa\u00e7\u00e3o Jaibense e a prefeitura, e ser\u00e1 realizado entre os dias 9 e 18 de setembro de 2016; haver\u00e1 palestras, oficinas, exposi\u00e7\u00e3o de produtos e apresenta\u00e7\u00f5es culturais.<\/p>\n<p>Segundo os organizadores, o &#8220;Projeto Vida&#8221; existe h\u00e1 mais de 15 anos e atende mais de 300 crian\u00e7as, visando acolher, promover a educa\u00e7\u00e3o integral, forma\u00e7\u00e3o para o trabalho e inclus\u00e3o social. A iniciativa busca despertar o interesse e a criatividade das pessoas diante das dificuldades, especialmente financeiras.<\/p>\n<p>&#8220;Economia criativa \u00e9 um ramo de atividade onde o principal insumo \u00e9 o capital intelectual, onde as pessoas criam alternativas de sobreviv\u00eancia e de sustento para suas fam\u00edlias&#8221;, explica Suely Gomes, respons\u00e1vel pelo evento.<\/p>\n<p>Para Danielle de Lourdes, coordenadora da Semana, a realiza\u00e7\u00e3o de a\u00e7\u00f5es como esta tamb\u00e9m busca resgatar e valorizar a cultura local. &#8220;Ela foi pensada para melhorar as atividades e trazer novas informa\u00e7\u00f5es sobre a economia criativa que precisa de apoio. Os produtos fabricados, a divulga\u00e7\u00e3o de talentos, a capacita\u00e7\u00e3o t\u00e9cnica s\u00e3o pontos fundamentais para a evolu\u00e7\u00e3o da regi\u00e3o como um todo, e esse espa\u00e7o tende a criar novas oportunidades&#8221;, considera.<\/p>\n<p>Durante a feira haver\u00e1 minicursos voltados para a capacita\u00e7\u00e3o de microempreendedores individuais. Al\u00e9m disso, quem passar por l\u00e1 vai conferir exposi\u00e7\u00e3o de artes, artesanatos, apresenta\u00e7\u00f5es culturais, comidas t\u00edpicas, presta\u00e7\u00e3o de servi\u00e7o e rua de lazer para crian\u00e7as. Cerca de 400 pessoas s\u00e3o aguardadas, por dia, no evento, que \u00e9 gratuito.<\/p>\n<p><strong>Confira a programa\u00e7\u00e3o:<\/strong><\/p>\n<p>09\/09 &#8211; 18h: Abertura &#8211; Palestra Associativismo e Cooperativismo (Emater), apresenta\u00e7\u00f5es culturais (Lindomar Coimbra, Val Martins e Batuque Quilombolas);<\/p>\n<p>12\/09 a 16\/09 &#8211; 18h: Palestras e oficinas ministradas pelo Sebrae e Emater;<\/p>\n<p>17\/09 &#8211; 14h: Feira de produtos e servi\u00e7os;<\/p>\n<p>18\/09 a partir das 10h: Feira de produtos e servi\u00e7os criativos.<\/p>\n<p><em>(G1 Grande Minas)<\/em><\/p>\n","protected":false},"excerpt":{"rendered":"<p>A cidade de Ja\u00edba, no Norte de Minas, vai sediar a I edi\u00e7\u00e3o da Semana da Economia Criativa. O evento \u00e9 promovido pelo &#8220;Projeto Vida&#8221; em parceria com a Associa\u00e7\u00e3o Jaibense e a prefeitura, e ser\u00e1 realizado entre os dias 9 e 18 de setembro de 2016; haver\u00e1 palestras, oficinas, exposi\u00e7\u00e3o de produtos e apresenta\u00e7\u00f5es [&hellip;]<\/p>\n","protected":false},"author":1,"featured_media":96669,"comment_status":"open","ping_status":"closed","sticky":false,"template":"","format":"standard","meta":{"amp_status":"","footnotes":""},"categories":[125,1236],"tags":[114699,114694,114695,1058,114700,114698,114696,114697],"class_list":["post-96668","post","type-post","status-publish","format-standard","has-post-thumbnail","hentry","category-noticias","category-norte_de_minas","tag-associacao-jaibense","tag-i-edicao-da-semana-da-economia-criativa","tag-i-edicao-da-semana-da-economia-criativa-em-jaiba","tag-jaiba","tag-jaiba-sedia-a-primeira-edicao-da-semana-da-economia-criativa","tag-projeto-vida","tag-semana-da-economia-criativa","tag-semana-da-economia-criativa-em-jaiba"],"_links":{"self":[{"href":"https:\/\/aconteceunovale.com.br\/portal\/index.php?rest_route=\/wp\/v2\/posts\/96668","targetHints":{"allow":["GET"]}}],"collection":[{"href":"https:\/\/aconteceunovale.com.br\/portal\/index.php?rest_route=\/wp\/v2\/posts"}],"about":[{"href":"https:\/\/aconteceunovale.com.br\/portal\/index.php?rest_route=\/wp\/v2\/types\/post"}],"author":[{"embeddable":true,"href":"https:\/\/aconteceunovale.com.br\/portal\/index.php?rest_route=\/wp\/v2\/users\/1"}],"replies":[{"embeddable":true,"href":"https:\/\/aconteceunovale.com.br\/portal\/index.php?rest_route=%2Fwp%2Fv2%2Fcomments&post=96668"}],"version-history":[{"count":0,"href":"https:\/\/aconteceunovale.com.br\/portal\/index.php?rest_route=\/wp\/v2\/posts\/96668\/revisions"}],"wp:featuredmedia":[{"embeddable":true,"href":"https:\/\/aconteceunovale.com.br\/portal\/index.php?rest_route=\/wp\/v2\/media\/96669"}],"wp:attachment":[{"href":"https:\/\/aconteceunovale.com.br\/portal\/index.php?rest_route=%2Fwp%2Fv2%2Fmedia&parent=96668"}],"wp:term":[{"taxonomy":"category","embeddable":true,"href":"https:\/\/aconteceunovale.com.br\/portal\/index.php?rest_route=%2Fwp%2Fv2%2Fcategories&post=96668"},{"taxonomy":"post_tag","embeddable":true,"href":"https:\/\/aconteceunovale.com.br\/portal\/index.php?rest_route=%2Fwp%2Fv2%2Ftags&post=96668"}],"curies":[{"name":"wp","href":"https:\/\/api.w.org\/{rel}","templated":true}]}}