{"id":96631,"date":"2016-09-10T10:57:47","date_gmt":"2016-09-10T13:57:47","guid":{"rendered":"http:\/\/aconteceunovale.com.br\/portal\/?p=96631"},"modified":"2016-09-10T10:57:47","modified_gmt":"2016-09-10T13:57:47","slug":"capelinha-comemora-dia-do-evangelico-com-show-de-fernandinho","status":"publish","type":"post","link":"https:\/\/aconteceunovale.com.br\/portal\/?p=96631","title":{"rendered":"Capelinha comemora Dia do Evang\u00e9lico com show de Fernandinho"},"content":{"rendered":"<p>Acontece neste s\u00e1bado (10\/09) mais uma edi\u00e7\u00e3o do Dia do Evang\u00e9lico de Capelinha, no Vale do Jequitinhonha. Em 2016, a atra\u00e7\u00e3o principal \u00e9 o cantor Fernandinho, considerado um dos maiores nomes da m\u00fasica gospel nacional. O evento ser\u00e1 realizado a partir das 20h00, no Parque de Exposi\u00e7\u00f5es da cidade.<\/p>\n<p>O ingresso custa R$ 5,00 e pode ser comprado na Bella Foto Studio Rosilda, Mega Primus Supermercado e Papel e Cia Papelaria. O valor ser\u00e1 destinado para uma a\u00e7\u00e3o social, conforme cartaz. De acordo com a organiza\u00e7\u00e3o do evento, crian\u00e7as de at\u00e9 12 anos e idosos a partir dos 60 ter\u00e3o acesso gratuito ao parque. <\/p>\n<p>A realiza\u00e7\u00e3o \u00e9 do Conselho de Pastores de Capelinha. Outras informa\u00e7\u00f5es atrav\u00e9s do telefone (33) 9 9108-7940 &#8211; falar com o pastor Wilson Gomes.<\/p>\n<p><img decoding=\"async\" src=\"http:\/\/aconteceunovale.com.br\/portal\/wp-content\/uploads\/2016\/09\/dia_do_evangelico_2016_1.jpg\" alt=\"\" \/><br \/>\n<\/br><\/p>\n<p><strong>Playlist DVD Faz Chover<\/strong><\/p>\n<p><iframe loading=\"lazy\" width=\"640\" height=\"360\" src=\"https:\/\/www.youtube.com\/embed\/ZfbkIVNh-bY?list=PLsedSoXEihT5ZKWmrcVXao5YoVy8pw89V\" frameborder=\"0\" allowfullscreen><\/iframe><\/p>\n","protected":false},"excerpt":{"rendered":"<p>Acontece neste s\u00e1bado (10\/09) mais uma edi\u00e7\u00e3o do Dia do Evang\u00e9lico de Capelinha, no Vale do Jequitinhonha. Em 2016, a atra\u00e7\u00e3o principal \u00e9 o cantor Fernandinho, considerado um dos maiores nomes da m\u00fasica gospel nacional. O evento ser\u00e1 realizado a partir das 20h00, no Parque de Exposi\u00e7\u00f5es da cidade. O ingresso custa R$ 5,00 e [&hellip;]<\/p>\n","protected":false},"author":1,"featured_media":96633,"comment_status":"open","ping_status":"closed","sticky":false,"template":"","format":"standard","meta":{"amp_status":"","footnotes":""},"categories":[125,120],"tags":[114595,132,114591,114597,1018,114596,114604,114605,114599,114594,114598,114592,114593,114600],"class_list":["post-96631","post","type-post","status-publish","format-standard","has-post-thumbnail","hentry","category-noticias","category-jequi","tag-cantor-fernandinho-em-capelinha","tag-capelinha","tag-capelinha-comemora-dia-do-evangelico-com-show-de-fernandinho","tag-comemoracao-do-dia-do-evangelico-capelinha","tag-destaque","tag-dia-do-evangelico-capelinha","tag-dvd-faz-chover","tag-dvd-faz-chover-fernandinho","tag-evento-gospel-capelinha","tag-fernandinho-em-capelinha","tag-festa-do-dia-do-evangelico-capelinha","tag-show-de-fernandinho","tag-show-de-fernandinho-em-capelinha","tag-show-gospel-capelinha"],"_links":{"self":[{"href":"https:\/\/aconteceunovale.com.br\/portal\/index.php?rest_route=\/wp\/v2\/posts\/96631","targetHints":{"allow":["GET"]}}],"collection":[{"href":"https:\/\/aconteceunovale.com.br\/portal\/index.php?rest_route=\/wp\/v2\/posts"}],"about":[{"href":"https:\/\/aconteceunovale.com.br\/portal\/index.php?rest_route=\/wp\/v2\/types\/post"}],"author":[{"embeddable":true,"href":"https:\/\/aconteceunovale.com.br\/portal\/index.php?rest_route=\/wp\/v2\/users\/1"}],"replies":[{"embeddable":true,"href":"https:\/\/aconteceunovale.com.br\/portal\/index.php?rest_route=%2Fwp%2Fv2%2Fcomments&post=96631"}],"version-history":[{"count":0,"href":"https:\/\/aconteceunovale.com.br\/portal\/index.php?rest_route=\/wp\/v2\/posts\/96631\/revisions"}],"wp:featuredmedia":[{"embeddable":true,"href":"https:\/\/aconteceunovale.com.br\/portal\/index.php?rest_route=\/wp\/v2\/media\/96633"}],"wp:attachment":[{"href":"https:\/\/aconteceunovale.com.br\/portal\/index.php?rest_route=%2Fwp%2Fv2%2Fmedia&parent=96631"}],"wp:term":[{"taxonomy":"category","embeddable":true,"href":"https:\/\/aconteceunovale.com.br\/portal\/index.php?rest_route=%2Fwp%2Fv2%2Fcategories&post=96631"},{"taxonomy":"post_tag","embeddable":true,"href":"https:\/\/aconteceunovale.com.br\/portal\/index.php?rest_route=%2Fwp%2Fv2%2Ftags&post=96631"}],"curies":[{"name":"wp","href":"https:\/\/api.w.org\/{rel}","templated":true}]}}