{"id":96591,"date":"2016-09-09T09:53:38","date_gmt":"2016-09-09T12:53:38","guid":{"rendered":"http:\/\/aconteceunovale.com.br\/portal\/?p=96591"},"modified":"2016-09-09T09:55:23","modified_gmt":"2016-09-09T12:55:23","slug":"projetos-desenvolvidos-pela-pmmg-beneficiam-criancas-no-interior","status":"publish","type":"post","link":"https:\/\/aconteceunovale.com.br\/portal\/?p=96591","title":{"rendered":"Projetos desenvolvidos pela PMMG beneficiam crian\u00e7as no interior"},"content":{"rendered":"<p>Muito al\u00e9m de trabalhar pela manuten\u00e7\u00e3o da seguran\u00e7a das cidades e das pessoas, a\u00a0Pol\u00edcia Militar de Minas Gerais (PMMG)\u00a0trabalha em prol do desenvolvimento e inser\u00e7\u00e3o das crian\u00e7as na sociedade\u00a0em diversas regi\u00f5es do estado. Por meio de projetos e a\u00e7\u00f5es sociais, os militares dedicam tempo e energia para permitir que os pequenos cidad\u00e3os cres\u00e7am saud\u00e1veis e conscientes de seus direitos e deveres.<\/p>\n<p>Um exemplo pode ser visto na cidade de Berizal, no Territ\u00f3rio Norte. Ao visitar uma escola durante o policiamento comunit\u00e1rio, os sargentos da 2\u00aa Companhia Independente da Pol\u00edcia Militar de Taiobeiras, Genival Dias de Oliveira e Vandir Jos\u00e9 Madureira, notaram que as merendas distribu\u00eddas para os alunos poderiam dispor de uma variedade maior de hortali\u00e7as e, com isso, tomaram a iniciativa de criar uma horta comunit\u00e1ria para que a alimenta\u00e7\u00e3o escolar fosse refor\u00e7ada.<\/p>\n<p>\u201cHavia um terreno sem utiliza\u00e7\u00e3o nos fundos do quartel e, conversando com outros militares, decidimos doar algumas de nossas horas de folga para a prepara\u00e7\u00e3o da terra e o plantio das hortali\u00e7as org\u00e2nicas\u201d, diz o sargento Genival, comemorando a amplia\u00e7\u00e3o recente da horta, que permitir\u00e1 a distribui\u00e7\u00e3o dos alimentos para mais tr\u00eas escolas da cidade.<\/p>\n<p>Segundo o sargento, a iniciativa teve grande repercuss\u00e3o na cidade e atrai, diariamente, dezenas de alunos ao batalh\u00e3o para conhecer a planta\u00e7\u00e3o.<\/p>\n<p>Os alimentos org\u00e2nicos derivados da horta s\u00e3o doados e distribu\u00eddos para cinco escolas da cidade e uma creche \u2013 onde s\u00e3o alimentadas 60 crian\u00e7as. Com o apoio de moradores volunt\u00e1rios da comunidade, os militares fazem a manuten\u00e7\u00e3o e a entrega dos alimentos nas escolas. A horta j\u00e1 est\u00e1 em sua segunda colheita desde fevereiro.<\/p>\n<p>De acordo com o coordenador respons\u00e1vel pelo canal PMMG Mirim no\u00a0<em>Youtube<\/em>\u00a0e no\u00a0<em>Facebook<\/em>, tenente Cristiano Ara\u00fajo, a\u00e7\u00f5es como essa aproximam a pol\u00edcia da comunidade e contribuem para a forma\u00e7\u00e3o de cidad\u00e3os do bem.<\/p>\n<p>\u201cA aproxima\u00e7\u00e3o da pol\u00edcia com as crian\u00e7as \u00e9 a medida mais inteligente que fazemos, em m\u00e9dio e longo prazos. Isto porque elas est\u00e3o formando sua no\u00e7\u00e3o de car\u00e1ter\u201d, aponta. \u201cEstas iniciativas contribuem muito para que cres\u00e7am preparados para a constru\u00e7\u00e3o de um mundo melhor. N\u00e3o queremos deixar esta miss\u00e3o s\u00f3 para as fam\u00edlias ou respons\u00e1veis\u201d, afirma Ara\u00fajo.<\/p>\n<p><img decoding=\"async\" src=\"http:\/\/aconteceunovale.com.br\/portal\/wp-content\/uploads\/2016\/09\/horta_berizal_1.jpeg\" alt=\"\" \/><em>Horta de Berizal (Foto: Divulga\u00e7\u00e3o\/PMMG)<\/em><br \/>\n<\/br><\/p>\n<p><strong>Patrulheiro mirim<\/strong><\/p>\n<p>J\u00e1 em Ituiutaba, no Territ\u00f3rio Tri\u00e2ngulo Norte, uma a\u00e7\u00e3o desenvolvida semestralmente pela Pol\u00edcia Militar abre portas para a educa\u00e7\u00e3o e o desenvolvimento f\u00edsico de crian\u00e7as de 8 a 12 anos. O projeto \u201cPatrulheiro Mirim\u201d, criado em mar\u00e7o, \u00e9 realizado em parceria com o Judici\u00e1rio e atende crian\u00e7as de baixa renda indicadas por escolas da cidade. A procura tem sido t\u00e3o alta que, apesar da indica\u00e7\u00e3o, est\u00e3o sendo realizados sorteios para a escolha dos participantes.<\/p>\n<p>As atividades\u00a0do projeto acontecem durante tr\u00eas dias na semana no Centro de Artes e Esportes Unificados (CEU), espa\u00e7o cedido pela prefeitura municipal, onde os alunos assistem aulas te\u00f3ricas sobre educa\u00e7\u00e3o no tr\u00e2nsito, no\u00e7\u00f5es de primeiros socorros, preven\u00e7\u00e3o de acidentes e educa\u00e7\u00e3o financeira, entre outras.<\/p>\n<p>Na sexta-feira, os alunos dirigem-se \u00e0 unidade local do Sesi, onde praticam nata\u00e7\u00e3o, futsal e outras atividades esportivas sob a supervis\u00e3o de professores e militares envolvidos no projeto, sempre em hor\u00e1rios alternados aos da escola.<\/p>\n<p>\u201cOs patrulheiros mirins gostam muito. Tanto que os que iniciaram no primeiro semestre nos procuraram querendo retornar ao projeto, mas tivemos de explicar que havia finalizado\u201d, diz a tenente do 54\u00ba Batalh\u00e3o da Pol\u00edcia Militar, H\u00e9vila Pradela, uma das respons\u00e1veis pelo projeto.<\/p>\n<p>Aproximadamente 60 patrulheiros mirins j\u00e1 foram formados. Segundo H\u00e9vila, para dar continuidade ao trabalho que vem sendo desenvolvido, a Pol\u00edcia Militar de Ituiutaba estuda uma extens\u00e3o do projeto, que incluiria reuni\u00f5es mensais, permitindo que os patrulheiros mirins formados continuem participando.<\/p>\n<p>Para o ex-patrulheiro mirim Ca\u00edque Aparecido da Silva, de 11 anos, o projeto trouxe conhecimentos e aprendizados que v\u00e3o servir para toda a vida. \u201cEu levantava de manh\u00e3, ia comer e n\u00e3o queria fazer nada. Agora levanto, arrumo minha cama e ajudo minha m\u00e3e com as tarefas de casa. Sou mais respons\u00e1vel\u201d, diz.<\/p>\n<p>Ele afirma que o relacionamento com sua fam\u00edlia tamb\u00e9m melhorou. \u201c\u00c9 muito legal. Eu ia \u00e0s aulas do projeto na ter\u00e7a e na quarta. Na sexta-feira, as atividades eram no Sesi. L\u00e1, a gente nadava, jogava basquete, futebol. Fiz muitos amigos\u201d, completa.<\/p>\n<p>Para Maria Helena da Silva, m\u00e3e do Ca\u00edque, o projeto \u00e9 uma excelente iniciativa para as crian\u00e7as. \u201cEle aprendeu muitas coisas. Ele gostou muito e fala comigo que quer aprender muitas coisas, que quer ser algu\u00e9m na vida e, por isso, agora coloquei ele no projeto dos escoteiros\u201d, comenta, orgulhosa.<\/p>\n<p><img decoding=\"async\" src=\"http:\/\/aconteceunovale.com.br\/portal\/wp-content\/uploads\/2016\/09\/horta_berizal_7.jpg\" alt=\"\" \/><em>Projeto Patrulheiro Mirim (Foto: Divulga\u00e7\u00e3o\/PMMG)<\/em><br \/>\n<\/br><\/p>\n<p><strong>Preven\u00e7\u00e3o ao crime<\/strong><\/p>\n<p>De acordo com o coordenador respons\u00e1vel pelo canal PMMG Mirim no Youtube e no Facebook, tenente Cristiano Ara\u00fajo, para o crime acontecer basta um infrator motivado, uma v\u00edtima dispon\u00edvel e a aus\u00eancia da vigil\u00e2ncia.<\/p>\n<p>\u201cQuando os tr\u00eas elementos est\u00e3o juntos, o crime acontece. \u00c9 importante trabalharmos com iniciativas precoces. Ao envolver crian\u00e7as e jovens em nossos projetos, estamos trabalhando de forma preventiva, pois assim buscamos evitar que eles se desviem. A institui\u00e7\u00e3o apoia e legitima todas as estas iniciativas, pois \u00e9 a maneira mais efetiva de investir no futuro\u201d, defende.<\/p>\n<p><img decoding=\"async\" src=\"http:\/\/aconteceunovale.com.br\/portal\/wp-content\/uploads\/2016\/09\/horta_berizal_2.jpeg\" alt=\"\" \/><em>Horta de Berizal (Foto: Divulga\u00e7\u00e3o\/PMMG)<\/em><br \/>\n<\/br><\/p>\n<p><img decoding=\"async\" src=\"http:\/\/aconteceunovale.com.br\/portal\/wp-content\/uploads\/2016\/09\/horta_berizal_3.jpeg\" alt=\"\" \/><em>Horta de Berizal (Foto: Divulga\u00e7\u00e3o\/PMMG)<\/em><br \/>\n<\/br><\/p>\n<p><img decoding=\"async\" src=\"http:\/\/aconteceunovale.com.br\/portal\/wp-content\/uploads\/2016\/09\/horta_berizal_4.jpeg\" alt=\"\" \/><em>Horta de Berizal (Foto: Divulga\u00e7\u00e3o\/PMMG)<\/em><br \/>\n<\/br><\/p>\n<p><img decoding=\"async\" src=\"http:\/\/aconteceunovale.com.br\/portal\/wp-content\/uploads\/2016\/09\/horta_berizal_5.jpeg\" alt=\"\" \/><em>Horta de Berizal (Foto: Divulga\u00e7\u00e3o\/PMMG)<\/em><br \/>\n<\/br><\/p>\n<p><img decoding=\"async\" src=\"http:\/\/aconteceunovale.com.br\/portal\/wp-content\/uploads\/2016\/09\/horta_berizal_6.jpg\" alt=\"\" \/><em>Projeto Patrulheiro Mirim (Foto: Divulga\u00e7\u00e3o\/PMMG)<\/em><br \/>\n<\/br><\/p>\n<p><img decoding=\"async\" src=\"http:\/\/aconteceunovale.com.br\/portal\/wp-content\/uploads\/2016\/09\/horta_berizal_8.jpg\" alt=\"\" \/><em>Projeto Patrulheiro Mirim (Foto: Divulga\u00e7\u00e3o\/PMMG)<\/em><br \/>\n<\/br><\/p>\n<p><em>(Fonte: Ag\u00eancia Minas)<\/em><\/p>\n","protected":false},"excerpt":{"rendered":"<p>Muito al\u00e9m de trabalhar pela manuten\u00e7\u00e3o da seguran\u00e7a das cidades e das pessoas, a\u00a0Pol\u00edcia Militar de Minas Gerais (PMMG)\u00a0trabalha em prol do desenvolvimento e inser\u00e7\u00e3o das crian\u00e7as na sociedade\u00a0em diversas regi\u00f5es do estado. Por meio de projetos e a\u00e7\u00f5es sociais, os militares dedicam tempo e energia para permitir que os pequenos cidad\u00e3os cres\u00e7am saud\u00e1veis e [&hellip;]<\/p>\n","protected":false},"author":1,"featured_media":96592,"comment_status":"open","ping_status":"closed","sticky":false,"template":"","format":"standard","meta":{"amp_status":"","footnotes":""},"categories":[123,1236],"tags":[114524,1342,114526,114521,114525,203,114523,38187,18980,114520,114517,114516,114518,114519,114522],"class_list":["post-96591","post","type-post","status-publish","format-standard","has-post-thumbnail","hentry","category-gerais","category-norte_de_minas","tag-54o-batalhao-da-policia-militar","tag-berizal","tag-caique-aparecido-da-silva","tag-genival-dias-de-oliveira","tag-hevila-pradela","tag-ituiutaba","tag-patrulheiro-mirim","tag-pmmg","tag-policia-militar-de-minas-gerais","tag-policia-militar-de-taiobeiras","tag-projetos-desenvolvidos-pela-pmmg","tag-projetos-desenvolvidos-pela-pmmg-beneficiam-criancas-no-interior","tag-projetos-pmmg","tag-projetos-policia-militar-de-minas-gerais","tag-vandir-jose-madureira"],"_links":{"self":[{"href":"https:\/\/aconteceunovale.com.br\/portal\/index.php?rest_route=\/wp\/v2\/posts\/96591","targetHints":{"allow":["GET"]}}],"collection":[{"href":"https:\/\/aconteceunovale.com.br\/portal\/index.php?rest_route=\/wp\/v2\/posts"}],"about":[{"href":"https:\/\/aconteceunovale.com.br\/portal\/index.php?rest_route=\/wp\/v2\/types\/post"}],"author":[{"embeddable":true,"href":"https:\/\/aconteceunovale.com.br\/portal\/index.php?rest_route=\/wp\/v2\/users\/1"}],"replies":[{"embeddable":true,"href":"https:\/\/aconteceunovale.com.br\/portal\/index.php?rest_route=%2Fwp%2Fv2%2Fcomments&post=96591"}],"version-history":[{"count":0,"href":"https:\/\/aconteceunovale.com.br\/portal\/index.php?rest_route=\/wp\/v2\/posts\/96591\/revisions"}],"wp:featuredmedia":[{"embeddable":true,"href":"https:\/\/aconteceunovale.com.br\/portal\/index.php?rest_route=\/wp\/v2\/media\/96592"}],"wp:attachment":[{"href":"https:\/\/aconteceunovale.com.br\/portal\/index.php?rest_route=%2Fwp%2Fv2%2Fmedia&parent=96591"}],"wp:term":[{"taxonomy":"category","embeddable":true,"href":"https:\/\/aconteceunovale.com.br\/portal\/index.php?rest_route=%2Fwp%2Fv2%2Fcategories&post=96591"},{"taxonomy":"post_tag","embeddable":true,"href":"https:\/\/aconteceunovale.com.br\/portal\/index.php?rest_route=%2Fwp%2Fv2%2Ftags&post=96591"}],"curies":[{"name":"wp","href":"https:\/\/api.w.org\/{rel}","templated":true}]}}