{"id":96587,"date":"2016-09-09T09:31:36","date_gmt":"2016-09-09T12:31:36","guid":{"rendered":"http:\/\/aconteceunovale.com.br\/portal\/?p=96587"},"modified":"2016-09-09T09:31:36","modified_gmt":"2016-09-09T12:31:36","slug":"previsao-do-tempo-para-minas-gerais-nesta-sexta-feira-9-de-setembro","status":"publish","type":"post","link":"https:\/\/aconteceunovale.com.br\/portal\/?p=96587","title":{"rendered":"Previs\u00e3o do tempo para Minas Gerais, nesta sexta-feira, 9 de setembro"},"content":{"rendered":"<h4><strong><em>C\u00e9u parcialmente nublado, com possibilidade de chuva no Centro, Sul, Oeste, Sudeste e Leste do estado. Temperatura em ligeiro decl\u00ednio no fim de semana.<\/em><\/strong><\/h4>\n<p>Nesta sexta-feira (9\/9) \u00e1reas de instabilidade proporcionam aumento das nuvens sobre parte do Sudeste do Brasil. Em Minas Gerais o tempo deve ficar parcialmente nublado, com possibilidade de chuva localizada no Centro, Sul, Oeste, Sudeste e Leste. Nas outras \u00e1reas do estado o tempo deve ficar ensolarado a parcialmente nublado.<\/p>\n<p>Na Regi\u00e3o Metropolitana de Belo Horizonte e na capital mineira o dia ser\u00e1 de sol entre nuvens e h\u00e1 chances de chuvas isoladas. Em Belo Horizonte, a temperatura deve variar entre 17\u00b0C e 29\u00b0C, com umidade m\u00ednima na casa dos 35%.<\/p>\n<p>De acordo com o TempoClima PUC Minas, o final de semana ser\u00e1 de tempo est\u00e1vel e ligeiro decl\u00ednio de temperatura em grande parte de Minas Gerais.<\/p>\n","protected":false},"excerpt":{"rendered":"<p>C\u00e9u parcialmente nublado, com possibilidade de chuva no Centro, Sul, Oeste, Sudeste e Leste do estado. Temperatura em ligeiro decl\u00ednio no fim de semana. Nesta sexta-feira (9\/9) \u00e1reas de instabilidade proporcionam aumento das nuvens sobre parte do Sudeste do Brasil. Em Minas Gerais o tempo deve ficar parcialmente nublado, com possibilidade de chuva localizada no [&hellip;]<\/p>\n","protected":false},"author":1,"featured_media":82499,"comment_status":"open","ping_status":"closed","sticky":false,"template":"","format":"standard","meta":{"amp_status":"","footnotes":""},"categories":[123],"tags":[58811,194,131,38395,1956,27340,114515,86248,114514,1839,114512,27976,114511,114513],"class_list":["post-96587","post","type-post","status-publish","format-standard","has-post-thumbnail","hentry","category-gerais","tag-9-de-setembro","tag-belo-horizonte","tag-minas-gerais","tag-nesta-sexta-feira","tag-previsao-do-tempo","tag-previsao-do-tempo-para-belo-horizonte","tag-previsao-do-tempo-para-belo-horizonte-9-de-setembro","tag-previsao-do-tempo-para-belo-horizonte-nesta-sexta-feira","tag-previsao-do-tempo-para-belo-horizonte-nesta-sexta-feira-9-de-setembro","tag-previsao-do-tempo-para-minas-gerais","tag-previsao-do-tempo-para-minas-gerais-9-de-setembro","tag-previsao-do-tempo-para-minas-gerais-nesta-sexta-feira","tag-previsao-do-tempo-para-minas-gerais-nesta-sexta-feira-9-de-setembro","tag-sexta-feira-9-de-setembro"],"_links":{"self":[{"href":"https:\/\/aconteceunovale.com.br\/portal\/index.php?rest_route=\/wp\/v2\/posts\/96587","targetHints":{"allow":["GET"]}}],"collection":[{"href":"https:\/\/aconteceunovale.com.br\/portal\/index.php?rest_route=\/wp\/v2\/posts"}],"about":[{"href":"https:\/\/aconteceunovale.com.br\/portal\/index.php?rest_route=\/wp\/v2\/types\/post"}],"author":[{"embeddable":true,"href":"https:\/\/aconteceunovale.com.br\/portal\/index.php?rest_route=\/wp\/v2\/users\/1"}],"replies":[{"embeddable":true,"href":"https:\/\/aconteceunovale.com.br\/portal\/index.php?rest_route=%2Fwp%2Fv2%2Fcomments&post=96587"}],"version-history":[{"count":0,"href":"https:\/\/aconteceunovale.com.br\/portal\/index.php?rest_route=\/wp\/v2\/posts\/96587\/revisions"}],"wp:featuredmedia":[{"embeddable":true,"href":"https:\/\/aconteceunovale.com.br\/portal\/index.php?rest_route=\/wp\/v2\/media\/82499"}],"wp:attachment":[{"href":"https:\/\/aconteceunovale.com.br\/portal\/index.php?rest_route=%2Fwp%2Fv2%2Fmedia&parent=96587"}],"wp:term":[{"taxonomy":"category","embeddable":true,"href":"https:\/\/aconteceunovale.com.br\/portal\/index.php?rest_route=%2Fwp%2Fv2%2Fcategories&post=96587"},{"taxonomy":"post_tag","embeddable":true,"href":"https:\/\/aconteceunovale.com.br\/portal\/index.php?rest_route=%2Fwp%2Fv2%2Ftags&post=96587"}],"curies":[{"name":"wp","href":"https:\/\/api.w.org\/{rel}","templated":true}]}}