{"id":96576,"date":"2016-09-08T21:29:46","date_gmt":"2016-09-09T00:29:46","guid":{"rendered":"http:\/\/aconteceunovale.com.br\/portal\/?p=96576"},"modified":"2016-09-08T21:29:46","modified_gmt":"2016-09-09T00:29:46","slug":"tres-municipios-das-regioes-norte-e-central-de-minas-tem-apenas-um-candidato-a-prefeito","status":"publish","type":"post","link":"https:\/\/aconteceunovale.com.br\/portal\/?p=96576","title":{"rendered":"Tr\u00eas munic\u00edpios das regi\u00f5es Norte e Central de Minas t\u00eam apenas um candidato a prefeito"},"content":{"rendered":"<p>Eleitores de duas cidades do Norte de Minas e uma da regi\u00e3o Central se depararam com uma situa\u00e7\u00e3o curiosa: uma \u00fanica candidatura ao cargo de prefeito nestas elei\u00e7\u00f5es foi registrada nas cidades de Ninheira, Gameleiras e Inimutaba, respectivamente.<\/p>\n<p>Em casos como estes, muitas pessoas ficam em d\u00favida sobre o procedimento a ser adotado diante da situa\u00e7\u00e3o. De acordo com o cientista pol\u00edtico Ilson Lisboa, quando n\u00e3o h\u00e1 oposi\u00e7\u00e3o, um voto j\u00e1 \u00e9 suficiente para eleger o prefeito. \u201cA regra \u00e9 50% dos votos mais um. Como ele est\u00e1 sozinho, j\u00e1 tem a maioria. Se tiver um \u00fanico voto, j\u00e1 ser\u00e1 eleito\u201d, analisa.<\/p>\n<p>Em todo o pa\u00eds, 97 munic\u00edpios, em 13 estados brasileiros, possuem apenas um candidato a prefeito. S\u00e3o eles: Rio Grande do Sul, S\u00e3o Paulo, Minas Gerais, Paran\u00e1, Santa Catarina, Goi\u00e1s, Mato Grosso, Para\u00edba, Cear\u00e1, Mato Grosso do Sul, Piau\u00ed, Rio Grande do Norte e Tocantins. Minas Gerais tem 16 cidades com candidatos solit\u00e1rios.<\/p>\n<p>Essa condi\u00e7\u00e3o se aplica a cidade de Ninheira. Os 8.073 eleitores v\u00e3o \u00e0s urnas com apenas um candidato ao Executivo da cidade. O pol\u00edtico \u00e9 Gilmar Ferraz (PDT), que j\u00e1 foi prefeito em duas oportunidades e est\u00e1 perto de ser eleito pela terceira vez. \u201cMe candidatei pela primeira vez em 2004 e fui eleito, sendo reeleito em 2008\u201d, conta.<\/p>\n<p>Com dois mandatos no curr\u00edculo, Gilmar acredita que o fato de n\u00e3o haver concorrente \u00e9 a constata\u00e7\u00e3o de que realizou um bom trabalho. \u201cMe desliguei nas \u00faltimas elei\u00e7\u00f5es e agora volto \u00e0 disputa sem nenhuma oposi\u00e7\u00e3o. Isso \u00e9 o reconhecimento do trabalho desenvolvido ao longo dos meus mandatos\u201d, observa.<\/p>\n<p><strong>Inimutaba<\/strong><\/p>\n<p>A situa\u00e7\u00e3o \u00e9 semelhante na cidade que fica na regi\u00e3o Central de Minas. Os 6.045 eleitores do pequeno munic\u00edpio v\u00e3o se deparar nas urnas com apenas um candidato cadastrado. \u00c9 o atual prefeito, Rafael Dotti (PR), que tenta a reelei\u00e7\u00e3o sem nenhum concorrente, o que causou surpresa ao saber que n\u00e3o haveria oposi\u00e7\u00e3o no plebiscito.<\/p>\n<p>&#8220;Foi uma noticia que n\u00e3o esperava. Isso \u00e9 a confirma\u00e7\u00e3o que fizemos um bom trabalho, tanto \u00e9 que n\u00e3o houvesse oposi\u00e7\u00e3o. Se a gente tivesse errado, mais do que acertado, certamente teriam v\u00e1rios concorrentes\u201d, diz o candidato.<\/p>\n<p>A chapa de Rafael venceu a \u00faltima elei\u00e7\u00e3o com 74% de aprova\u00e7\u00e3o e uma diferen\u00e7a de 2.077, em um total de 4.300 votos v\u00e1lidos. Esses n\u00fameros, segundo Rafael, s\u00e3o reflexo da boa administra\u00e7\u00e3o feita por ele. \u201cA prova disso \u00e9 que n\u00e3o houve um candidato de oposi\u00e7\u00e3o&#8221;.<\/p>\n<p><strong>Gameleiras<\/strong><\/p>\n<p>A cidade norte-mineira faz parte do grupo de munic\u00edpios que conta com apenas um candidato ao executivo. Gilmar Rodrigues de Oliveiras, Gilmar de Miguelim (PT), \u00e9 candidato a prefeito pela primeira vez. &#8220;Nunca fui candidato a nenhum cargo pol\u00edtico e, por ser a primeira vez, me sinto bem tranquilo e preparado para esse novo desafio que est\u00e1 por vir&#8221;, conta.<\/p>\n<p>Gilmar \u00e9 gameleirense, se ausentou do munic\u00edpio durante doze anos e h\u00e1 nove voltou a residir na cidade, que conta com 4.403 eleitores. Segundo ele, a boa rela\u00e7\u00e3o com a popula\u00e7\u00e3o foi fundamental para decidir se candidatar e n\u00e3o haver oposi\u00e7\u00e3o.<\/p>\n<p>&#8220;Tenho uma aceita\u00e7\u00e3o de candidatura muito boa, as pessoas acreditam em mim. Tenho uma boa rela\u00e7\u00e3o de amizade com todos, todos me conhecem&#8221;, encerra o candidato.<\/p>\n<p><strong>Elei\u00e7\u00f5es 2016<\/strong><\/p>\n<p>Mais de 144 milh\u00f5es de eleitores em 5.568 munic\u00edpios brasileiros devem ir \u00e0s urnas no dia dois de outubro, pelo primeiro turno do plebiscito. Nas localidades onde haver a necessidade do segundo turno, os eleitores dever\u00e3o voltar aos campos eleitorais no dia 30 do mesmo m\u00eas.<\/p>\n<p><em>(Fonte: G1 Grande Minas)<\/em><\/p>\n","protected":false},"excerpt":{"rendered":"<p>Eleitores de duas cidades do Norte de Minas e uma da regi\u00e3o Central se depararam com uma situa\u00e7\u00e3o curiosa: uma \u00fanica candidatura ao cargo de prefeito nestas elei\u00e7\u00f5es foi registrada nas cidades de Ninheira, Gameleiras e Inimutaba, respectivamente. Em casos como estes, muitas pessoas ficam em d\u00favida sobre o procedimento a ser adotado diante da [&hellip;]<\/p>\n","protected":false},"author":1,"featured_media":95688,"comment_status":"open","ping_status":"closed","sticky":false,"template":"","format":"standard","meta":{"amp_status":"","footnotes":""},"categories":[79927,123,1236,40240],"tags":[109048,114485,114492,114478,114486,114493,114479,107337,114487,114494,114480,107336,107342,107338,107339,107335,107341,107340,107334,107316,107325,107321,107331,114488,114495,114481,109046,107322,107332,107347,114489,114496,114482,107343,107315,107323,109047,59515,114490,114497,107324,114483,78864,107333,114491,114498,114484,107330,4531,107344,107345,107346,12060,107320,107329,107318,107327,1804,114476,20968,758,107319,107328,107317,107326,114477],"class_list":["post-96576","post","type-post","status-publish","format-standard","has-post-thumbnail","hentry","category-eleicoes-2016-2","category-gerais","category-norte_de_minas","category-politica-2","tag-aplicativo-candidaturas-2016","tag-candidato-a-prefeito-de-gameleiras","tag-candidato-a-prefeito-de-inimutaba","tag-candidato-a-prefeito-de-ninheira","tag-candidato-a-prefeito-eleicoes-2016-gameleiras","tag-candidato-a-prefeito-eleicoes-2016-inimutaba","tag-candidato-a-prefeito-eleicoes-2016-ninheira","tag-candidatos-a-prefeito-de","tag-candidatos-a-prefeito-de-gameleiras","tag-candidatos-a-prefeito-de-inimutaba","tag-candidatos-a-prefeito-de-ninheira","tag-candidatos-a-prefeito-eleicoes-2016","tag-candidatos-a-prefeito-eleicoes-municipais-2016","tag-candidatos-a-prefeito-em","tag-candidatos-a-vereador-de","tag-candidatos-a-vereador-eleicoes-2016","tag-candidatos-a-vereador-eleicoes-municipais-2016","tag-candidatos-a-vereador-em","tag-candidatos-a-vereador-em-2016","tag-candidatos-eleicoes-2016","tag-candidatos-eleicoes-2016-minas-gerais","tag-candidatos-eleicoes-municipais-2016","tag-candidatos-eleicoes-municipais-2016-minas-gerais","tag-candidatos-em-gameleiras","tag-candidatos-em-inimutaba","tag-candidatos-em-ninheira","tag-candidaturas-2016","tag-candidaturas-eleicoes-municipais-2016","tag-candidaturas-eleicoes-municipais-2016-minas-gerais","tag-consultas-sobre-candidatos-2016","tag-disputa-eleitoral-gameleiras","tag-disputa-eleitoral-inimutaba","tag-disputa-eleitoral-ninheira","tag-divulgacao-de-candidaturas-2016","tag-divulgacao-de-candidaturas-eleicoes-2016","tag-divulgacao-de-candidaturas-eleicoes-2016-minas-gerais","tag-download-aplicativo-candidaturas-2016","tag-eleicoes-2016","tag-eleicoes-2016-gameleiras","tag-eleicoes-2016-inimutaba","tag-eleicoes-2016-minas-gerais","tag-eleicoes-2016-ninheira","tag-eleicoes-municipais-2016","tag-eleicoes-municipais-2016-divulgacao-de-candidaturas","tag-eleicoes-municipais-2016-em-gameleiras","tag-eleicoes-municipais-2016-em-inimutaba","tag-eleicoes-municipais-2016-em-ninheira","tag-eleicoes-municipais-2016-minas-gerais","tag-gameleiras","tag-informacoes-detalhadas-sobre-todos-os-candidatos-de-2016","tag-informacoes-sobre-todos-os-candidatos","tag-informacoes-sobre-todos-os-candidatos-de-2016","tag-inimutaba","tag-lista-candidaturas-eleicoes-2016","tag-lista-candidaturas-eleicoes-2016-minas-gerais","tag-lista-de-todos-os-candidatos-eleicoes-2016","tag-lista-de-todos-os-candidatos-eleicoes-2016-minas-gerais","tag-ninheira","tag-pdt","tag-pr","tag-pt","tag-relacao-candidaturas-eleicoes-2016","tag-relacao-candidaturas-eleicoes-2016-minas-gerais","tag-relacao-de-todos-os-candidatos-eleicoes-2016","tag-relacao-de-todos-os-candidatos-eleicoes-2016-minas-gerais","tag-tres-municipios-das-regioes-norte-e-central-de-minas-tem-apenas-um-candidato-a-prefeito"],"_links":{"self":[{"href":"https:\/\/aconteceunovale.com.br\/portal\/index.php?rest_route=\/wp\/v2\/posts\/96576","targetHints":{"allow":["GET"]}}],"collection":[{"href":"https:\/\/aconteceunovale.com.br\/portal\/index.php?rest_route=\/wp\/v2\/posts"}],"about":[{"href":"https:\/\/aconteceunovale.com.br\/portal\/index.php?rest_route=\/wp\/v2\/types\/post"}],"author":[{"embeddable":true,"href":"https:\/\/aconteceunovale.com.br\/portal\/index.php?rest_route=\/wp\/v2\/users\/1"}],"replies":[{"embeddable":true,"href":"https:\/\/aconteceunovale.com.br\/portal\/index.php?rest_route=%2Fwp%2Fv2%2Fcomments&post=96576"}],"version-history":[{"count":0,"href":"https:\/\/aconteceunovale.com.br\/portal\/index.php?rest_route=\/wp\/v2\/posts\/96576\/revisions"}],"wp:featuredmedia":[{"embeddable":true,"href":"https:\/\/aconteceunovale.com.br\/portal\/index.php?rest_route=\/wp\/v2\/media\/95688"}],"wp:attachment":[{"href":"https:\/\/aconteceunovale.com.br\/portal\/index.php?rest_route=%2Fwp%2Fv2%2Fmedia&parent=96576"}],"wp:term":[{"taxonomy":"category","embeddable":true,"href":"https:\/\/aconteceunovale.com.br\/portal\/index.php?rest_route=%2Fwp%2Fv2%2Fcategories&post=96576"},{"taxonomy":"post_tag","embeddable":true,"href":"https:\/\/aconteceunovale.com.br\/portal\/index.php?rest_route=%2Fwp%2Fv2%2Ftags&post=96576"}],"curies":[{"name":"wp","href":"https:\/\/api.w.org\/{rel}","templated":true}]}}