{"id":96573,"date":"2016-09-08T21:21:09","date_gmt":"2016-09-09T00:21:09","guid":{"rendered":"http:\/\/aconteceunovale.com.br\/portal\/?p=96573"},"modified":"2016-09-08T21:21:09","modified_gmt":"2016-09-09T00:21:09","slug":"bombeiros-controlam-incendio-no-municipio-de-bocaiuva","status":"publish","type":"post","link":"https:\/\/aconteceunovale.com.br\/portal\/?p=96573","title":{"rendered":"Bombeiros controlam inc\u00eandio no munic\u00edpio de Bocaiuva"},"content":{"rendered":"<p>O Corpo de Bombeiros conseguiu conter inc\u00eandio na comunidade de Brej\u00e3o, localizada a 10 quil\u00f4metros da cidade de Bocaiuva, no Norte de Minas Gerais. As chamas atingiram a vegeta\u00e7\u00e3o na \u00faltima segunda-feira (05\/09\/2016) e foram controladas no fim da tarde desta quinta-feira (8). Segundo os militares, no local foi detectado um inc\u00eandio subterr\u00e2neo, em uma \u00e1rea antes usada como brejo. <\/p>\n<p>Com o aux\u00edlio de uma retroescavadeira e caminh\u00e3o pipa, os militares conseguiram controlar o inc\u00eandio, ap\u00f3s procedimento de cercamento da \u00e1rea atingida. Uma das principais preocupa\u00e7\u00f5es dos bombeiros foi que foco passasse para uma \u00e1rea de preserva\u00e7\u00e3o, que fica pr\u00f3xima ao local, e tamb\u00e9m para outros terrenos vizinhos.<\/p>\n<p>Ap\u00f3s conten\u00e7\u00e3o das chamas, a guarni\u00e7\u00e3o instruiu os propriet\u00e1rios a realizarem monitoramento, j\u00e1 que o fogo ainda existe, em pouca propor\u00e7\u00e3o. A \u00e1rea atingida mede cerca de 2 mil metros. Ainda n\u00e3o se sabe o que ocasionou o inc\u00eandio.<\/p>\n<p><img decoding=\"async\" src=\"http:\/\/aconteceunovale.com.br\/portal\/wp-content\/uploads\/2016\/09\/incendio_bocaiuva.jpeg\" alt=\"\" \/><em>Retroescavadeira ajudou a conter foco das chamas (Foto: Corpo de Bombeiros\/Divulga\u00e7\u00e3o)<\/em><br \/>\n<\/br><\/p>\n<p><em>(Fonte: G1 Grande Minas)<\/em><\/p>\n","protected":false},"excerpt":{"rendered":"<p>O Corpo de Bombeiros conseguiu conter inc\u00eandio na comunidade de Brej\u00e3o, localizada a 10 quil\u00f4metros da cidade de Bocaiuva, no Norte de Minas Gerais. As chamas atingiram a vegeta\u00e7\u00e3o na \u00faltima segunda-feira (05\/09\/2016) e foram controladas no fim da tarde desta quinta-feira (8). Segundo os militares, no local foi detectado um inc\u00eandio subterr\u00e2neo, em uma [&hellip;]<\/p>\n","protected":false},"author":1,"featured_media":96574,"comment_status":"open","ping_status":"closed","sticky":false,"template":"","format":"standard","meta":{"amp_status":"","footnotes":""},"categories":[1236],"tags":[645,114472,53852,114474,114475,114473],"class_list":["post-96573","post","type-post","status-publish","format-standard","has-post-thumbnail","hentry","category-norte_de_minas","tag-bocaiuva","tag-bombeiros-controlam-incendio-no-municipio-de-bocaiuva","tag-incendio-bocaiuva","tag-incendio-na-zona-rural-de-bocaiuva","tag-incendio-no-municipio-de-bocaiuva","tag-incendio-perto-de-bocaiuva"],"_links":{"self":[{"href":"https:\/\/aconteceunovale.com.br\/portal\/index.php?rest_route=\/wp\/v2\/posts\/96573","targetHints":{"allow":["GET"]}}],"collection":[{"href":"https:\/\/aconteceunovale.com.br\/portal\/index.php?rest_route=\/wp\/v2\/posts"}],"about":[{"href":"https:\/\/aconteceunovale.com.br\/portal\/index.php?rest_route=\/wp\/v2\/types\/post"}],"author":[{"embeddable":true,"href":"https:\/\/aconteceunovale.com.br\/portal\/index.php?rest_route=\/wp\/v2\/users\/1"}],"replies":[{"embeddable":true,"href":"https:\/\/aconteceunovale.com.br\/portal\/index.php?rest_route=%2Fwp%2Fv2%2Fcomments&post=96573"}],"version-history":[{"count":0,"href":"https:\/\/aconteceunovale.com.br\/portal\/index.php?rest_route=\/wp\/v2\/posts\/96573\/revisions"}],"wp:featuredmedia":[{"embeddable":true,"href":"https:\/\/aconteceunovale.com.br\/portal\/index.php?rest_route=\/wp\/v2\/media\/96574"}],"wp:attachment":[{"href":"https:\/\/aconteceunovale.com.br\/portal\/index.php?rest_route=%2Fwp%2Fv2%2Fmedia&parent=96573"}],"wp:term":[{"taxonomy":"category","embeddable":true,"href":"https:\/\/aconteceunovale.com.br\/portal\/index.php?rest_route=%2Fwp%2Fv2%2Fcategories&post=96573"},{"taxonomy":"post_tag","embeddable":true,"href":"https:\/\/aconteceunovale.com.br\/portal\/index.php?rest_route=%2Fwp%2Fv2%2Ftags&post=96573"}],"curies":[{"name":"wp","href":"https:\/\/api.w.org\/{rel}","templated":true}]}}