{"id":96565,"date":"2016-09-08T20:53:19","date_gmt":"2016-09-08T23:53:19","guid":{"rendered":"http:\/\/aconteceunovale.com.br\/portal\/?p=96565"},"modified":"2016-09-08T20:53:19","modified_gmt":"2016-09-08T23:53:19","slug":"mais-de-1500-veiculos-serao-leiloados-pelo-detran-em-belo-horizonte","status":"publish","type":"post","link":"https:\/\/aconteceunovale.com.br\/portal\/?p=96565","title":{"rendered":"Mais de 1500 ve\u00edculos ser\u00e3o leiloados pelo DETRAN em Belo Horizonte"},"content":{"rendered":"<p>A Pol\u00edcia Civil, por meio do Departamento de Tr\u00e2nsito de Minas Gerais (Detran-MG), realiza entre os dias 12 e 15 de setembro dois leil\u00f5es com mais de 1500 ve\u00edculos recuper\u00e1veis e sucatas. Os leil\u00f5es acontecer\u00e3o no Gaia Eventos, na Avenida Dom Jo\u00e3o VI, n\u00ba 925, no Bairro Palmeiras, em Belo Horizonte.<\/p>\n<p>Os editais com a rela\u00e7\u00e3o completa dos ve\u00edculos e endere\u00e7o dos p\u00e1tios para inspe\u00e7\u00e3o visual est\u00e3o dispon\u00edveis no endere\u00e7o eletr\u00f4nico <a href=\"https:\/\/www.detran.mg.gov.br\/veiculos\" target=\"_blank\">detran.mg.gov.br\/ve\u00edculos<\/a>. Os interessados tamb\u00e9m devem preencher antecipadamente a ficha de cadastro no site.<\/p>\n<p>Com valores iniciais entre R$30,00 e R$9.000,00, o bem ser\u00e1 arrematado pelo maior lance dos participantes, pessoas f\u00edsicas ou jur\u00eddicas. No entanto, as sucatas s\u00f3 poder\u00e3o ser arrematadas por empresas cadastradas para desmonte.<\/p>\n<p>O arrematante n\u00e3o precisar\u00e1 pagar as custas do tempo que o ve\u00edculo permaneceu no p\u00e1tio e os d\u00e9bitos de multas, IPVA e taxa de licenciamento ser\u00e3o retirados do prontu\u00e1rio do ve\u00edculo, devendo quitar o DPVAT.<\/p>\n<p>Os lotes ser\u00e3o pagos \u00e0 vista, no prazo de tr\u00eas dias, e retirados conforme cronograma dispon\u00edvel no edital.<\/p>\n<p><strong>Sobre Leil\u00e3o<\/strong><\/p>\n<p>Os ve\u00edculos que v\u00e3o \u00e0 leil\u00e3o s\u00e3o aqueles apreendidos por infra\u00e7\u00e3o \u00e0 legisla\u00e7\u00e3o de tr\u00e2nsito ou recuperados de furtos e roubos, e que o propriet\u00e1rio n\u00e3o providenciou a retirada no prazo estabelecido na lei.<\/p>\n<p>Quando o ve\u00edculo chega aos p\u00e1tios credenciados do Detran-MG, o dono recebe um comunicado pelos correios e tem 60 dias para retirar o carro. Depois desse prazo, o ve\u00edculo passa por uma vistoria e se n\u00e3o houver impedimento legal, pode ser levado \u00e0 leil\u00e3o.<\/p>\n<p>Antes, o propriet\u00e1rio \u00e9 notificado mais tr\u00eas vezes por meio de edital, uma publicada na Imprensa Oficial do Estado de Minas Gerais (IOMG) e outras duas num jornal de grande circula\u00e7\u00e3o. Os comunicados estabelecem outros 30 dias para a retirada do ve\u00edculo. <\/p>\n<p>(Detran-MG)<\/p>\n","protected":false},"excerpt":{"rendered":"<p>A Pol\u00edcia Civil, por meio do Departamento de Tr\u00e2nsito de Minas Gerais (Detran-MG), realiza entre os dias 12 e 15 de setembro dois leil\u00f5es com mais de 1500 ve\u00edculos recuper\u00e1veis e sucatas. Os leil\u00f5es acontecer\u00e3o no Gaia Eventos, na Avenida Dom Jo\u00e3o VI, n\u00ba 925, no Bairro Palmeiras, em Belo Horizonte. Os editais com a [&hellip;]<\/p>\n","protected":false},"author":1,"featured_media":96566,"comment_status":"open","ping_status":"closed","sticky":false,"template":"","format":"standard","meta":{"amp_status":"","footnotes":""},"categories":[123],"tags":[1243,114458,114457,114456,114455,114459],"class_list":["post-96565","post","type-post","status-publish","format-standard","has-post-thumbnail","hentry","category-gerais","tag-detran-mg","tag-detran-mg-leiloa-1500-veiculos","tag-leilao-de-1500-veiculos-detran-mg","tag-leilao-de-veiculos-detran-mg","tag-leilao-detran-mg","tag-mais-de-1500-veiculos-serao-leiloados-pelo-detran-em-belo-horizonte"],"_links":{"self":[{"href":"https:\/\/aconteceunovale.com.br\/portal\/index.php?rest_route=\/wp\/v2\/posts\/96565","targetHints":{"allow":["GET"]}}],"collection":[{"href":"https:\/\/aconteceunovale.com.br\/portal\/index.php?rest_route=\/wp\/v2\/posts"}],"about":[{"href":"https:\/\/aconteceunovale.com.br\/portal\/index.php?rest_route=\/wp\/v2\/types\/post"}],"author":[{"embeddable":true,"href":"https:\/\/aconteceunovale.com.br\/portal\/index.php?rest_route=\/wp\/v2\/users\/1"}],"replies":[{"embeddable":true,"href":"https:\/\/aconteceunovale.com.br\/portal\/index.php?rest_route=%2Fwp%2Fv2%2Fcomments&post=96565"}],"version-history":[{"count":0,"href":"https:\/\/aconteceunovale.com.br\/portal\/index.php?rest_route=\/wp\/v2\/posts\/96565\/revisions"}],"wp:featuredmedia":[{"embeddable":true,"href":"https:\/\/aconteceunovale.com.br\/portal\/index.php?rest_route=\/wp\/v2\/media\/96566"}],"wp:attachment":[{"href":"https:\/\/aconteceunovale.com.br\/portal\/index.php?rest_route=%2Fwp%2Fv2%2Fmedia&parent=96565"}],"wp:term":[{"taxonomy":"category","embeddable":true,"href":"https:\/\/aconteceunovale.com.br\/portal\/index.php?rest_route=%2Fwp%2Fv2%2Fcategories&post=96565"},{"taxonomy":"post_tag","embeddable":true,"href":"https:\/\/aconteceunovale.com.br\/portal\/index.php?rest_route=%2Fwp%2Fv2%2Ftags&post=96565"}],"curies":[{"name":"wp","href":"https:\/\/api.w.org\/{rel}","templated":true}]}}