{"id":96551,"date":"2016-09-08T17:25:20","date_gmt":"2016-09-08T20:25:20","guid":{"rendered":"http:\/\/aconteceunovale.com.br\/portal\/?p=96551"},"modified":"2016-09-08T17:25:20","modified_gmt":"2016-09-08T20:25:20","slug":"beneficiarios-de-auxilio-doenca-do-inss-sao-convocados-para-revisao-de-pericia","status":"publish","type":"post","link":"https:\/\/aconteceunovale.com.br\/portal\/?p=96551","title":{"rendered":"Benefici\u00e1rios de aux\u00edlio-doen\u00e7a do INSS s\u00e3o convocados para revis\u00e3o de per\u00edcia"},"content":{"rendered":"<p>O Instituto Nacional do Seguro Social (INSS) come\u00e7ou a convocar nesta semana, por carta, os primeiros 75 mil benefici\u00e1rios de aux\u00edlio-doen\u00e7a que passar\u00e3o pela per\u00edcia m\u00e9dica de revis\u00e3o do benef\u00edcio. S\u00e3o pessoas que t\u00eam at\u00e9 39 anos de idade e que est\u00e3o h\u00e1 mais de dois anos sem passar por exame pericial.<\/p>\n<p>Ap\u00f3s o recebimento da carta, o benefici\u00e1rio ter\u00e1 cinco dias \u00fateis para agendar a per\u00edcia pela central de atendimento, no telefone 135. Quem n\u00e3o fizer o agendamento dentro do prazo ter\u00e1 o benef\u00edcio suspenso e s\u00f3 ser\u00e1 reativado ap\u00f3s o agendamento de uma nova per\u00edcia.<\/p>\n<p>O INSS refor\u00e7a que os benefici\u00e1rios n\u00e3o precisam comparecer \u00e0s ag\u00eancias de atendimento antes da convoca\u00e7\u00e3o. Segundo o instituto, para evitar sobrecarga e filas desnecess\u00e1rias, os benefici\u00e1rios ser\u00e3o convocados em lotes com crit\u00e9rios pr\u00e9-definidos.<\/p>\n<p>A revis\u00e3o pericial ser\u00e1 feita em 530 mil benefici\u00e1rios de aux\u00edlio-doen\u00e7a que receberam o benef\u00edcio por meio de decis\u00e3o judicial e n\u00e3o realizaram nenhuma atualiza\u00e7\u00e3o nos \u00faltimos dois anos. Em seguida, o governo vai revisar 1,2 milh\u00e3o de aposentadorias por invalidez, de pessoas com idade inferior a 60 anos.<\/p>\n<p>O benefici\u00e1rio que n\u00e3o concordar com o resultado da per\u00edcia poder\u00e1 recorrer da decis\u00e3o e solicitar nova avalia\u00e7\u00e3o.<\/p>\n<p>Segundo o INSS, a medida dar\u00e1 \u201cseguran\u00e7a\u201d a esses trabalhadores j\u00e1 que a previs\u00e3o \u00e9 que muitos benefici\u00e1rios migrem para o regime de aposentadoria por invalidez. Com esse pente-fino, a expectativa do governo \u00e9 que entre 15% a 20% dos convocados deixem de receber a quantia m\u00e9dia de R$ 1.193,73 por m\u00eas. Caso esse n\u00famero se confirme, a economia pode chegar a R$ 126 milh\u00f5es por m\u00eas para os cofres p\u00fablicos.<\/p>\n<p>Essas revis\u00f5es devem durar dois anos e n\u00e3o prejudicar\u00e3o os atendimentos regulares. Cada perito m\u00e9dico poder\u00e1 realizar at\u00e9 quatro per\u00edcias de revis\u00e3o por dia, al\u00e9m da agenda de atendimento, e receber\u00e1 R$ 60 por cada uma.<\/p>\n<p>Os benefici\u00e1rios devem manter seus endere\u00e7os atualizados junto ao INSS. A atualiza\u00e7\u00e3o cadastral pode ser feita pelo telefone 135 ou pela internet, na p\u00e1gina <a href=\"http:\/\/www.previdencia.gov.br\" target=\"_blank\">www.previdencia.gov.br<\/a>. Nos casos de pessoas com domic\u00edlio indefinido ou em localidades n\u00e3o atendidas pelos Correios, a convoca\u00e7\u00e3o ser\u00e1 feita por edital publicado em imprensa oficial. Para refor\u00e7ar a convoca\u00e7\u00e3o, tamb\u00e9m ser\u00e3o emitidos, a partir de novembro, avisos por meio dos caixas eletr\u00f4nicos das ag\u00eancias banc\u00e1rias.<\/p>\n<p>A revis\u00e3o pericial est\u00e1 prevista na Medida Provis\u00f3ria n\u00ba 739, de 07\/2016, e os procedimentos t\u00e9cnicos foram estabelecidos por meio da Resolu\u00e7\u00e3o n\u00b0 546, de 08\/2016.<\/p>\n<p>(Ag\u00eancia Brasil)<\/p>\n","protected":false},"excerpt":{"rendered":"<p>O Instituto Nacional do Seguro Social (INSS) come\u00e7ou a convocar nesta semana, por carta, os primeiros 75 mil benefici\u00e1rios de aux\u00edlio-doen\u00e7a que passar\u00e3o pela per\u00edcia m\u00e9dica de revis\u00e3o do benef\u00edcio. S\u00e3o pessoas que t\u00eam at\u00e9 39 anos de idade e que est\u00e3o h\u00e1 mais de dois anos sem passar por exame pericial. Ap\u00f3s o recebimento [&hellip;]<\/p>\n","protected":false},"author":1,"featured_media":95593,"comment_status":"open","ping_status":"closed","sticky":false,"template":"","format":"standard","meta":{"amp_status":"","footnotes":""},"categories":[6],"tags":[104042,99124,114422,6528,51098,61741,114421],"class_list":["post-96551","post","type-post","status-publish","format-standard","has-post-thumbnail","hentry","category-br","tag-auxilio-doenca","tag-beneficiarios","tag-beneficiarios-de-auxilio-doenca-do-inss-sao-convocados-para-revisao-de-pericia","tag-inss","tag-instituto-nacional-do-seguro-social","tag-pericia","tag-revisao"],"_links":{"self":[{"href":"https:\/\/aconteceunovale.com.br\/portal\/index.php?rest_route=\/wp\/v2\/posts\/96551","targetHints":{"allow":["GET"]}}],"collection":[{"href":"https:\/\/aconteceunovale.com.br\/portal\/index.php?rest_route=\/wp\/v2\/posts"}],"about":[{"href":"https:\/\/aconteceunovale.com.br\/portal\/index.php?rest_route=\/wp\/v2\/types\/post"}],"author":[{"embeddable":true,"href":"https:\/\/aconteceunovale.com.br\/portal\/index.php?rest_route=\/wp\/v2\/users\/1"}],"replies":[{"embeddable":true,"href":"https:\/\/aconteceunovale.com.br\/portal\/index.php?rest_route=%2Fwp%2Fv2%2Fcomments&post=96551"}],"version-history":[{"count":0,"href":"https:\/\/aconteceunovale.com.br\/portal\/index.php?rest_route=\/wp\/v2\/posts\/96551\/revisions"}],"wp:featuredmedia":[{"embeddable":true,"href":"https:\/\/aconteceunovale.com.br\/portal\/index.php?rest_route=\/wp\/v2\/media\/95593"}],"wp:attachment":[{"href":"https:\/\/aconteceunovale.com.br\/portal\/index.php?rest_route=%2Fwp%2Fv2%2Fmedia&parent=96551"}],"wp:term":[{"taxonomy":"category","embeddable":true,"href":"https:\/\/aconteceunovale.com.br\/portal\/index.php?rest_route=%2Fwp%2Fv2%2Fcategories&post=96551"},{"taxonomy":"post_tag","embeddable":true,"href":"https:\/\/aconteceunovale.com.br\/portal\/index.php?rest_route=%2Fwp%2Fv2%2Ftags&post=96551"}],"curies":[{"name":"wp","href":"https:\/\/api.w.org\/{rel}","templated":true}]}}