{"id":96534,"date":"2016-09-08T10:55:52","date_gmt":"2016-09-08T13:55:52","guid":{"rendered":"http:\/\/aconteceunovale.com.br\/portal\/?p=96534"},"modified":"2016-09-08T10:55:52","modified_gmt":"2016-09-08T13:55:52","slug":"feira-de-ciencias-do-norte-de-minas-recebe-inscricoes-de-trabalhos","status":"publish","type":"post","link":"https:\/\/aconteceunovale.com.br\/portal\/?p=96534","title":{"rendered":"Feira de Ci\u00eancias do Norte de Minas recebe inscri\u00e7\u00f5es de trabalhos"},"content":{"rendered":"<p>Est\u00e3o abertas as inscri\u00e7\u00f5es para a 5\u00aa Feira de Ci\u00eancias do Norte de Minas Gerais. O tema deste ano \u00e9 \u201cCi\u00eancia em prol das Leguminosas e do Bem-estar Animal\u201d, uma adapta\u00e7\u00e3o para o norte mineiro do tema definido pela Organiza\u00e7\u00e3o das Na\u00e7\u00f5es Unidas (ONU) para 2016: \u201cAno Internacional das Leguminosas e dos Camel\u00eddeos\u201d, animais da fam\u00edlia dos camelos e das lhamas. A programa\u00e7\u00e3o visa proporcionar uma reflex\u00e3o sobre os alimentos que est\u00e3o na mesa das pessoas do semi\u00e1rido mineiro, seus processos de produ\u00e7\u00e3o, outras formas de uso, aspectos econ\u00f4micos, al\u00e9m de t\u00e9cnicas de cria\u00e7\u00e3o de animais que assegurem o bem-estar, legisla\u00e7\u00e3o brasileira, entre outros.<\/p>\n<p>A 5\u00aa Feira de Ci\u00eancias do Norte de Minas Gerais ser\u00e1 realizada dentro da programa\u00e7\u00e3o da Semana do Conhecimento UFMG, de 17 a 21 de outubro. Interessados devem enviar trabalhos at\u00e9 30 de setembro. J\u00e1 as escolas interessadas podem agendar visita at\u00e9 o dia 13 de outubro. A chamada e outras informa\u00e7\u00f5es est\u00e3o dispon\u00edveis no site <a href=\"http:\/\/www.ica.ufmg.br\/fcnmg\/\" target=\"_blank\">www.ica.ufmg.br\/fcnmg<\/a>.<\/p>\n<p>Uma das novidades desta edi\u00e7\u00e3o da Feira de Ci\u00eancias \u00e9 o aumento do n\u00famero de trabalhos que ser\u00e3o selecionados, que passou de 20 para 30. O p\u00fablico alvo tamb\u00e9m aumentou: al\u00e9m de professores e alunos de gradua\u00e7\u00e3o e da educa\u00e7\u00e3o b\u00e1sica, estudantes da p\u00f3s-gradua\u00e7\u00e3o tamb\u00e9m poder\u00e3o enviar propostas. O evento contar\u00e1 com mesas redondas e com a parceria de institui\u00e7\u00f5es p\u00fablicas e privadas de ensino superior localizadas na regi\u00e3o, o que garantir\u00e1 a presen\u00e7a do laborat\u00f3rio m\u00f3vel do Instituto Federal do Norte de Minas (IFNMG), uma carreta cuja parte traseira foi transformada em laborat\u00f3rio de inform\u00e1tica para 30 alunos.<\/p>\n<p>\u201cO norte de Minas Gerais \u00e9 uma regi\u00e3o com escassez de \u00e1gua e as leguminosas, al\u00e9m de vantajosas para a nutri\u00e7\u00e3o, devido \u00e0s prote\u00ednas e carboidratos em sua composi\u00e7\u00e3o, auxiliam na efici\u00eancia do uso da \u00e1gua. Outro fator positivo das leguminosas \u00e9 que sua produ\u00e7\u00e3o aumenta a qualidade do solo, o que reduz a necessidade de fertilizantes e o custo das lavouras: ideal para os pequenos propriet\u00e1rios e para a agricultura familiar, comuns no norte de Minas\u201d, ressalta o coordenador da Feira de Ci\u00eancias Charles Martins Aguilar, professor do Instituto de Ci\u00eancias Agr\u00e1rias da UFMG.<\/p>\n<p><strong>Servi\u00e7o:<\/strong><br \/>\nV Feira de Ci\u00eancias do Norte de Minas Gerais<br \/>\nQuando: 17 a 19 de outubro<br \/>\nOnde: Montes Claros<br \/>\nSubmiss\u00e3o de trabalhos: at\u00e9 30 de setembro<br \/>\nAgendamento para visita\u00e7\u00e3o de escolas: at\u00e9 13 de outubro<br \/>\nP\u00fablico-alvo: estudantes e professores das Escolas da Educa\u00e7\u00e3o B\u00e1sica, T\u00e9cnica e Superior<\/p>\n<p>(Jessika Viveiros\/UFMG Montes Claros)<\/p>\n","protected":false},"excerpt":{"rendered":"<p>Est\u00e3o abertas as inscri\u00e7\u00f5es para a 5\u00aa Feira de Ci\u00eancias do Norte de Minas Gerais. O tema deste ano \u00e9 \u201cCi\u00eancia em prol das Leguminosas e do Bem-estar Animal\u201d, uma adapta\u00e7\u00e3o para o norte mineiro do tema definido pela Organiza\u00e7\u00e3o das Na\u00e7\u00f5es Unidas (ONU) para 2016: \u201cAno Internacional das Leguminosas e dos Camel\u00eddeos\u201d, animais da [&hellip;]<\/p>\n","protected":false},"author":1,"featured_media":96535,"comment_status":"open","ping_status":"closed","sticky":false,"template":"","format":"standard","meta":{"amp_status":"","footnotes":""},"categories":[125,1236],"tags":[114342,114345,114344,114343,114348,210,874,114347,114346],"class_list":["post-96534","post","type-post","status-publish","format-standard","has-post-thumbnail","hentry","category-noticias","category-norte_de_minas","tag-5a-feira-de-ciencias-do-norte-de-minas-gerais","tag-ano-internacional-das-leguminosas-e-dos-camelideos","tag-ciencia-em-prol-das-leguminosas-e-do-bem-estar-animal","tag-feira-de-ciencias-do-norte-de-minas-gerais","tag-feira-de-ciencias-do-norte-de-minas-recebe-inscricoes-de-trabalhos","tag-montes-claros","tag-ufmg","tag-ufmg-montes-claros","tag-v-feira-de-ciencias-do-norte-de-minas-gerais"],"_links":{"self":[{"href":"https:\/\/aconteceunovale.com.br\/portal\/index.php?rest_route=\/wp\/v2\/posts\/96534","targetHints":{"allow":["GET"]}}],"collection":[{"href":"https:\/\/aconteceunovale.com.br\/portal\/index.php?rest_route=\/wp\/v2\/posts"}],"about":[{"href":"https:\/\/aconteceunovale.com.br\/portal\/index.php?rest_route=\/wp\/v2\/types\/post"}],"author":[{"embeddable":true,"href":"https:\/\/aconteceunovale.com.br\/portal\/index.php?rest_route=\/wp\/v2\/users\/1"}],"replies":[{"embeddable":true,"href":"https:\/\/aconteceunovale.com.br\/portal\/index.php?rest_route=%2Fwp%2Fv2%2Fcomments&post=96534"}],"version-history":[{"count":0,"href":"https:\/\/aconteceunovale.com.br\/portal\/index.php?rest_route=\/wp\/v2\/posts\/96534\/revisions"}],"wp:featuredmedia":[{"embeddable":true,"href":"https:\/\/aconteceunovale.com.br\/portal\/index.php?rest_route=\/wp\/v2\/media\/96535"}],"wp:attachment":[{"href":"https:\/\/aconteceunovale.com.br\/portal\/index.php?rest_route=%2Fwp%2Fv2%2Fmedia&parent=96534"}],"wp:term":[{"taxonomy":"category","embeddable":true,"href":"https:\/\/aconteceunovale.com.br\/portal\/index.php?rest_route=%2Fwp%2Fv2%2Fcategories&post=96534"},{"taxonomy":"post_tag","embeddable":true,"href":"https:\/\/aconteceunovale.com.br\/portal\/index.php?rest_route=%2Fwp%2Fv2%2Ftags&post=96534"}],"curies":[{"name":"wp","href":"https:\/\/api.w.org\/{rel}","templated":true}]}}