{"id":96532,"date":"2016-09-08T10:46:16","date_gmt":"2016-09-08T13:46:16","guid":{"rendered":"http:\/\/aconteceunovale.com.br\/portal\/?p=96532"},"modified":"2016-09-08T10:46:16","modified_gmt":"2016-09-08T13:46:16","slug":"papa-francisco-pede-que-todas-as-religioes-condenem-terrorismo","status":"publish","type":"post","link":"https:\/\/aconteceunovale.com.br\/portal\/?p=96532","title":{"rendered":"Papa Francisco pede que todas as religi\u00f5es condenem terrorismo"},"content":{"rendered":"<p>Em um encontro com membros do Instituto de Di\u00e1logo Inter-religioso de Buenos Aires no Vaticano, o papa Francisco pediu para que todos os l\u00edderes condenem e afastem-se do terrorismo muitas vezes utilizado em nome da f\u00e9. As informa\u00e7\u00f5es s\u00e3o da Ag\u00eancia Ansa.<\/p>\n<p>&#8220;Percebemos com pesar que o nome da religi\u00e3o \u00e9 usado, muitas vezes, para cometer atrocidades como o terrorismo e semear o medo e a viol\u00eancia e, por consequ\u00eancia, as religi\u00f5es s\u00e3o identificadas como respons\u00e1veis pelo mal que as cercam. Essas a\u00e7\u00f5es abomin\u00e1veis devem ser condenadas de maneira determinada. \u00c9 preciso tomar dist\u00e2ncia de quem busca envenenar as pessoas, dividir e destruir a conviv\u00eancia&#8221;, disse o Pont\u00edfice aos religiosos nesta quinta-feira (8).<\/p>\n<p>Em sua fala, o papa afirmou que a vida \u00e9 sagrada e que por isso deve ser respeitada. Ele disse ainda que todos aqueles que acreditam em Deus devem defender a cria\u00e7\u00e3o e a vida e &#8220;n\u00e3o podem ficar em sil\u00eancio&#8221; quando veem atrocidades.<\/p>\n<p>&#8220;O homem e a mulher s\u00e3o chamados a defender a vida em todas as suas fases, a integridade f\u00edsica e as liberdades fundamentais, como a liberdade de consci\u00eancia, de pensamento, de express\u00e3o e de religi\u00e3o. \u00c9 um dever que precisamos respeitar porque n\u00f3s acreditamos que Deus \u00e9 o criador e n\u00f3s somos instrumentos em suas m\u00e3os para fazer com que todos os homens e mulheres sejam respeitados em sua dignidade&#8221;, acrescentou.<\/p>\n<p>Ao falar sobre o di\u00e1logo inter-religioso, o papa pediu ainda que todos os crentes &#8220;devem colaborar entre si&#8221; e com todos &#8220;os homens e mulheres de boa vontade que n\u00e3o professam nenhuma religi\u00e3o&#8221; para dar uma &#8220;resposta mais eficaz aos muitos males do mundo, como a guerra e a fome, a mis\u00e9ria que atinge milh\u00f5es de pessoas pela crise do meio-ambiente, da viol\u00eancia, da corrup\u00e7\u00e3o e da degrada\u00e7\u00e3o moral&#8221;.<\/p>\n<p>Al\u00e9m do encontro no Vaticano, no dia 20 de setembro, o papa Francisco ir\u00e1 para Assis nos 30 anos do Encontro Inter-religioso pela Paz.<\/p>\n<p>(Ag\u00eancia Ansa)<\/p>\n","protected":false},"excerpt":{"rendered":"<p>Em um encontro com membros do Instituto de Di\u00e1logo Inter-religioso de Buenos Aires no Vaticano, o papa Francisco pediu para que todos os l\u00edderes condenem e afastem-se do terrorismo muitas vezes utilizado em nome da f\u00e9. As informa\u00e7\u00f5es s\u00e3o da Ag\u00eancia Ansa. &#8220;Percebemos com pesar que o nome da religi\u00e3o \u00e9 usado, muitas vezes, para [&hellip;]<\/p>\n","protected":false},"author":1,"featured_media":79513,"comment_status":"open","ping_status":"closed","sticky":false,"template":"","format":"standard","meta":{"amp_status":"","footnotes":""},"categories":[28848],"tags":[114339,114338,114340,946,114341,101942],"class_list":["post-96532","post","type-post","status-publish","format-standard","has-post-thumbnail","hentry","category-mundo","tag-dialogo-inter-religioso","tag-instituto-de-dialogo-inter-religioso-de-buenos-aires-no-vaticano","tag-lider-religioso","tag-papa-francisco","tag-papa-francisco-pede-que-todas-as-religioes-condenem-terrorismo","tag-terrorismo"],"_links":{"self":[{"href":"https:\/\/aconteceunovale.com.br\/portal\/index.php?rest_route=\/wp\/v2\/posts\/96532","targetHints":{"allow":["GET"]}}],"collection":[{"href":"https:\/\/aconteceunovale.com.br\/portal\/index.php?rest_route=\/wp\/v2\/posts"}],"about":[{"href":"https:\/\/aconteceunovale.com.br\/portal\/index.php?rest_route=\/wp\/v2\/types\/post"}],"author":[{"embeddable":true,"href":"https:\/\/aconteceunovale.com.br\/portal\/index.php?rest_route=\/wp\/v2\/users\/1"}],"replies":[{"embeddable":true,"href":"https:\/\/aconteceunovale.com.br\/portal\/index.php?rest_route=%2Fwp%2Fv2%2Fcomments&post=96532"}],"version-history":[{"count":0,"href":"https:\/\/aconteceunovale.com.br\/portal\/index.php?rest_route=\/wp\/v2\/posts\/96532\/revisions"}],"wp:featuredmedia":[{"embeddable":true,"href":"https:\/\/aconteceunovale.com.br\/portal\/index.php?rest_route=\/wp\/v2\/media\/79513"}],"wp:attachment":[{"href":"https:\/\/aconteceunovale.com.br\/portal\/index.php?rest_route=%2Fwp%2Fv2%2Fmedia&parent=96532"}],"wp:term":[{"taxonomy":"category","embeddable":true,"href":"https:\/\/aconteceunovale.com.br\/portal\/index.php?rest_route=%2Fwp%2Fv2%2Fcategories&post=96532"},{"taxonomy":"post_tag","embeddable":true,"href":"https:\/\/aconteceunovale.com.br\/portal\/index.php?rest_route=%2Fwp%2Fv2%2Ftags&post=96532"}],"curies":[{"name":"wp","href":"https:\/\/api.w.org\/{rel}","templated":true}]}}