{"id":96522,"date":"2016-09-08T09:49:06","date_gmt":"2016-09-08T12:49:06","guid":{"rendered":"http:\/\/aconteceunovale.com.br\/portal\/?p=96522"},"modified":"2016-09-08T09:49:06","modified_gmt":"2016-09-08T12:49:06","slug":"previsao-do-tempo-para-minas-gerais-nesta-quinta-feira-8-de-setembro","status":"publish","type":"post","link":"https:\/\/aconteceunovale.com.br\/portal\/?p=96522","title":{"rendered":"Previs\u00e3o do tempo para Minas Gerais, nesta quinta-feira, 8 de setembro"},"content":{"rendered":"<h4><strong><em>Possibilidade de chuva isolada no Sul, Vertentes, Zona da Mata e Vale do Rio Doce. Demais regi\u00f5es, tempo est\u00e1vel.<\/em><\/strong><\/h4>\n<p>Nesta quinta-feira (8\/9) a instabilidade diminui sobre o Sudeste do Brasil. Por\u00e9m, em Minas Gerais h\u00e1 possibilidade de chuva isolada no Sul, Campo das Vertentes, Zona da Mata e Vale do Rio Doce.<\/p>\n<p>Nas outras regi\u00f5es mineiras o tempo deve ficar est\u00e1vel, com predom\u00ednio de Sol. Na Mesorregi\u00e3o Metropolitana de Belo Horizonte o dia ser\u00e1 de c\u00e9u claro a parcialmente nublado, com possibilidade de chuva localizada \u00e0 tarde.<\/p>\n<p>Na Grande BH as chances de chuva s\u00e3o pequenas. Na capital a temperatura deve variar entre 17\u00b0C e 30\u00b0C, com umidade m\u00ednima na casa dos 30%.<\/p>\n<p>As temperaturas ficam em ligeiro decl\u00ednio nos pr\u00f3ximos dias no Centro-Sul mineiro.<\/p>\n","protected":false},"excerpt":{"rendered":"<p>Possibilidade de chuva isolada no Sul, Vertentes, Zona da Mata e Vale do Rio Doce. Demais regi\u00f5es, tempo est\u00e1vel. Nesta quinta-feira (8\/9) a instabilidade diminui sobre o Sudeste do Brasil. Por\u00e9m, em Minas Gerais h\u00e1 possibilidade de chuva isolada no Sul, Campo das Vertentes, Zona da Mata e Vale do Rio Doce. Nas outras regi\u00f5es [&hellip;]<\/p>\n","protected":false},"author":1,"featured_media":82499,"comment_status":"open","ping_status":"closed","sticky":false,"template":"","format":"standard","meta":{"amp_status":"","footnotes":""},"categories":[123],"tags":[58623,194,131,37346,1956,27340,114323,86092,114322,1839,114320,29257,114319,114321],"class_list":["post-96522","post","type-post","status-publish","format-standard","has-post-thumbnail","hentry","category-gerais","tag-8-de-setembro","tag-belo-horizonte","tag-minas-gerais","tag-nesta-quinta-feira","tag-previsao-do-tempo","tag-previsao-do-tempo-para-belo-horizonte","tag-previsao-do-tempo-para-belo-horizonte-8-de-setembro","tag-previsao-do-tempo-para-belo-horizonte-nesta-quinta-feira","tag-previsao-do-tempo-para-belo-horizonte-nesta-quinta-feira-8-de-setembro","tag-previsao-do-tempo-para-minas-gerais","tag-previsao-do-tempo-para-minas-gerais-8-de-setembro","tag-previsao-do-tempo-para-minas-gerais-nesta-quinta-feira","tag-previsao-do-tempo-para-minas-gerais-nesta-quinta-feira-8-de-setembro","tag-quinta-feira-8-de-setembro"],"_links":{"self":[{"href":"https:\/\/aconteceunovale.com.br\/portal\/index.php?rest_route=\/wp\/v2\/posts\/96522","targetHints":{"allow":["GET"]}}],"collection":[{"href":"https:\/\/aconteceunovale.com.br\/portal\/index.php?rest_route=\/wp\/v2\/posts"}],"about":[{"href":"https:\/\/aconteceunovale.com.br\/portal\/index.php?rest_route=\/wp\/v2\/types\/post"}],"author":[{"embeddable":true,"href":"https:\/\/aconteceunovale.com.br\/portal\/index.php?rest_route=\/wp\/v2\/users\/1"}],"replies":[{"embeddable":true,"href":"https:\/\/aconteceunovale.com.br\/portal\/index.php?rest_route=%2Fwp%2Fv2%2Fcomments&post=96522"}],"version-history":[{"count":0,"href":"https:\/\/aconteceunovale.com.br\/portal\/index.php?rest_route=\/wp\/v2\/posts\/96522\/revisions"}],"wp:featuredmedia":[{"embeddable":true,"href":"https:\/\/aconteceunovale.com.br\/portal\/index.php?rest_route=\/wp\/v2\/media\/82499"}],"wp:attachment":[{"href":"https:\/\/aconteceunovale.com.br\/portal\/index.php?rest_route=%2Fwp%2Fv2%2Fmedia&parent=96522"}],"wp:term":[{"taxonomy":"category","embeddable":true,"href":"https:\/\/aconteceunovale.com.br\/portal\/index.php?rest_route=%2Fwp%2Fv2%2Fcategories&post=96522"},{"taxonomy":"post_tag","embeddable":true,"href":"https:\/\/aconteceunovale.com.br\/portal\/index.php?rest_route=%2Fwp%2Fv2%2Ftags&post=96522"}],"curies":[{"name":"wp","href":"https:\/\/api.w.org\/{rel}","templated":true}]}}