{"id":96513,"date":"2016-09-07T23:24:44","date_gmt":"2016-09-08T02:24:44","guid":{"rendered":"http:\/\/aconteceunovale.com.br\/portal\/?p=96513"},"modified":"2016-09-07T23:24:44","modified_gmt":"2016-09-08T02:24:44","slug":"paralimpiada-rio-2016-e-aberta-com-emocao-luzes-danca-e-musica-brasileira","status":"publish","type":"post","link":"https:\/\/aconteceunovale.com.br\/portal\/?p=96513","title":{"rendered":"Paralimp\u00edada Rio 2016 \u00e9 aberta com emo\u00e7\u00e3o, luzes, dan\u00e7a e m\u00fasica brasileira"},"content":{"rendered":"<p>Foi mais uma bela festa no Maracan\u00e3. Com intensa participa\u00e7\u00e3o do p\u00fablico, os Jogos Paral\u00edmpicos Rio 2016 foram abertos. Teve dan\u00e7a, muita m\u00fasica brasileira e momentos emocionantes. O espet\u00e1culo, dirigido por Vik Muniz, Marcelo Rubens Paixa e Fred Gelli, alternou momentos de muita intensidade com calmaria.<\/p>\n<p>Assim como nas cerim\u00f4nias dos Jogos Ol\u00edmpicos, a organiza\u00e7\u00e3o usou muitos recursos de proje\u00e7\u00e3o de luz para simular cen\u00e1rios e interagir com os figurantes. No final, o nadador Clodoaldo Silva acendeu a pira paral\u00edmpica e deu in\u00edcio aos jogos.<\/p>\n<p><strong>Megarrampa<\/strong><\/p>\n<p>No in\u00edcio da festa o cadeirante norte-americano Aaron \u201cWheelz\u201d desceu uma megarrampa erguida no Maracan\u00e3. N\u00e3o houve qualquer pausa para aumentar a tens\u00e3o. T\u00e3o logo os holofotes miraram em \u201cWheelz\u201d, ele desceu a rampa e passou por dentro de um c\u00edrculo. O c\u00edrculo disparou fogos de artif\u00edcio enquanto o atleta dava uma pirueta no ar com sua cadeira. Foi o in\u00edcio da cerim\u00f4nia, que levou o p\u00fablico \u00e0 loucura no Maracan\u00e3.<\/p>\n<p>O Hino Nacional foi executado pelo renomado pianista e maestro brasileiro Jo\u00e3o Carlos Martins. Mundialmente reconhecido por sua habilidade, o maestro e pianista tem as m\u00e3os parcialmente atrofiadas por uma s\u00e9rie de problemas f\u00edsicos. Enquanto tocava o hino ao piano, figurantes com guarda-s\u00f3is fizeram desabrochar a bandeira brasileira no campo do Maracan\u00e3. Mais um momento de muitos aplausos no est\u00e1dio praticamente lotado.<\/p>\n<p>A pr\u00f3pria organiza\u00e7\u00e3o da cerim\u00f4nia admite que a entrada das delega\u00e7\u00f5es \u00e9 um dos momentos mais dif\u00edceis, pelo desafio de manter o p\u00fablico interessado. Para minimizar o desafio, os idealizadores pensaram em uma intera\u00e7\u00e3o dos atletas com a cerim\u00f4nia. Entrando depois de apenas meia hora de espet\u00e1culo, cada uma das delega\u00e7\u00f5es trouxe uma pe\u00e7a de quebra-cabe\u00e7a.<\/p>\n<p>A delega\u00e7\u00e3o brasileira entrou por \u00faltima, \u00e0s 20h30 e o p\u00fablico celebrou como se fosse uma final de Copa do Mundo. Para a entrada da delega\u00e7\u00e3o anfitri\u00e3, \u00faltima a entrar no est\u00e1dio, foi executada uma m\u00fasica diferente de todas as outras. O Homem Falou, de Gonzaguinha. O p\u00fablico pulou e celebrou os atletas brasileiros ao som do refr\u00e3o \u201ca festa vai apenas come\u00e7ar\u201d. Os 286 atletas e comiss\u00e3o t\u00e9cnica do Brasil revigoraram o \u00e2nimo do p\u00fablico.<\/p>\n<p>Juntas, as pe\u00e7as de quebra-cabe\u00e7a, que traziam os rostos dos atletas estampados, formaram um cora\u00e7\u00e3o no meio do campo. Com ajuda de proje\u00e7\u00f5es de luz, o cora\u00e7\u00e3o parecia pulsar diante dos olhos de todos. Um festival de fogos iluminou os c\u00e9us do Rio de Janeiro, em mais um momento de arrepiar.<\/p>\n<p><strong>Nuzman exalta povo brasileiro<\/strong><\/p>\n<p>Em seu discurso, o presidente do Comit\u00ea Rio 2016, Carlos Arthur Nuzman, falou em constru\u00e7\u00e3o de um mundo novo, onde n\u00e3o haja diferen\u00e7as entre as pessoas. \u201cCelebramos um novo desafio, construir um mundo novo. Mais justo e fraterno, onde todos possam caminhar, lado a lado sem obst\u00e1culos. \u00c9 uma li\u00e7\u00e3o dif\u00edcil, que nos faz mais fortes. Quando todos duvidam, n\u00f3s brasileiros crescemos. Somos o pa\u00eds das realiza\u00e7\u00f5es imposs\u00edveis. Estamos juntos pela igualdade entre as pessoas. Gente que mesmo parecendo diferente tem o mesmo cora\u00e7\u00e3o\u201d, disse.<\/p>\n<p>Quando agradeceu aos governos federal, estadual e municipal, o p\u00fablico vaiou. Foram ouvidas vaias, aplausos, gritos de Brasil, \u201cFora Temer\u201d e assobios. O presidente do comit\u00ea ficou em sil\u00eancio por instantes enquanto a arquibancada mostrava diferentes tipos de rea\u00e7\u00e3o. Ele olhava para o p\u00fablico e apenas esperou. Depois, retomou sua fala dizendo que terminava o discurso de cora\u00e7\u00e3o aberto para os atletas e foi muito aplaudido.<\/p>\n<p>O presidente do Comit\u00ea Paral\u00edmpico Internacional (IPC), Phillip Craven, exaltou os atletas paral\u00edmpicos. \u201cEles v\u00e3o te surpreender. Mais que tudo, v\u00e3o mudar voc\u00eas. Voc\u00eas ver\u00e3o obst\u00e1culos como oportunidades e no Rio ter\u00e3o a oportunidade de fazer um mundo mais justo. Seus valores deixam claro o que voc\u00eas apoiam e quem voc\u00eas s\u00e3o. Com seu desempenho, contem sua hist\u00f3ria, como a esperan\u00e7a sempre vence o medo. Somos parte de um s\u00f3 mundo\u201d.<\/p>\n<p><strong>Bal\u00e9 paral\u00edmpico<\/strong><\/p>\n<p>Ao som de Sergio Mendes tocando Edu Lobo, a atleta e bailarina norte-americana do snowboard, Amy Purdy, encantou o p\u00fablico com uma coreografia que incluiu samba e ritmos mais lentos. Amy dan\u00e7ava com gra\u00e7a e leveza usando pr\u00f3teses nas duas pernas. Seu parceiro era um rob\u00f4 fabricado por uma empresa alem\u00e3. A m\u00e1quina conseguiu acompanhar a atleta nos passos mais lentos, mas quando o gingado tomou conta da coreografia, o rob\u00f4 n\u00e3o a acompanhou e a atleta saiu muito aplaudida.<\/p>\n<p>Um dos momentos mais emocionantes da cerim\u00f4nia foi o revezamento da tocha e acendimento da pira. A ex-atleta brasileira M\u00e1rcia Malsar levou a tocha por parte do campo do Maracan\u00e3. Ela fez parte da delega\u00e7\u00e3o brasileira que ajudou a impulsionar o esporte paraol\u00edmpico com a boa campanha nos Jogos de Nova York\/Stoke Mandeville-1984.<\/p>\n<p>M\u00e1rcia, que tem paralisia cerebral, caminhava com muita dificuldade, mesmo com aux\u00edlio de uma bengala. Chovia bastante na hora. No meio do trajeto, M\u00e1rcia caiu no ch\u00e3o. No mesmo instante em que era ajudada a se levantar, o p\u00fablico ficou de p\u00e9 e come\u00e7ou a aplaudir a ex-atleta.<\/p>\n<p>A para-atleta pegou a tocha do ch\u00e3o e se levantou devagar, muito aplaudida. Cada passo restante era acompanhado pelas palmas do p\u00fablico at\u00e9 que ela entregasse a tocha para a ex-velocista \u00c1dria Santos.<\/p>\n<p><strong>A pira paral\u00edmpica<\/strong><\/p>\n<p>O escolhido para fechar o revezamento foi o nadador brasileiro Clodoaldo Silva. Com a tocha em m\u00e3os, o nadador se aproximou da escadaria que dava acesso \u00e0 pira e olhou para o p\u00fablico, como se perguntasse como subiria com sua cadeira de rodas. Ent\u00e3o, a escadaria se abriu e transformou-se em uma rampa e Clodoaldo pode chegar \u00e0 pira, igual \u00e0 utilizada nos Jogos Ol\u00edmpicos.<\/p>\n<p>O nadador brasileiro, que faz sua \u00faltima Paralimp\u00edada no Rio de Janeiro, tem treze medalhas em quatro edi\u00e7\u00f5es dos jogos. Perto das 22h, Clodoaldo acendeu a pira, sob aplausos de um p\u00fablico muito participativo durante grande parte do evento. A cerim\u00f4nia terminou com as m\u00fasicas E Vamos \u00e0 Luta, de Gonzaguinha e \u00c9 Preciso Saber Viver, de Roberto Carlos e Erasmo Carlos.<\/p>\n<p><strong>Fotos<\/strong><\/p>\n<p><img decoding=\"async\" src=\"http:\/\/aconteceunovale.com.br\/portal\/wp-content\/uploads\/2016\/09\/abertura_paralimpiada_1.jpg\" alt=\"\" \/><em>Cerim\u00f4nia de abertura dos Jogos Paral\u00edmpicos Rio 2016 (Tomaz Silva\/Ag\u00eancia Brasil)<\/em><br \/>\n<\/br><\/p>\n<p><img decoding=\"async\" src=\"http:\/\/aconteceunovale.com.br\/portal\/wp-content\/uploads\/2016\/09\/abertura_paralimpiada_2.jpg\" alt=\"\" \/><em>Cerim\u00f4nia de abertura dos Jogos Paral\u00edmpicos Rio 2016 (Tomaz Silva\/Ag\u00eancia Brasil)<\/em><br \/>\n<\/br><\/p>\n<p><img decoding=\"async\" src=\"http:\/\/aconteceunovale.com.br\/portal\/wp-content\/uploads\/2016\/09\/abertura_paralimpiada_3.jpg\" alt=\"\" \/><em>Cerim\u00f4nia de abertura dos Jogos Paral\u00edmpicos Rio 2016 (Tomaz Silva\/Ag\u00eancia Brasil)<\/em><br \/>\n<\/br><\/p>\n<p><img decoding=\"async\" src=\"http:\/\/aconteceunovale.com.br\/portal\/wp-content\/uploads\/2016\/09\/abertura_paralimpiada_4.jpg\" alt=\"\" \/><em>Cerim\u00f4nia de abertura dos Jogos Paral\u00edmpicos Rio 2016 (Tomaz Silva\/Ag\u00eancia Brasil)<\/em><br \/>\n<\/br><\/p>\n<p><img decoding=\"async\" src=\"http:\/\/aconteceunovale.com.br\/portal\/wp-content\/uploads\/2016\/09\/abertura_paralimpiada_5.jpg\" alt=\"\" \/><em>Cerim\u00f4nia de abertura dos Jogos Paral\u00edmpicos Rio 2016 (Tomaz Silva\/Ag\u00eancia Brasil)<\/em><br \/>\n<\/br><\/p>\n<p><img decoding=\"async\" src=\"http:\/\/aconteceunovale.com.br\/portal\/wp-content\/uploads\/2016\/09\/abertura_paralimpiada_6.jpg\" alt=\"\" \/><em>Cerim\u00f4nia de abertura dos Jogos Paral\u00edmpicos Rio 2016 (Tomaz Silva\/Ag\u00eancia Brasil)<\/em><br \/>\n<\/br><\/p>\n<p><img decoding=\"async\" src=\"http:\/\/aconteceunovale.com.br\/portal\/wp-content\/uploads\/2016\/09\/abertura_paralimpiada_7.jpg\" alt=\"\" \/><em>Cerim\u00f4nia de abertura dos Jogos Paral\u00edmpicos Rio 2016 (Tomaz Silva\/Ag\u00eancia Brasil)<\/em><br \/>\n<\/br><\/p>\n<p><em>(Fonte: Ag\u00eancia Brasil)<\/em><\/p>\n","protected":false},"excerpt":{"rendered":"<p>Foi mais uma bela festa no Maracan\u00e3. Com intensa participa\u00e7\u00e3o do p\u00fablico, os Jogos Paral\u00edmpicos Rio 2016 foram abertos. Teve dan\u00e7a, muita m\u00fasica brasileira e momentos emocionantes. O espet\u00e1culo, dirigido por Vik Muniz, Marcelo Rubens Paixa e Fred Gelli, alternou momentos de muita intensidade com calmaria. Assim como nas cerim\u00f4nias dos Jogos Ol\u00edmpicos, a organiza\u00e7\u00e3o [&hellip;]<\/p>\n","protected":false},"author":1,"featured_media":96516,"comment_status":"open","ping_status":"closed","sticky":false,"template":"","format":"standard","meta":{"amp_status":"","footnotes":""},"categories":[6,59],"tags":[114312,114314,114313,107015,114308,114309,114318,50769,114311,39003,83670,15606,114316,114310,114317,84793,114315,107014,24117,1104],"class_list":["post-96513","post","type-post","status-publish","format-standard","has-post-thumbnail","hentry","category-br","category-sports","tag-aaron-wheelz","tag-amy-purdy","tag-atleta-e-bailarina-norte-americana-do-snowboard","tag-carlos-arthur-nuzman","tag-cerimonia-de-abertura","tag-cerimonia-de-abertura-da-paralimpiada-rio-2016","tag-danca-e-musica-brasileira","tag-esportes","tag-jogos-paralimpicos-2016","tag-jogos-paralimpicos-rio-2016","tag-luzes","tag-maracana","tag-nadador-brasileiro-clodoaldo-silva","tag-paralimpiada-rio-2016","tag-paralimpiada-rio-2016-e-aberta-com-emocao","tag-paralimpiadas","tag-pira-paralimpica","tag-presidente-do-comite-rio-2016","tag-rio-2016","tag-rio-de-janeiro"],"_links":{"self":[{"href":"https:\/\/aconteceunovale.com.br\/portal\/index.php?rest_route=\/wp\/v2\/posts\/96513","targetHints":{"allow":["GET"]}}],"collection":[{"href":"https:\/\/aconteceunovale.com.br\/portal\/index.php?rest_route=\/wp\/v2\/posts"}],"about":[{"href":"https:\/\/aconteceunovale.com.br\/portal\/index.php?rest_route=\/wp\/v2\/types\/post"}],"author":[{"embeddable":true,"href":"https:\/\/aconteceunovale.com.br\/portal\/index.php?rest_route=\/wp\/v2\/users\/1"}],"replies":[{"embeddable":true,"href":"https:\/\/aconteceunovale.com.br\/portal\/index.php?rest_route=%2Fwp%2Fv2%2Fcomments&post=96513"}],"version-history":[{"count":0,"href":"https:\/\/aconteceunovale.com.br\/portal\/index.php?rest_route=\/wp\/v2\/posts\/96513\/revisions"}],"wp:featuredmedia":[{"embeddable":true,"href":"https:\/\/aconteceunovale.com.br\/portal\/index.php?rest_route=\/wp\/v2\/media\/96516"}],"wp:attachment":[{"href":"https:\/\/aconteceunovale.com.br\/portal\/index.php?rest_route=%2Fwp%2Fv2%2Fmedia&parent=96513"}],"wp:term":[{"taxonomy":"category","embeddable":true,"href":"https:\/\/aconteceunovale.com.br\/portal\/index.php?rest_route=%2Fwp%2Fv2%2Fcategories&post=96513"},{"taxonomy":"post_tag","embeddable":true,"href":"https:\/\/aconteceunovale.com.br\/portal\/index.php?rest_route=%2Fwp%2Fv2%2Ftags&post=96513"}],"curies":[{"name":"wp","href":"https:\/\/api.w.org\/{rel}","templated":true}]}}