{"id":96509,"date":"2016-09-07T22:56:32","date_gmt":"2016-09-08T01:56:32","guid":{"rendered":"http:\/\/aconteceunovale.com.br\/portal\/?p=96509"},"modified":"2016-09-07T22:56:32","modified_gmt":"2016-09-08T01:56:32","slug":"dupla-rionegro-solimoes-e-a-principal-atracao-da-xxxiv-vaquejada-de-sao-sebastiao-do-maranhao","status":"publish","type":"post","link":"https:\/\/aconteceunovale.com.br\/portal\/?p=96509","title":{"rendered":"Dupla Rionegro &#038; Solim\u00f5es \u00e9 a principal atra\u00e7\u00e3o da XXXIV Vaquejada de S\u00e3o Sebasti\u00e3o do Maranh\u00e3o"},"content":{"rendered":"<p>Come\u00e7ou nesta quarta-feira, 7 de setembro de 2016, a XXXIV Vaquejada e Festa do Maranhense Ausente, em S\u00e3o Sebasti\u00e3o do Maranh\u00e3o, no Vale do Rio Doce. O evento, que acontece no Parque de Vaquejada Jos\u00e9 Franklin dos Reis, seguir\u00e1 at\u00e9 o pr\u00f3ximo domingo (11\/08) com shows de Marcelo Coelho, Rionegro e Solim\u00f5es, Gustavo Oliveira, Som do Povo, Daydson Lana e Kamila &#038; Wilker. Rodeio e vaquejada tamb\u00e9m est\u00e3o previstos programa\u00e7\u00e3o.<\/p>\n<p>Na sexta-feira (09\/08) a cidade recebe Rio Negro &#038; Solim\u00f5es, um dos maiores shows da m\u00fasica sertaneja brasileira. A renomada dupla \u00e9 formada por Jos\u00e9 Divino Neves (Rionegro) e Luiz Felizardo (Solim\u00f5es). Os dois cantores s\u00e3o naturais de Claraval (MG).<\/p>\n<p>Confira abaixo a programa\u00e7\u00e3o completa:<\/p>\n<p><strong>07\/09 (Quarta-feira):<\/strong><br \/>\n&#8211; 10h00 | 4\u00ba Leil\u00e3o de gado misto da Associa\u00e7\u00e3o Rural Maranhense<\/p>\n<p><strong>08\/09 (Quinta-feira):<\/strong><br \/>\n&#8211; 22h00 | Rodeio e logo ap\u00f3s, show com Marcelo Coelho<\/p>\n<p><strong>09\/09 (Sexta-feira):<\/strong><br \/>\n&#8211; 22h00 | Rodeio<br \/>\n&#8211; 00h00 | Show com Rionegro &#038; Solim\u00f5es<br \/>\n&#8211; 02h00 | Show com Gustavo Oliveira &#038; Banda<\/p>\n<p><strong>10\/09 (S\u00e1bado):<\/strong><br \/>\n&#8211; 22h00 | Rodeio &#8211; Locu\u00e7\u00e3o: Marco Brasil<br \/>\n&#8211; 00h00 | Show com banda Som do Povo<br \/>\n&#8211; 02h00 | Show com Daydson Lana<\/p>\n<p><strong>11\/09 (Domingo):<\/strong><br \/>\nVaquejada<br \/>\n&#8211; 16h00 | Bingo de um Gol 0 km<br \/>\n&#8211; 20h00 | Show com Kamilla &#038; Wilker<\/p>\n<p><img decoding=\"async\" src=\"http:\/\/aconteceunovale.com.br\/portal\/wp-content\/uploads\/2016\/09\/festa_maranhao_1.jpg\" alt=\"\" \/><\/p>\n","protected":false},"excerpt":{"rendered":"<p>Come\u00e7ou nesta quarta-feira, 7 de setembro de 2016, a XXXIV Vaquejada e Festa do Maranhense Ausente, em S\u00e3o Sebasti\u00e3o do Maranh\u00e3o, no Vale do Rio Doce. O evento, que acontece no Parque de Vaquejada Jos\u00e9 Franklin dos Reis, seguir\u00e1 at\u00e9 o pr\u00f3ximo domingo (11\/08) com shows de Marcelo Coelho, Rionegro e Solim\u00f5es, Gustavo Oliveira, Som [&hellip;]<\/p>\n","protected":false},"author":1,"featured_media":96511,"comment_status":"open","ping_status":"closed","sticky":false,"template":"","format":"standard","meta":{"amp_status":"","footnotes":""},"categories":[125,121],"tags":[114294,114288,114293,114289,36202,114303,1018,114283,114299,114291,114292,114302,114305,114304,114306,114300,114296,114290,114301,114307,114298,324,114295,114287,171,114297,114285,114286,114284],"class_list":["post-96509","post","type-post","status-publish","format-standard","has-post-thumbnail","hentry","category-noticias","category-leste","tag-atracoes-da-festa-do-maranhense-ausente-2016","tag-atracoes-vaquejada-de-sao-sebastiao-do-maranhao","tag-bandas-da-festa-do-maranhense-ausente-2016","tag-bandas-vaquejada-de-sao-sebastiao-do-maranhao","tag-claraval","tag-daydson-lana","tag-destaque","tag-dupla-rionegro-solimoes-e-a-principal-atracao-da-xxxiv-vaquejada-de-sao-sebastiao-do-maranhao","tag-festa-de-sao-sebastiao-do-maranhao","tag-festa-do-maranhense-ausente","tag-festa-do-maranhense-ausente-2016","tag-gustavo-oliveira","tag-jose-divino-neves","tag-kamila-wilker","tag-luiz-felizardo","tag-marcelo-coelho","tag-programacao-da-festa-do-maranhense-ausente-2016","tag-programacao-da-vaquejada-de-sao-sebastiao-do-maranhao","tag-rionegro-e-solimoes","tag-rionegro-e-solimoes-em-sao-sebastiao-do-maranhao","tag-rodeio-2016-sao-sebastiao-do-maranhao","tag-sao-sebastiao-do-maranhao","tag-shows-da-festa-do-maranhense-ausente-2016","tag-shows-vaquejada-de-sao-sebastiao-do-maranhao","tag-som-do-povo","tag-vaquejada-2016-sao-sebastiao-do-maranhao","tag-vaquejada-de-sao-sebastiao-do-maranhao","tag-vaquejada-de-sao-sebastiao-do-maranhao-2016","tag-xxxiv-vaquejada-de-sao-sebastiao-do-maranhao"],"_links":{"self":[{"href":"https:\/\/aconteceunovale.com.br\/portal\/index.php?rest_route=\/wp\/v2\/posts\/96509","targetHints":{"allow":["GET"]}}],"collection":[{"href":"https:\/\/aconteceunovale.com.br\/portal\/index.php?rest_route=\/wp\/v2\/posts"}],"about":[{"href":"https:\/\/aconteceunovale.com.br\/portal\/index.php?rest_route=\/wp\/v2\/types\/post"}],"author":[{"embeddable":true,"href":"https:\/\/aconteceunovale.com.br\/portal\/index.php?rest_route=\/wp\/v2\/users\/1"}],"replies":[{"embeddable":true,"href":"https:\/\/aconteceunovale.com.br\/portal\/index.php?rest_route=%2Fwp%2Fv2%2Fcomments&post=96509"}],"version-history":[{"count":0,"href":"https:\/\/aconteceunovale.com.br\/portal\/index.php?rest_route=\/wp\/v2\/posts\/96509\/revisions"}],"wp:featuredmedia":[{"embeddable":true,"href":"https:\/\/aconteceunovale.com.br\/portal\/index.php?rest_route=\/wp\/v2\/media\/96511"}],"wp:attachment":[{"href":"https:\/\/aconteceunovale.com.br\/portal\/index.php?rest_route=%2Fwp%2Fv2%2Fmedia&parent=96509"}],"wp:term":[{"taxonomy":"category","embeddable":true,"href":"https:\/\/aconteceunovale.com.br\/portal\/index.php?rest_route=%2Fwp%2Fv2%2Fcategories&post=96509"},{"taxonomy":"post_tag","embeddable":true,"href":"https:\/\/aconteceunovale.com.br\/portal\/index.php?rest_route=%2Fwp%2Fv2%2Ftags&post=96509"}],"curies":[{"name":"wp","href":"https:\/\/api.w.org\/{rel}","templated":true}]}}