{"id":96499,"date":"2016-09-07T21:06:17","date_gmt":"2016-09-08T00:06:17","guid":{"rendered":"http:\/\/aconteceunovale.com.br\/portal\/?p=96499"},"modified":"2016-09-07T21:06:17","modified_gmt":"2016-09-08T00:06:17","slug":"policia-registra-duplo-homicidio-no-municipio-de-mata-verde-no-vale-do-jequitinhonha","status":"publish","type":"post","link":"https:\/\/aconteceunovale.com.br\/portal\/?p=96499","title":{"rendered":"Pol\u00edcia registra duplo homic\u00eddio no munic\u00edpio de Mata Verde, no Vale do Jequitinhonha"},"content":{"rendered":"<p>Dois homens, de 23 e 35 anos, foram assassinados em Mata Verde, no Vale do Jequitinhonha. A ocorr\u00eancia foi registrada no in\u00edcio da madrugada desta quarta-feira, 7 de setembro de 2016, data em que a v\u00edtima mais nova comemoraria anivers\u00e1rio. Os corpos de Renato Mendes Dias e M\u00e1rcio Mendes Dias foram encontrados por um homem que transitava pela via vicinal da Fazenda C\u00f3rrego do Cov\u00e3o, na zona rural do munic\u00edpio. <\/p>\n<p>O solicitante informou \u00e0 Pol\u00edcia Militar (PM), que avistou marcas de sangue na lateral da estrada e ao verificar, viu os dois corpos no meio de uma vegeta\u00e7\u00e3o. De acordo com a PM, as v\u00edtimas apresentavam v\u00e1rias perfura\u00e7\u00f5es provenientes de arma de fogo, sendo que Renato apresentava um total de 13 ferimentos em diversas partes do corpo e M\u00e1rcio foi atingido por 12 tiros.<\/p>\n<p>Ainda segundo a PM, uma testemunha relatou que por volta de 00h30, no distrito de Vila Caf\u00e9 (BA), quatro indiv\u00edduos encapuzados se passaram por policiais e algemaram Renato, dizendo que iriam leva-lo para Mata Verde. Os suspeitos teriam informado que a v\u00edtima estava sendo presa em raz\u00e3o de ele ter participado de um latroc\u00ednio em data pret\u00e9rita. A testemunha tamb\u00e9m informou que os indiv\u00edduos provavelmente obrigaram Renato a informar a localiza\u00e7\u00e3o de M\u00e1rcio. <\/p>\n<p>A Per\u00edcia T\u00e9cnica da Pol\u00edcia Civil foi acionada e ap\u00f3s os trabalhos de praxe, os corpos foram removidos ao Instituto M\u00e9dico Legal (IML) em Almenara. A autoria do crime ainda \u00e9 desconhecida. O caso ser\u00e1 investigado pela Pol\u00edcia Civil.<\/p>\n","protected":false},"excerpt":{"rendered":"<p>Dois homens, de 23 e 35 anos, foram assassinados em Mata Verde, no Vale do Jequitinhonha. A ocorr\u00eancia foi registrada no in\u00edcio da madrugada desta quarta-feira, 7 de setembro de 2016, data em que a v\u00edtima mais nova comemoraria anivers\u00e1rio. Os corpos de Renato Mendes Dias e M\u00e1rcio Mendes Dias foram encontrados por um homem [&hellip;]<\/p>\n","protected":false},"author":1,"featured_media":90576,"comment_status":"open","ping_status":"closed","sticky":false,"template":"","format":"standard","meta":{"amp_status":"","footnotes":""},"categories":[120],"tags":[142,114247,114246,32743,114248,114254,114252,355,114250,114249,114245,114253,114251,82204],"class_list":["post-96499","post","type-post","status-publish","format-standard","has-post-thumbnail","hentry","category-jequi","tag-almenara","tag-assassinatos-mata-verde","tag-duplo-homicidio-em-mata-verde","tag-encruzilhada","tag-homicidios-mata-verde","tag-maiquinique","tag-marcio-mendes-dias","tag-mata-verde","tag-mortes-em-mata-verde","tag-mortos-em-mata-verde","tag-policia-registra-duplo-homicidio-no-municipio-de-mata-verde","tag-renato-mendes-dias","tag-vila-cafe","tag-violencia-mata-verde"],"_links":{"self":[{"href":"https:\/\/aconteceunovale.com.br\/portal\/index.php?rest_route=\/wp\/v2\/posts\/96499","targetHints":{"allow":["GET"]}}],"collection":[{"href":"https:\/\/aconteceunovale.com.br\/portal\/index.php?rest_route=\/wp\/v2\/posts"}],"about":[{"href":"https:\/\/aconteceunovale.com.br\/portal\/index.php?rest_route=\/wp\/v2\/types\/post"}],"author":[{"embeddable":true,"href":"https:\/\/aconteceunovale.com.br\/portal\/index.php?rest_route=\/wp\/v2\/users\/1"}],"replies":[{"embeddable":true,"href":"https:\/\/aconteceunovale.com.br\/portal\/index.php?rest_route=%2Fwp%2Fv2%2Fcomments&post=96499"}],"version-history":[{"count":0,"href":"https:\/\/aconteceunovale.com.br\/portal\/index.php?rest_route=\/wp\/v2\/posts\/96499\/revisions"}],"wp:featuredmedia":[{"embeddable":true,"href":"https:\/\/aconteceunovale.com.br\/portal\/index.php?rest_route=\/wp\/v2\/media\/90576"}],"wp:attachment":[{"href":"https:\/\/aconteceunovale.com.br\/portal\/index.php?rest_route=%2Fwp%2Fv2%2Fmedia&parent=96499"}],"wp:term":[{"taxonomy":"category","embeddable":true,"href":"https:\/\/aconteceunovale.com.br\/portal\/index.php?rest_route=%2Fwp%2Fv2%2Fcategories&post=96499"},{"taxonomy":"post_tag","embeddable":true,"href":"https:\/\/aconteceunovale.com.br\/portal\/index.php?rest_route=%2Fwp%2Fv2%2Ftags&post=96499"}],"curies":[{"name":"wp","href":"https:\/\/api.w.org\/{rel}","templated":true}]}}