{"id":96356,"date":"2016-09-04T18:12:19","date_gmt":"2016-09-04T21:12:19","guid":{"rendered":"http:\/\/aconteceunovale.com.br\/portal\/?p=96356"},"modified":"2016-09-04T18:12:19","modified_gmt":"2016-09-04T21:12:19","slug":"adolescente-de-15-anos-e-assassinado-na-frente-da-mae-em-teofilo-otoni","status":"publish","type":"post","link":"https:\/\/aconteceunovale.com.br\/portal\/?p=96356","title":{"rendered":"Adolescente de 15 anos \u00e9 assassinado na frente da m\u00e3e em Te\u00f3filo Otoni"},"content":{"rendered":"<p>Um adolescente de 15 anos foi executado com cinco tiros, dentro de sua casa, na frente de sua m\u00e3e, na madrugada deste domingo (04\/09), em Te\u00f3filo Otoni, na regi\u00e3o do Vale do Mucuri. De acordo com o relato da mulher \u00e0 Pol\u00edcia Militar (PM), dois homens pularam o muro da casa, localizada na Rua H, no bairro Castro Pires, e entraram no im\u00f3vel procurando por Maicon Marques Ferreira, que estava deitado na sala.<\/p>\n<p>Sem dizer nada, a dupla acertou dois tiros na nuca do adolescente, dois no t\u00f3rax e um na m\u00e3o direita. Os homens fugiram e at\u00e9 o momento n\u00e3o foram encontrados. A PM tamb\u00e9m n\u00e3o informou o que teria motivado o crime. (O Tempo)<\/p>\n","protected":false},"excerpt":{"rendered":"<p>Um adolescente de 15 anos foi executado com cinco tiros, dentro de sua casa, na frente de sua m\u00e3e, na madrugada deste domingo (04\/09), em Te\u00f3filo Otoni, na regi\u00e3o do Vale do Mucuri. De acordo com o relato da mulher \u00e0 Pol\u00edcia Militar (PM), dois homens pularam o muro da casa, localizada na Rua H, [&hellip;]<\/p>\n","protected":false},"author":1,"featured_media":77409,"comment_status":"open","ping_status":"closed","sticky":false,"template":"","format":"standard","meta":{"amp_status":"","footnotes":""},"categories":[122],"tags":[113905,80833,80832,113903,113904,52158,84036,164],"class_list":["post-96356","post","type-post","status-publish","format-standard","has-post-thumbnail","hentry","category-mucuri","tag-adolescente-de-15-anos-e-assassinado-na-frente-da-mae-em-teofilo-otoni","tag-assassinato-teofilo-otoni","tag-homicidio-teofilo-otoni","tag-maicon-marques-ferreira","tag-morto-na-frente-da-mae-em-teofilo-otoni","tag-morto-no-castro-pires-em-teofilo-otoni","tag-morto-teofilo-otoni","tag-teofilo-otoni"],"_links":{"self":[{"href":"https:\/\/aconteceunovale.com.br\/portal\/index.php?rest_route=\/wp\/v2\/posts\/96356","targetHints":{"allow":["GET"]}}],"collection":[{"href":"https:\/\/aconteceunovale.com.br\/portal\/index.php?rest_route=\/wp\/v2\/posts"}],"about":[{"href":"https:\/\/aconteceunovale.com.br\/portal\/index.php?rest_route=\/wp\/v2\/types\/post"}],"author":[{"embeddable":true,"href":"https:\/\/aconteceunovale.com.br\/portal\/index.php?rest_route=\/wp\/v2\/users\/1"}],"replies":[{"embeddable":true,"href":"https:\/\/aconteceunovale.com.br\/portal\/index.php?rest_route=%2Fwp%2Fv2%2Fcomments&post=96356"}],"version-history":[{"count":0,"href":"https:\/\/aconteceunovale.com.br\/portal\/index.php?rest_route=\/wp\/v2\/posts\/96356\/revisions"}],"wp:featuredmedia":[{"embeddable":true,"href":"https:\/\/aconteceunovale.com.br\/portal\/index.php?rest_route=\/wp\/v2\/media\/77409"}],"wp:attachment":[{"href":"https:\/\/aconteceunovale.com.br\/portal\/index.php?rest_route=%2Fwp%2Fv2%2Fmedia&parent=96356"}],"wp:term":[{"taxonomy":"category","embeddable":true,"href":"https:\/\/aconteceunovale.com.br\/portal\/index.php?rest_route=%2Fwp%2Fv2%2Fcategories&post=96356"},{"taxonomy":"post_tag","embeddable":true,"href":"https:\/\/aconteceunovale.com.br\/portal\/index.php?rest_route=%2Fwp%2Fv2%2Ftags&post=96356"}],"curies":[{"name":"wp","href":"https:\/\/api.w.org\/{rel}","templated":true}]}}