{"id":96351,"date":"2016-09-04T17:50:20","date_gmt":"2016-09-04T20:50:20","guid":{"rendered":"http:\/\/aconteceunovale.com.br\/portal\/?p=96351"},"modified":"2016-09-04T17:50:20","modified_gmt":"2016-09-04T20:50:20","slug":"madre-teresa-de-calcuta-e-canonizada-pelo-papa-francisco-em-missa-no-vaticano","status":"publish","type":"post","link":"https:\/\/aconteceunovale.com.br\/portal\/?p=96351","title":{"rendered":"Madre Teresa de Calcut\u00e1 \u00e9 canonizada pelo papa Francisco em missa no Vaticano"},"content":{"rendered":"<p>Em missa de canoniza\u00e7\u00e3o celebrada hoje (04\/09) na Pra\u00e7a S\u00e3o Pedro, no Vaticano, o papa Francisco declarou santa Madre Teresa de Calcut\u00e1. A cerim\u00f4nia contou com a presen\u00e7a de cerca de 120 mil fi\u00e9is de diversas partes do mundo.<\/p>\n<p>A miss\u00e3o de Madre Teresa, segundo Francisco, permanece nos dias de hoje como um testemunho eloquente da proximidade de Deus junto aos mais pobres. O papa tamb\u00e9m se referiu \u00e0 religiosa, de origem albanesa, como modelo de santidade para todos os agentes de miseric\u00f3rdia.<\/p>\n<p>\u201cMadre Teresa, ao longo de toda a sua exist\u00eancia, foi uma dispensadora generosa da miseric\u00f3rdia divina, fazendo-se dispon\u00edvel a todos, por meio do acolhimento e da defesa da vida humana, dos nascituros e daqueles abandonados e descartados.\u201d<\/p>\n<p>Referindo-se \u00e0 nova santa, fundadora das Mission\u00e1rias da Caridade, Francisco pediu que \u201cesta incans\u00e1vel agente de miseric\u00f3rdia\u201d ajude o mundo a entender que o \u00fanico crit\u00e9rio de a\u00e7\u00e3o \u00e9 o amor gratuito, livre de qualquer ideologia e de qualquer v\u00ednculo e que \u00e9 derramado sobre todos sem distin\u00e7\u00e3o de l\u00edngua, cultura, ra\u00e7a ou religi\u00e3o.<\/p>\n<p>\u201cLevemos no cora\u00e7\u00e3o o seu sorriso e o ofere\u00e7amos a quem encontremos no nosso caminho, especialmente \u00e0queles que sofrem. Assim, abriremos horizontes de alegria e de esperan\u00e7a numa humanidade t\u00e3o desesperan\u00e7ada e necessitada de compreens\u00e3o e ternura\u201d, concluiu o papa.<\/p>\n<p><strong>Milagre brasileiro e pr\u00eamio Nobel da Paz<\/strong><\/p>\n<p>O processo de canoniza\u00e7\u00e3o de madre Teresa teve in\u00edcio com um milagre envolvendo o brasileiro Marc\u00edlio Haddad Andrino, morador da cidade de Santos (SP). Ele foi diagnosticado com hidrocefalia e uma infec\u00e7\u00e3o rara no c\u00e9rebro, mas foi curado ap\u00f3s sua esposa rezar pedindo a intercess\u00e3o de Madre Teresa de Calcut\u00e1.<\/p>\n<p>A religiosa, cujo nome verdadeiro \u00e9 Agnes Gonxha Bojaxhiu, nasceu em uma comunidade albanesa no sul da antiga Iugosl\u00e1via. Ordenou-se freira na \u00cdndia, onde tomou o nome de Teresa. Em 1946, decidiu abandonar o convento e viver para os pobres. Sua atua\u00e7\u00e3o como mission\u00e1ria lhe rendeu o Pr\u00eamio Nobel da Paz em 1979.<\/p>\n<p>Madre Teresa de Calcut\u00e1 morreu em setembro de 1997 \u2013 seis anos antes de ser beatificada pelo papa Jo\u00e3o Paulo II.<\/p>\n<p><img decoding=\"async\" src=\"http:\/\/aconteceunovale.com.br\/portal\/wp-content\/uploads\/2016\/09\/madre_teresa.jpg\" alt=\"\" \/><em>Madre Teresa de Calcut\u00e1 \u00e9 canonizada pelo papa Francisco (Foto: Palermomania.it)<\/em><br \/>\n<\/br><\/p>\n<p>(Ag\u00eancia Brasil)<\/p>\n","protected":false},"excerpt":{"rendered":"<p>Em missa de canoniza\u00e7\u00e3o celebrada hoje (04\/09) na Pra\u00e7a S\u00e3o Pedro, no Vaticano, o papa Francisco declarou santa Madre Teresa de Calcut\u00e1. A cerim\u00f4nia contou com a presen\u00e7a de cerca de 120 mil fi\u00e9is de diversas partes do mundo. A miss\u00e3o de Madre Teresa, segundo Francisco, permanece nos dias de hoje como um testemunho eloquente [&hellip;]<\/p>\n","protected":false},"author":1,"featured_media":96352,"comment_status":"open","ping_status":"closed","sticky":false,"template":"","format":"standard","meta":{"amp_status":"","footnotes":""},"categories":[28848],"tags":[113897,113887,113890,24622,113893,70027,113889,113888,113896,113895,946,113892,113898,113894,113891,4094,113886],"class_list":["post-96351","post","type-post","status-publish","format-standard","has-post-thumbnail","hentry","category-mundo","tag-agnes-gonxha-bojaxhiu","tag-canonicacao","tag-canonizacao-da-madre-teresa-de-calcuta","tag-igreja-catolica","tag-madre-teresa","tag-madre-teresa-de-calcuta","tag-madre-teresa-de-calcuta-e-canonizada-pelo-papa-francisco","tag-madre-teresa-de-calcuta-e-canonizada-pelo-papa-francisco-em-missa-no-vaticano","tag-marcilio-haddad-andrino","tag-milagre-brasileiro","tag-papa-francisco","tag-papa-francisco-declarou-santa-madre-teresa-de-calcuta","tag-premio-nobel-da-paz-em-1979","tag-santa-madre-teresa","tag-santa-madre-teresa-de-calcuta","tag-santos","tag-vticano"],"_links":{"self":[{"href":"https:\/\/aconteceunovale.com.br\/portal\/index.php?rest_route=\/wp\/v2\/posts\/96351","targetHints":{"allow":["GET"]}}],"collection":[{"href":"https:\/\/aconteceunovale.com.br\/portal\/index.php?rest_route=\/wp\/v2\/posts"}],"about":[{"href":"https:\/\/aconteceunovale.com.br\/portal\/index.php?rest_route=\/wp\/v2\/types\/post"}],"author":[{"embeddable":true,"href":"https:\/\/aconteceunovale.com.br\/portal\/index.php?rest_route=\/wp\/v2\/users\/1"}],"replies":[{"embeddable":true,"href":"https:\/\/aconteceunovale.com.br\/portal\/index.php?rest_route=%2Fwp%2Fv2%2Fcomments&post=96351"}],"version-history":[{"count":0,"href":"https:\/\/aconteceunovale.com.br\/portal\/index.php?rest_route=\/wp\/v2\/posts\/96351\/revisions"}],"wp:featuredmedia":[{"embeddable":true,"href":"https:\/\/aconteceunovale.com.br\/portal\/index.php?rest_route=\/wp\/v2\/media\/96352"}],"wp:attachment":[{"href":"https:\/\/aconteceunovale.com.br\/portal\/index.php?rest_route=%2Fwp%2Fv2%2Fmedia&parent=96351"}],"wp:term":[{"taxonomy":"category","embeddable":true,"href":"https:\/\/aconteceunovale.com.br\/portal\/index.php?rest_route=%2Fwp%2Fv2%2Fcategories&post=96351"},{"taxonomy":"post_tag","embeddable":true,"href":"https:\/\/aconteceunovale.com.br\/portal\/index.php?rest_route=%2Fwp%2Fv2%2Ftags&post=96351"}],"curies":[{"name":"wp","href":"https:\/\/api.w.org\/{rel}","templated":true}]}}