{"id":96312,"date":"2016-09-02T21:52:29","date_gmt":"2016-09-03T00:52:29","guid":{"rendered":"http:\/\/aconteceunovale.com.br\/portal\/?p=96312"},"modified":"2016-09-02T21:52:29","modified_gmt":"2016-09-03T00:52:29","slug":"ministerio-das-cidades-vai-recorrer-de-suspensao-da-lei-do-farol-baixo","status":"publish","type":"post","link":"https:\/\/aconteceunovale.com.br\/portal\/?p=96312","title":{"rendered":"Minist\u00e9rio das Cidades vai recorrer de suspens\u00e3o da Lei do Farol Baixo"},"content":{"rendered":"<p>O Minist\u00e9rio das Cidades vai entrar com pedido de suspens\u00e3o da liminar que torna sem efeito a Lei do Farol Baixo (Lei 13.290).  A Advocacia-Geral da Uni\u00e3o foi notificada hoje (02\/09) do teor da decis\u00e3o, proferida pela Justi\u00e7a Federal no Distrito Federal, que determinou a suspens\u00e3o da aplica\u00e7\u00e3o de multas referentes \u00e0 lei.<\/p>\n<p>A Lei do Farol Baixo obrigava condutores de todo o pa\u00eds a acender o farol do ve\u00edculo durante o dia em rodovias. Na decis\u00e3o, o juiz Renato Borelli, da 20\u00aa Vara Federal em Bras\u00edlia, entendeu que os condutores n\u00e3o podem ser punidos pela falta de sinaliza\u00e7\u00e3o sobre a localiza\u00e7\u00e3o exata das rodovias.<\/p>\n<p> A consultoria jur\u00eddica do Minist\u00e9rio das Cidades, juntamente com a Procuradoria Regional da Uni\u00e3o-1\u00aa Regi\u00e3o, promete apresentar na pr\u00f3xima semana ao Tribunal Regional Federal da 1\u00aa Regi\u00e3o pedido de suspens\u00e3o de liminar, para que a lei volte a vigorar. O entendimento dos dois \u00f3rg\u00e3os \u00e9 de que a liminar n\u00e3o leva em considera\u00e7\u00e3o o bem coletivo e a seguran\u00e7a no tr\u00e2nsito. (Ag\u00eancia Brasil)<\/p>\n","protected":false},"excerpt":{"rendered":"<p>O Minist\u00e9rio das Cidades vai entrar com pedido de suspens\u00e3o da liminar que torna sem efeito a Lei do Farol Baixo (Lei 13.290). A Advocacia-Geral da Uni\u00e3o foi notificada hoje (02\/09) do teor da decis\u00e3o, proferida pela Justi\u00e7a Federal no Distrito Federal, que determinou a suspens\u00e3o da aplica\u00e7\u00e3o de multas referentes \u00e0 lei. A Lei [&hellip;]<\/p>\n","protected":false},"author":1,"featured_media":87736,"comment_status":"open","ping_status":"closed","sticky":false,"template":"","format":"standard","meta":{"amp_status":"","footnotes":""},"categories":[6],"tags":[113675,113677,113676,113678,113674,25807,113679,113680,28553,113669,113671,113673,113790,34625,19684,113670,113672],"class_list":["post-96312","post","type-post","status-publish","format-standard","has-post-thumbnail","hentry","category-br","tag-20a-vara-federal-em-brasilia","tag-adpva","tag-associacao-nacional-de-protecao-mutua-aos-proprietarios-de-veiculos-automotores","tag-farol","tag-juiz-renato-borelli","tag-justica","tag-justica-federal-no-df-suspende-lei-do-farol-baixo","tag-justica-federal-suspende-lei-do-farol-baixo","tag-lei","tag-lei-13-2902016","tag-lei-do-farol-baixo","tag-lei-do-farol-baixo-e-suspensa","tag-ministerio-das-cidades-vai-recorrer-de-suspensao-da-lei-do-farol-baixo","tag-rodovias","tag-suspensao","tag-suspensao-da-lei-13-2902016","tag-suspensao-da-lei-do-farol-baixo"],"_links":{"self":[{"href":"https:\/\/aconteceunovale.com.br\/portal\/index.php?rest_route=\/wp\/v2\/posts\/96312","targetHints":{"allow":["GET"]}}],"collection":[{"href":"https:\/\/aconteceunovale.com.br\/portal\/index.php?rest_route=\/wp\/v2\/posts"}],"about":[{"href":"https:\/\/aconteceunovale.com.br\/portal\/index.php?rest_route=\/wp\/v2\/types\/post"}],"author":[{"embeddable":true,"href":"https:\/\/aconteceunovale.com.br\/portal\/index.php?rest_route=\/wp\/v2\/users\/1"}],"replies":[{"embeddable":true,"href":"https:\/\/aconteceunovale.com.br\/portal\/index.php?rest_route=%2Fwp%2Fv2%2Fcomments&post=96312"}],"version-history":[{"count":0,"href":"https:\/\/aconteceunovale.com.br\/portal\/index.php?rest_route=\/wp\/v2\/posts\/96312\/revisions"}],"wp:featuredmedia":[{"embeddable":true,"href":"https:\/\/aconteceunovale.com.br\/portal\/index.php?rest_route=\/wp\/v2\/media\/87736"}],"wp:attachment":[{"href":"https:\/\/aconteceunovale.com.br\/portal\/index.php?rest_route=%2Fwp%2Fv2%2Fmedia&parent=96312"}],"wp:term":[{"taxonomy":"category","embeddable":true,"href":"https:\/\/aconteceunovale.com.br\/portal\/index.php?rest_route=%2Fwp%2Fv2%2Fcategories&post=96312"},{"taxonomy":"post_tag","embeddable":true,"href":"https:\/\/aconteceunovale.com.br\/portal\/index.php?rest_route=%2Fwp%2Fv2%2Ftags&post=96312"}],"curies":[{"name":"wp","href":"https:\/\/api.w.org\/{rel}","templated":true}]}}