{"id":96305,"date":"2016-09-02T21:20:51","date_gmt":"2016-09-03T00:20:51","guid":{"rendered":"http:\/\/aconteceunovale.com.br\/portal\/?p=96305"},"modified":"2016-09-02T21:20:51","modified_gmt":"2016-09-03T00:20:51","slug":"professores-da-unimontes-aceitam-acordo-e-anunciam-fim-da-greve","status":"publish","type":"post","link":"https:\/\/aconteceunovale.com.br\/portal\/?p=96305","title":{"rendered":"Professores da Unimontes aceitam acordo e anunciam fim da greve"},"content":{"rendered":"<p>A Associa\u00e7\u00e3o dos Docentes da Unimontes (Adunimontes) divulgou na noite desta sexta-feira (02\/08) o fim da greve dos servidores da institui\u00e7\u00e3o de ensino, que j\u00e1 durava 125 dias. Durante assembleia geral dos professores da universidade, a maioria aceitou o acordo proposto pelo Governo do Estado de Minas Gerais.<\/p>\n<p>Dos 200 professores presentes na vota\u00e7\u00e3o, 102 foram favor\u00e1veis ao acordo e fim da greve; 85 votos foram contr\u00e1rios. Segundo nota divulgada pela Adunimontes, o in\u00edcio das aulas ocorrer\u00e1 ap\u00f3s aprova\u00e7\u00e3o de calend\u00e1rio, em uma nova reuni\u00e3o junto ao Conselho de Ensino, Pesquisa e Extens\u00e3o (Cepex).<\/p>\n<p>Na \u00faltima quarta-feira (31), o Governo chegou a publicar nas redes sociais que a greve teria chegado ao fim, mas os professores contestaram e divulgaram nota negando o fim da paralisa\u00e7\u00e3o antes da assembleia, que foi efetivamente realizada nesta sexta-feira.<\/p>\n<p>A classe reivindicava reajuste de sal\u00e1rios, reestrutura\u00e7\u00e3o da carreira e incorpora\u00e7\u00e3o de gratifica\u00e7\u00f5es aos vencimentos.<\/p>\n<p><img decoding=\"async\" src=\"http:\/\/aconteceunovale.com.br\/portal\/wp-content\/uploads\/2016\/09\/greve_unimontes_fim_1.png\" alt=\"\" \/><em>Associa\u00e7\u00e3o divulgou nota informando fim da greve (Foto: Reprodu\u00e7\u00e3o\/Redes sociais)<\/em><br \/>\n<\/br><\/p>\n<p><img decoding=\"async\" src=\"http:\/\/aconteceunovale.com.br\/portal\/wp-content\/uploads\/2016\/09\/greve_unimontes_fim_2.jpg\" alt=\"\" \/><em>Retorno das aulas ser\u00e1 planejado (Foto: Christiano Jilvan\/Unimontes)<\/em><br \/>\n<\/br><\/p>\n<p><em>(Fonte: G1 Grande Minas)<\/em><\/p>\n","protected":false},"excerpt":{"rendered":"<p>A Associa\u00e7\u00e3o dos Docentes da Unimontes (Adunimontes) divulgou na noite desta sexta-feira (02\/08) o fim da greve dos servidores da institui\u00e7\u00e3o de ensino, que j\u00e1 durava 125 dias. Durante assembleia geral dos professores da universidade, a maioria aceitou o acordo proposto pelo Governo do Estado de Minas Gerais. Dos 200 professores presentes na vota\u00e7\u00e3o, 102 [&hellip;]<\/p>\n","protected":false},"author":1,"featured_media":96306,"comment_status":"open","ping_status":"closed","sticky":false,"template":"","format":"standard","meta":{"amp_status":"","footnotes":""},"categories":[40238,1236],"tags":[14145,45024,1018,113777,113776,14143,67399,113778],"class_list":["post-96305","post","type-post","status-publish","format-standard","has-post-thumbnail","hentry","category-educacao-2","category-norte_de_minas","tag-adunimontes","tag-associacao-dos-docentes-da-unimontes","tag-destaque","tag-fim-da-greve-dos-professores-da-unimontes","tag-fim-da-greve-na-unimontes","tag-greve-dos-professores-da-unimontes","tag-greve-unimontes","tag-professores-da-unimontes-aceitam-acordo-e-anunciam-fim-da-greve"],"_links":{"self":[{"href":"https:\/\/aconteceunovale.com.br\/portal\/index.php?rest_route=\/wp\/v2\/posts\/96305","targetHints":{"allow":["GET"]}}],"collection":[{"href":"https:\/\/aconteceunovale.com.br\/portal\/index.php?rest_route=\/wp\/v2\/posts"}],"about":[{"href":"https:\/\/aconteceunovale.com.br\/portal\/index.php?rest_route=\/wp\/v2\/types\/post"}],"author":[{"embeddable":true,"href":"https:\/\/aconteceunovale.com.br\/portal\/index.php?rest_route=\/wp\/v2\/users\/1"}],"replies":[{"embeddable":true,"href":"https:\/\/aconteceunovale.com.br\/portal\/index.php?rest_route=%2Fwp%2Fv2%2Fcomments&post=96305"}],"version-history":[{"count":0,"href":"https:\/\/aconteceunovale.com.br\/portal\/index.php?rest_route=\/wp\/v2\/posts\/96305\/revisions"}],"wp:featuredmedia":[{"embeddable":true,"href":"https:\/\/aconteceunovale.com.br\/portal\/index.php?rest_route=\/wp\/v2\/media\/96306"}],"wp:attachment":[{"href":"https:\/\/aconteceunovale.com.br\/portal\/index.php?rest_route=%2Fwp%2Fv2%2Fmedia&parent=96305"}],"wp:term":[{"taxonomy":"category","embeddable":true,"href":"https:\/\/aconteceunovale.com.br\/portal\/index.php?rest_route=%2Fwp%2Fv2%2Fcategories&post=96305"},{"taxonomy":"post_tag","embeddable":true,"href":"https:\/\/aconteceunovale.com.br\/portal\/index.php?rest_route=%2Fwp%2Fv2%2Ftags&post=96305"}],"curies":[{"name":"wp","href":"https:\/\/api.w.org\/{rel}","templated":true}]}}