{"id":96298,"date":"2016-09-02T21:06:46","date_gmt":"2016-09-03T00:06:46","guid":{"rendered":"http:\/\/aconteceunovale.com.br\/portal\/?p=96298"},"modified":"2016-09-02T21:06:46","modified_gmt":"2016-09-03T00:06:46","slug":"crianca-e-apreendida-apos-invadir-e-incendiar-casa-em-montes-claros-2","status":"publish","type":"post","link":"https:\/\/aconteceunovale.com.br\/portal\/?p=96298","title":{"rendered":"Crian\u00e7a \u00e9 apreendida ap\u00f3s invadir e incendiar casa em Montes Claros"},"content":{"rendered":"<p>Um menino, de 11 anos, foi detido na tarde desta sexta-feira (02\/09) em Montes Claros, no Norte de Minas. Segundo a Pol\u00edcia Militar (PM), a crian\u00e7a invadiu uma resid\u00eancia na Rua L\u00edrio, Bairro Sagrada Fam\u00edlia, acompanhada de um adolescente, de 16 anos, para roubar o local.<\/p>\n<p>Durante o crime, os dois atearam fogo em alguns m\u00f3veis da casa. A PM informou tamb\u00e9m que o adolescente fugiu, mas a crian\u00e7a foi detida ainda dentro do im\u00f3vel. Ainda segundo a PM, o menor teria afirmado que entrou na casa para roubar, mas pelo fato de estar escuro, resolveram acender um f\u00f3sforo, que acabou ocasionando o inc\u00eandio.<\/p>\n<p>O Corpo de Bombeiros combateu as chamas, mas at\u00e9 a publica\u00e7\u00e3o da mat\u00e9ria n\u00e3o confirmou os estragos causados pelo inc\u00eandio. N\u00e3o havia ningu\u00e9m na resid\u00eancia no momento do crime.<\/p>\n<p>Militares fazem buscas para tentar localizar o outro envolvido, mas at\u00e9 o fim da tarde desta sexta-feira, ele ainda n\u00e3o havia sido encontrado.<\/p>\n<p><strong>Bandidos roubam cerca de R$ 3 mil em distribuidora de g\u00e1s<\/strong><\/p>\n<p>Uma distribuidora de g\u00e1s foi assaltada na tarde desta sexta-feira (02\/09) em Montes Claros. Dois homens participaram do crime. Eles chegaram ao local em uma motocicleta e se passaram por clientes. Ao serem atendidos, eles anunciaram o assalto. <\/p>\n<p>Segundo os funcion\u00e1rios, eles foram obrigados a deitarem no ch\u00e3o enquanto os criminosos reviravam o local \u00e0 procura de dinheiro. As c\u00e2meras de seguran\u00e7a do estabelecimento tamb\u00e9m registraram a a\u00e7\u00e3o dos bandidos, que fugiram levando cerca de R$ 3 mil e um celular.<\/p>\n<p>A Pol\u00edcia Militar afirmou que faz buscas na regi\u00e3o para tentar localizar os criminosos, mas, at\u00e9 a publica\u00e7\u00e3o desta mat\u00e9ria, ningu\u00e9m foi preso.<\/p>\n<p><strong>Menor usa bicicleta roubada para assaltar mulher<\/strong><\/p>\n<p>Um adolescente de 16 anos foi apreendido depois de usar uma bicicleta roubada para cometer um assalto nessa quinta-feira (1\u00ba de setembro) em Montes Claros. Segundo a Pol\u00edcia Militar, ele abordou uma mulher na Rua Henrique Sapori Neto, no Bairro Edgar Pereira, e ordenou que ela entregasse o telefone.<\/p>\n<p>Depois do crime, a mulher e o esposo dela foram atr\u00e1s do menor, ele percebeu que estava sendo seguido, jogou o celular e continuo fugindo de bicicleta. A partir das caracter\u00edsticas informadas pela v\u00edtima, a PM conseguiu identificar e localizar o adolescente.<\/p>\n<p>Os policiais ainda descobriram que a bicicleta usada no assalto \u00e0 mulher havia sido roubada. O adolescente foi levado para a delegacia junto com a bicicleta e o celular.<\/p>\n<p><img decoding=\"async\" src=\"http:\/\/aconteceunovale.com.br\/portal\/wp-content\/uploads\/2016\/09\/detido_moc.jpeg\" alt=\"\" \/><em>Bicicleta roubada foi usada para assaltar mulher (Foto: PM\/Divulga\u00e7\u00e3o)<\/em><br \/>\n<\/br><\/p>\n<p><strong>Rapaz \u00e9 preso com 197 buchas de maconha<\/strong><\/p>\n<p>A Pol\u00edcia Militar prendeu um rapaz de 18 anos com 197 buchas de maconha no Bairro Eldorado, em Montes Claros, na ter\u00e7a-feira (30\/08). <\/p>\n<p>Uma equipe da Pol\u00edcia Militar fazia buscas pelos suspeitos de roubar cl\u00ednicas m\u00e9dicas na cidade, quando recebeu den\u00fancias de que um deles estaria com materiais il\u00edcitos em uma casa na Rua Abel Sena.<\/p>\n<p>Uma equipe foi at\u00e9 o local informado e apreendeu a droga, uma balan\u00e7a, R$ 62, dois celulares e material para embalar as subst\u00e2ncias. Todo o material foi levado para a Pol\u00edcia Civil junto com o rapaz.<\/p>\n<p><img decoding=\"async\" src=\"http:\/\/aconteceunovale.com.br\/portal\/wp-content\/uploads\/2016\/09\/drogas_moc.jpeg\" alt=\"\" \/><em>Materiais apreendidos no Bairro Eldorado (Foto: Pol\u00edcia Militar\/Divulga\u00e7\u00e3o)<\/em><br \/>\n<\/br><\/p>\n<p><strong>Menor \u00e9 baleado pela PM ap\u00f3s assalto<\/strong><\/p>\n<p>Dois adolescentes, de 12 e 15 anos, foram apreendidos depois de um assalto a uma loja de conveni\u00eancia de um posto de combust\u00edveis em Montes Claros. Um terceiro conseguiu fugir. Segundo as informa\u00e7\u00f5es da Pol\u00edcia Militar, eles estavam armados e fugiram levando dinheiro, cigarros e garrafas de bebidas.<\/p>\n<p>Durante a persegui\u00e7\u00e3o, o menor de 15 anos apontou uma arma na dire\u00e7\u00e3o dos PMs, um dos militares atirou e o atingiu na regi\u00e3o lombar. O Samu foi chamado e socorreu o jovem, que foi levado para um hospital e permanece sob escolta. Com ele foi apreendida uma r\u00e9plica de pistola. O segundo adolescente foi detido em seguida. A PM recuperou o material levado da loja.<\/p>\n<p><img decoding=\"async\" src=\"http:\/\/aconteceunovale.com.br\/portal\/wp-content\/uploads\/2016\/09\/roubo_moc.jpeg\" alt=\"\" \/><em>Material apreendido pela Pol\u00edcia Militar (Foto: Pol\u00edcia Militar\/Divulga\u00e7\u00e3o)<\/em><br \/>\n<\/br><\/p>\n<p><em>(Fonte: G1 Grande Minas)<\/em><\/p>\n","protected":false},"excerpt":{"rendered":"<p>Um menino, de 11 anos, foi detido na tarde desta sexta-feira (02\/09) em Montes Claros, no Norte de Minas. Segundo a Pol\u00edcia Militar (PM), a crian\u00e7a invadiu uma resid\u00eancia na Rua L\u00edrio, Bairro Sagrada Fam\u00edlia, acompanhada de um adolescente, de 16 anos, para roubar o local. Durante o crime, os dois atearam fogo em alguns [&hellip;]<\/p>\n","protected":false},"author":1,"featured_media":78106,"comment_status":"open","ping_status":"closed","sticky":false,"template":"","format":"standard","meta":{"amp_status":"","footnotes":""},"categories":[1236],"tags":[84150,73279,50155,113766,113767,113764,113763,71004,113765,210,61641,81512,80420],"class_list":["post-96298","post","type-post","status-publish","format-standard","has-post-thumbnail","hentry","category-norte_de_minas","tag-apreensao-de-drogas-em-montes-claros","tag-assalto-montes-claros","tag-assaltos-montes-claros","tag-bandidos-roubam-cerca-de-r-3-mil-em-distribuidora-de-gas","tag-bandidos-roubam-cerca-de-r-3-mil-em-distribuidora-de-gas-em-montes-claros","tag-crianca-apreendida-em-montes-claros","tag-crianca-e-apreendida-apos-invadir-e-incendiar-casa-em-montes-claros","tag-incendio-montes-claros","tag-maconha-apreendida-em-montes-claros","tag-montes-claros","tag-roubo-montes-claros","tag-trafico-de-drogas-montes-claros","tag-violencia-montes-claros"],"_links":{"self":[{"href":"https:\/\/aconteceunovale.com.br\/portal\/index.php?rest_route=\/wp\/v2\/posts\/96298","targetHints":{"allow":["GET"]}}],"collection":[{"href":"https:\/\/aconteceunovale.com.br\/portal\/index.php?rest_route=\/wp\/v2\/posts"}],"about":[{"href":"https:\/\/aconteceunovale.com.br\/portal\/index.php?rest_route=\/wp\/v2\/types\/post"}],"author":[{"embeddable":true,"href":"https:\/\/aconteceunovale.com.br\/portal\/index.php?rest_route=\/wp\/v2\/users\/1"}],"replies":[{"embeddable":true,"href":"https:\/\/aconteceunovale.com.br\/portal\/index.php?rest_route=%2Fwp%2Fv2%2Fcomments&post=96298"}],"version-history":[{"count":0,"href":"https:\/\/aconteceunovale.com.br\/portal\/index.php?rest_route=\/wp\/v2\/posts\/96298\/revisions"}],"wp:featuredmedia":[{"embeddable":true,"href":"https:\/\/aconteceunovale.com.br\/portal\/index.php?rest_route=\/wp\/v2\/media\/78106"}],"wp:attachment":[{"href":"https:\/\/aconteceunovale.com.br\/portal\/index.php?rest_route=%2Fwp%2Fv2%2Fmedia&parent=96298"}],"wp:term":[{"taxonomy":"category","embeddable":true,"href":"https:\/\/aconteceunovale.com.br\/portal\/index.php?rest_route=%2Fwp%2Fv2%2Fcategories&post=96298"},{"taxonomy":"post_tag","embeddable":true,"href":"https:\/\/aconteceunovale.com.br\/portal\/index.php?rest_route=%2Fwp%2Fv2%2Ftags&post=96298"}],"curies":[{"name":"wp","href":"https:\/\/api.w.org\/{rel}","templated":true}]}}