{"id":96281,"date":"2016-09-02T20:11:25","date_gmt":"2016-09-02T23:11:25","guid":{"rendered":"http:\/\/aconteceunovale.com.br\/portal\/?p=96281"},"modified":"2016-09-02T20:11:25","modified_gmt":"2016-09-02T23:11:25","slug":"justica-federal-determina-prisao-preventiva-de-ex-prefeito-de-pirapora","status":"publish","type":"post","link":"https:\/\/aconteceunovale.com.br\/portal\/?p=96281","title":{"rendered":"Justi\u00e7a Federal determina pris\u00e3o preventiva de ex-prefeito de Pirapora"},"content":{"rendered":"<p>A 3\u00aa Vara de Justi\u00e7a Federal em Montes Claros, no Norte de Minas, determinou na tarde desta sexta-feira (02\/09) a pris\u00e3o preventiva do ex-prefeito de Pirapora, Warmillon Braga. Ele foi preso pela Pol\u00edcia Federal na quarta-feira, 30, durante a opera\u00e7\u00e3o Os Donos do Poder, que teve o objetivo de desarticular uma organiza\u00e7\u00e3o criminosa que desviava recursos p\u00fablicos. Na a\u00e7\u00e3o, a pol\u00edcia cumpriu ainda quatro mandados de busca e apreens\u00e3o e oito mandados de condu\u00e7\u00e3o coercitiva. Segundo a PF, Braga permanece preso na Penitenci\u00e1ria de Francisco S\u00e1, onde dever\u00e1 ficar detido por prazo indeterminado.<\/p>\n<p>De acordo com as investiga\u00e7\u00f5es, o grupo criminoso superfaturava a contrata\u00e7\u00e3o de shows. A PF afirma que em tr\u00eas contratos, financiados com recursos do Minist\u00e9rio do Turismo, foram identificadas irregularidades. O preju\u00edzo aos cofres p\u00fablicos chega a R$ 446 mil.<\/p>\n<p>Os investigados podem responder por crimes contra a administra\u00e7\u00e3o p\u00fablica, fraude em licita\u00e7\u00e3o e forma\u00e7\u00e3o de quadrilha. Se condenados, as penas m\u00e1ximas ultrapassam 20 anos. A defesa do ex-prefeito afirmou que est\u00e1 avaliando o teor da decis\u00e3o para entrar com um pedido de habeas corpus.<\/p>\n<p><img decoding=\"async\" src=\"http:\/\/aconteceunovale.com.br\/portal\/wp-content\/uploads\/2016\/08\/operacao_pf_pirapora_5.jpg\" alt=\"\" \/><em>Suspeitos foram levados para Montes Claros (Foto: Mauro Miranda Ferreira\/Via WhatsApp)<\/em><br \/>\n<\/br><\/p>\n<p><em>(Fonte: G1 Grande Minas)<\/em><\/p>\n","protected":false},"excerpt":{"rendered":"<p>A 3\u00aa Vara de Justi\u00e7a Federal em Montes Claros, no Norte de Minas, determinou na tarde desta sexta-feira (02\/09) a pris\u00e3o preventiva do ex-prefeito de Pirapora, Warmillon Braga. Ele foi preso pela Pol\u00edcia Federal na quarta-feira, 30, durante a opera\u00e7\u00e3o Os Donos do Poder, que teve o objetivo de desarticular uma organiza\u00e7\u00e3o criminosa que desviava [&hellip;]<\/p>\n","protected":false},"author":1,"featured_media":96056,"comment_status":"open","ping_status":"closed","sticky":false,"template":"","format":"standard","meta":{"amp_status":"","footnotes":""},"categories":[1236],"tags":[113351,1018,113354,113350,113356,10706,113452,113347,113349,113352,113353,113355,113348,254,113346,113359,113357,113451,2288,113358,5552],"class_list":["post-96281","post","type-post","status-publish","format-standard","has-post-thumbnail","hentry","category-norte_de_minas","tag-corrupcao-pirapora","tag-destaque","tag-desvio-de-dinheiro-da-prefeitura-de-pirapora","tag-desvio-de-recursos-publicos-em-pirapora","tag-esquema-de-desvios-de-recursos-publicos-em-pirapora","tag-ex-prefeito-de-pirapora","tag-ex-prefeito-de-pirapora-e-preso-por-superfaturamento-de-shows","tag-operacao-da-pf-em-pirapora","tag-operacao-da-policia-federal-em-pirapora","tag-operacao-donos-do-poder","tag-operacao-donos-do-poder-em-pirapora","tag-organizacao-criminosa-que-desviava-recursos-publicos-no-municipio-de-pirapora","tag-pf-em-pirapora","tag-pirapora","tag-policia-federal-investiga-esquema-de-desvios-de-recursos-publicos-em-pirapora","tag-prisao-de-ex-prefeito-de-pirapora","tag-prisao-de-warmillon-braga","tag-prisao-de-warmillon-fonseca-braga","tag-warmillon-braga","tag-warmillon-braga-e-preso-pela-pf","tag-warmillon-fonseca-braga"],"_links":{"self":[{"href":"https:\/\/aconteceunovale.com.br\/portal\/index.php?rest_route=\/wp\/v2\/posts\/96281","targetHints":{"allow":["GET"]}}],"collection":[{"href":"https:\/\/aconteceunovale.com.br\/portal\/index.php?rest_route=\/wp\/v2\/posts"}],"about":[{"href":"https:\/\/aconteceunovale.com.br\/portal\/index.php?rest_route=\/wp\/v2\/types\/post"}],"author":[{"embeddable":true,"href":"https:\/\/aconteceunovale.com.br\/portal\/index.php?rest_route=\/wp\/v2\/users\/1"}],"replies":[{"embeddable":true,"href":"https:\/\/aconteceunovale.com.br\/portal\/index.php?rest_route=%2Fwp%2Fv2%2Fcomments&post=96281"}],"version-history":[{"count":0,"href":"https:\/\/aconteceunovale.com.br\/portal\/index.php?rest_route=\/wp\/v2\/posts\/96281\/revisions"}],"wp:featuredmedia":[{"embeddable":true,"href":"https:\/\/aconteceunovale.com.br\/portal\/index.php?rest_route=\/wp\/v2\/media\/96056"}],"wp:attachment":[{"href":"https:\/\/aconteceunovale.com.br\/portal\/index.php?rest_route=%2Fwp%2Fv2%2Fmedia&parent=96281"}],"wp:term":[{"taxonomy":"category","embeddable":true,"href":"https:\/\/aconteceunovale.com.br\/portal\/index.php?rest_route=%2Fwp%2Fv2%2Fcategories&post=96281"},{"taxonomy":"post_tag","embeddable":true,"href":"https:\/\/aconteceunovale.com.br\/portal\/index.php?rest_route=%2Fwp%2Fv2%2Ftags&post=96281"}],"curies":[{"name":"wp","href":"https:\/\/api.w.org\/{rel}","templated":true}]}}