{"id":96278,"date":"2016-09-02T19:49:56","date_gmt":"2016-09-02T22:49:56","guid":{"rendered":"http:\/\/aconteceunovale.com.br\/portal\/?p=96278"},"modified":"2016-09-02T19:49:56","modified_gmt":"2016-09-02T22:49:56","slug":"democrata-de-governador-valadares-foi-uma-especie-de-agiota-da-pavotec-diz-pf","status":"publish","type":"post","link":"https:\/\/aconteceunovale.com.br\/portal\/?p=96278","title":{"rendered":"Democrata de Governador Valadares foi uma esp\u00e9cie de agiota da Pavotec, diz PF"},"content":{"rendered":"<p>Durante entrevista coletiva realizada nesta quinta-feira (1\u00ba de setembro), na delegacia da Pol\u00edcia Federal (PF) de Governador Valadares, o procurador do Minist\u00e9rio P\u00fablico, Evandro Ventura, explicou como funcionava o esquema criminoso envolvendo o presidente do Esporte Clube Democrata, preso na 8\u00aa fase da opera\u00e7\u00e3o Mar de Lama, a empresa Pavotec, respons\u00e1vel pela coleta de lixo da cidade, e o munic\u00edpio. Al\u00e9m dos dois mandados de pris\u00f5es tamb\u00e9m foram cumpridos quatro mandados de busca e apreens\u00e3o e um de afastamento de fun\u00e7\u00e3o p\u00fablica contra o secret\u00e1rio de fazenda.<\/p>\n<p>Segundo as investiga\u00e7\u00f5es, a Pavotec tinha um cr\u00e9dito de R$ 16 milh\u00f5es com a prefeitura referente aos servi\u00e7os prestados no munic\u00edpio. Devido \u00e0 dificuldade de receber essa d\u00edvida, a empresa transferiu parte deste cr\u00e9dito para o presidente do Democrata, que, de acordo com Evandro Ventura, tinha facilidades dentro da prefeitura para receber a quantia. <\/p>\n<p>A Justi\u00e7a quebrou o sigilo banc\u00e1rio do clube, do presidente e do vice, que s\u00e3o pai e filho. At\u00e9 a data da quebra de sigilo o repasse teria sido de R$ 1.905.318,90. O dinheiro ia, por meio de transa\u00e7\u00f5es caracter\u00edsticas de lavagem de dinheiro, diretamente para as contas dos dois dirigentes do Esporte Clube Democrata.<\/p>\n<p>A pol\u00edcia interceptou \u00e1udios que comprovariam que o presidente do Democrata era cliente do ent\u00e3o procurador-geral do munic\u00edpio. Segundo os promotores de justi\u00e7a, o presidente do time aceitou a transfer\u00eancia do cr\u00e9dito porque confiava na influ\u00eancia do advogado dentro do munic\u00edpio.<\/p>\n<p>\u201cA Pavotec precisava de dinheiro e a prefeitura n\u00e3o estava pagando. Ent\u00e3o acreditamos que o presidente do Democrata comprou a d\u00edvida da Pavotec junto \u00e0 prefeitura, no valor de quase R$ 2 milh\u00f5es. Nesta compra o presidente do clube lucrou uma quantia que ainda n\u00e3o sabemos de quanto foi\u201d, afirma o procurador.<\/p>\n<p>Evandro explica que a rela\u00e7\u00e3o entre o ex-procurador do munic\u00edpio e o presidente do Democrata facilitou o recebimento deste dinheiro. \u201cQuem fazia a autoriza\u00e7\u00e3o do pagamento de cr\u00e9ditos dentro da prefeitura era o ex-procurador-geral, que tamb\u00e9m era advogado pessoal do presidente do time. O Democrata agiu como agiota nesta hist\u00f3ria\u201d explicou. <\/p>\n<p><img decoding=\"async\" src=\"http:\/\/aconteceunovale.com.br\/portal\/wp-content\/uploads\/2016\/09\/mar_de_lama_oito.jpg\" alt=\"\" \/><em>Oitava fase da opera\u00e7\u00e3o Mar de Lama foi realizada nesta quinta-feira (Foto: Patr\u00edcia Belo\/G1)<\/em><br \/>\n<\/br><\/p>\n<p><strong>Irregularidades<\/strong><\/p>\n<p>Segundo o delegado da PF, Andrei N\u00edcolas de Assun\u00e7\u00e3o, ocorreram diversas irregularidades nesta transfer\u00eancia de d\u00edvida. A pol\u00edcia descobriu que entre o clube e a empresa n\u00e3o havia d\u00edvida ou rela\u00e7\u00e3o comercial, o que configura uma falsidade ideol\u00f3gica.<\/p>\n<p>\u201cPrimeiro porque o ex-procurador, trabalhando dentro da prefeitura, n\u00e3o poderia advogar para ningu\u00e9m. O presidente do Democrata usou da influ\u00eancia dele, quando sabia que o ex-procurador ia liberar o dinheiro, uma vez que dependia somente da assinatura dele\u201d, contou. <\/p>\n<p>Assun\u00e7\u00e3o tamb\u00e9m relata que o munic\u00edpio de Valadares ajuizou a\u00e7\u00f5es contra o Democrata, j\u00e1 que o clube possui d\u00edvidas com a prefeitura. \u201cComo a prefeitura poderia realizar pagamentos para a dire\u00e7\u00e3o do time, sendo que eles tem pend\u00eancias com o governo municipal? \u00c9 il\u00f3gico essa situa\u00e7\u00e3o\u201d, pontuou o delegado. <\/p>\n<p><strong>Pris\u00f5es e afastamentos<\/strong><\/p>\n<p>Na manh\u00e3 desta quinta foram presos, por meio de mandados de pris\u00f5es, o ex-procurador e o presidente do Democrata. Eles foram encaminhados para o pres\u00eddio de Governador Valadares, onde devem ficar at\u00e9 a pr\u00f3xima segunda-feira (5), caso o pedido de pris\u00e3o n\u00e3o seja prolongando. <\/p>\n<p>O secret\u00e1rio de fazenda que foi afastando nesta fase da opera\u00e7\u00e3o, segundo a PF, est\u00e1 sendo investigado porque a libera\u00e7\u00e3o do pagamento do cr\u00e9dito, al\u00e9m de passar pelo aval do ex-procurador, tamb\u00e9m passou pela aprova\u00e7\u00e3o do secret\u00e1rio de fazenda. \u201cEle deu parecer favor\u00e1vel para os pagamentos. Neste primeiro momento ele est\u00e1 sendo investigado\u201d, concluiu.<\/p>\n<p>O vice-presidente do Democrata tamb\u00e9m foi preso em flagrante durante a 8\u00aa fase da opera\u00e7\u00e3o, por posse ilegal de arma. Durante o cumprimento dos mandados de buscas e apreens\u00f5es, a PF apreendeu uma arma de fogo e muni\u00e7\u00e3o na casa dele. Ele pagou fian\u00e7a e foi liberado. <\/p>\n<p><strong>O que dizem os envolvidos<\/strong><\/p>\n<p>A defesa do presidente do Democrata informou por telefone que vai procurar ter acesso a inteiro teor do processo para tomar conhecimento de todos os fatos. Segundo a defesa, o presidente do clube nega que tenha praticado qualquer ato il\u00edcito.<\/p>\n<p>\u201cEle j\u00e1 prestou esclarecimento \u00e0 PF e disse que n\u00e3o tem nada a esconder. Ele vai continuar contribuindo com as investiga\u00e7\u00f5es, com a justi\u00e7a\u201d, disse o advogado Allan Toledo. <\/p>\n<p>A empresa Pavotec disse que n\u00e3o vai se posicionar sobre o fato. A defesa do ex-procurador do munic\u00edpio informou por meio de nota que n\u00e3o h\u00e1 motivos para a manuten\u00e7\u00e3o da pris\u00e3o e vai adotar medidas jur\u00eddicas para revog\u00e1-la.<\/p>\n<p>A Prefeitura de Governador Valadares afirmou que tem colaborado com as a\u00e7\u00f5es e confia na averigua\u00e7\u00e3o da verdade dos fatos feita pelos \u00f3rg\u00e3os de investiga\u00e7\u00e3o e Justi\u00e7a.<\/p>\n<p><em>(Fonte: G1 dos Vales)<\/em><\/p>\n","protected":false},"excerpt":{"rendered":"<p>Durante entrevista coletiva realizada nesta quinta-feira (1\u00ba de setembro), na delegacia da Pol\u00edcia Federal (PF) de Governador Valadares, o procurador do Minist\u00e9rio P\u00fablico, Evandro Ventura, explicou como funcionava o esquema criminoso envolvendo o presidente do Esporte Clube Democrata, preso na 8\u00aa fase da opera\u00e7\u00e3o Mar de Lama, a empresa Pavotec, respons\u00e1vel pela coleta de lixo [&hellip;]<\/p>\n","protected":false},"author":1,"featured_media":96279,"comment_status":"open","ping_status":"closed","sticky":false,"template":"","format":"standard","meta":{"amp_status":"","footnotes":""},"categories":[121],"tags":[100183,95481,88052,27930,88528,88412,88221,88090,27927,98819,95486,88047,88511,88077,95458,109685,88410,100979,4376,113745,1018,88078,88076,98821,29486,95475,95470,95474,65870,88098,88081,100978,88094,88096,88101,88103,46212,109705,100191,1886,66364,88092,88072,37874,100190,69630,88099,95293,95457,95303,113486,88053,95484,88057,27921,98280,247,38105,95456,67701,95483,100193,95469,100195,95478,96031,88080,96028,95477,96030,88088,88071,99429,99430,96102,74250,74249,95480,95471,95473,88062,88446,100184,27928,88066,697,19674,5667,18887,19675,109683,109682,88070,88082,88046,88045,88074,98825,95479,100980,88100,88102,113492,20966,88079,772,18980,88512,35082,88264,100321,113544,113545,100192,88075,19707,95505,95510,88050,88051,88091,88065,88095,88097,113490,95294,88054,88055,88056,88089,88059,95295,88058,88060,88068,88067,88083,88042,96840,88087,88064,95289,88043,88085,88061,95498,95490,95494,95496,113543,113489,95455,88093,95292,95508,95507,95489,95502,95501,95504,95491,95493,95495,95503,95506,95512,95499,95492,95511,113488,95509,95500,95497,96839,96838,758,98826,98823,98824,95482,95488,95476,96029,98822,98820,49318,80641,95472,88073,88086,88063,95487,100180,100182,100181,88350,100925,95485,5035,88044,95288,88040,100308,100309,100310,62430,88084,27929],"class_list":["post-96278","post","type-post","status-publish","format-standard","has-post-thumbnail","hentry","category-leste","tag-3a-vara-criminal-da-comarca-de-governador-valadares","tag-aldair-santos-doliveira","tag-anania-paula-da-silva","tag-ananias-camelo","tag-anexo-da-camara-municipal-de-governador-valadares-e-alvo-de-vandalismo","tag-bispo-da-diocese-de-governador-valadares","tag-camara-municipal-de-governador-valadares","tag-carlos-helder-lazaro","tag-cezinha-alvarenga","tag-claudineia-araujo","tag-construtora-vieira-prado","tag-corrupcao-governador-valadares","tag-corrupcao-pt","tag-corrupcao-saae-de-governador-valadares","tag-corrupcao-valadarense","tag-crimes-contra-a-administracao-publica-no-municipio-de-governador-valadares","tag-darly-alves-de-souza","tag-delacao-premiada-do-ex-diretor-do-saae-jefferson-santos-lima","tag-democrata","tag-democrata-de-governador-valadares-foi-uma-especie-de-agiota-da-pavotec","tag-destaque","tag-desvio-de-dinheiro-governador-valadares","tag-desvio-de-dinheiro-saae-de-governador-valadares","tag-desvio-de-recursos-publicos-governador-valadares","tag-diocese-de-governador-valadares","tag-diretor-adjunto-do-saae","tag-diretor-de-gestao-de-rh-do-saae","tag-diretor-do-departamento-de-servicos-funerarios-e-cemiterios","tag-diretor-do-saae","tag-diretor-geral-do-saae-de-governador-valadares","tag-diretor-geral-do-saae-de-governador-valadares-e-outras-sete-pessoas-sao-presos-em-operacao-da-pf","tag-dividas-de-campanha-da-prefeita-elisa-costa","tag-djalma-florencio-diniz","tag-djalma-florencio-diniz-junior","tag-dpark","tag-dpark-servicos-de-estacionamento","tag-edmilson-soares","tag-edmilson-soares-dos-santos","tag-edvaldo-soares","tag-elisa-costa","tag-em-governador-valadares","tag-emilio-claudio-alvarenga-rios","tag-emilio-frois","tag-empresarios","tag-esporte-clube-democrata","tag-evandro-ventura","tag-fejoli-florestal","tag-fraude-empresa-valadarense","tag-fraude-valadarense","tag-gaeco-de-governador-valadares","tag-gaego","tag-geovanne-honorio-da-silva","tag-gerente-do-posto-tabajara","tag-gledston-gomes-de-araujo","tag-gledston-guetao","tag-gledston-guetao-reassume-cadeira-na-camara-de-governador-valadares","tag-governador-valadares","tag-grupo-de-atuacao-especial-de-combate-ao-crime-organizado","tag-investigacao-valadarense","tag-jaider-batista-da-silva","tag-jean-carlos-soares","tag-jefferson-lima","tag-jefferson-santos-lima","tag-jorge-ferreira-lopes","tag-jose-estanislau-de-brito","tag-juiz-converte-10-prisoes-temporarias-em-preventivas-e-libera-4-investigados-da-cadeia","tag-juiz-federal-determina-o-afastamento-de-oito-vereadores-de-governador-valadares","tag-juiz-libera-4-investigados-e-converte-10-prisoes-temporarias-em-preventivas","tag-juliana-campos-carvalho","tag-juliana-campos-carvalho-schettino","tag-juliana-de-oliveira-alves-melo","tag-juninho-tabajara","tag-justica-aceita-denuncia-e-torna-reus-36-politicos-e-servidores-publicos-de-governador-valadares","tag-justica-aceita-integralmente-denuncia-do-mpmg-contra-politicos-e-servidores-publicos-de-governador-valadares","tag-justica-recebe-denuncias-do-mpf-por-desvios-de-verbas-federais-em-governador-valadares","tag-levi-presidente","tag-levi-vieira-da-silva","tag-lucas-estanislau-de-brito","tag-marco-rodrigo-rios-bertolacini","tag-marcos-antonio-voria","tag-marinaldo-carlos-de-amorim","tag-memes-governador-valadares","tag-michel-cristian-de-freitas","tag-milvinho","tag-milvio-jose-da-silva","tag-minas","tag-ministerio-publico-de-minas-gerais","tag-ministerio-publico-federal","tag-mpf","tag-mpmg","tag-obras-sem-licitacao-beneficiaram-empresarios-e-agentes-publicos-em-governador-valadares","tag-obras-sem-licitacao-beneficiaram-empresarios-e-agentes-publicos-em-minas-gerais","tag-omir-do-saae","tag-omir-quintino-soares","tag-operacao-da-pf-governador-valadares","tag-operacao-da-policia-federal-governador-valadares","tag-operacao-saae-de-governador-valadares","tag-organizacao-criminosa-prefeitura-de-governador-valadares","tag-padaria-pao-express","tag-pao-superfaturado-pagou-divida-de-campanha-do-pt-em-governador-valadares","tag-pavotec","tag-pavotec-pavimentacao-e-terraplanagem","tag-pavotec-celebrou-com-o-esporte-clube-democrata-um-contrato-de-cessao-de-credito","tag-pf","tag-pf-deflagra-operacao-contra-fraudes-em-contratos-em-prefeitura-de-governador-valadares","tag-policia-federal","tag-policia-militar-de-minas-gerais","tag-prefeita-de-governador-valadares-nega-desvio-bilionario-e-pede-retratacao-da-pf","tag-prefeitura-de-governador-valadares","tag-prefeitura-de-governador-valadares-refuta-informacao-sobre-desvio-bilionario","tag-presidente-de-sindicato-em-governador-valadares-recebeu-r-400-mil-em-propinas","tag-presidente-do-democrata","tag-presidente-do-democrata-e-preso","tag-presidente-do-esporte-clube-democrata","tag-presos-saae-de-governador-valadares","tag-prisao","tag-prisao-aldair-santos-doliveira","tag-prisao-construtora-vieira-prado","tag-prisao-de-anania-paula-da-silva","tag-prisao-de-ananias-camelo","tag-prisao-de-carlos-helder-lazaro","tag-prisao-de-cezinha-alvarenga","tag-prisao-de-djalma-florencio-diniz","tag-prisao-de-djalma-florencio-diniz-junior","tag-prisao-de-edvaldo-soares","tag-prisao-de-geovane-honorio","tag-prisao-de-geovanne-honorio-da-silva","tag-prisao-de-gledston-gomes-de-araujo","tag-prisao-de-gledston-guetao","tag-prisao-de-juliana-de-oliveira-alves-melo","tag-prisao-de-levi-presidente","tag-prisao-de-levi-vieira","tag-prisao-de-levi-vieira-da-silva","tag-prisao-de-marinaldo-carlos-de-amorim","tag-prisao-de-milvinho","tag-prisao-de-milvio-jose-da-silva","tag-prisao-de-omir-quintino-soares","tag-prisao-de-politicos-governador-valadares","tag-prisao-de-proprietarios-da-empresa-valadarense","tag-prisao-de-seleme-hilel-neto","tag-prisao-de-sezary-de-oliveira-alvarenga","tag-prisao-de-vereadores-em-governador-valadares","tag-prisao-de-vereadores-governador-valadares","tag-prisao-de-vilmar-rios-dias-junior","tag-prisao-de-zangado","tag-prisao-diretor-adjunto-do-saae","tag-prisao-diretor-de-gestao-de-rh-do-saae","tag-prisao-diretor-do-departamento-de-servicos-funerarios-e-cemiterios","tag-prisao-diretor-do-saae","tag-prisao-do-presidente-do-democrata","tag-prisao-do-presidente-do-esporte-clube-democrata","tag-prisao-donos-da-valadarense","tag-prisao-emilio-claudio-alvarenga-rios","tag-prisao-empresa-valadarense","tag-prisao-gerente-do-posto-tabajara","tag-prisao-jean-carlos-soares","tag-prisao-jefferson-santos-lima","tag-prisao-jose-estanislau-de-brito","tag-prisao-juliana-campos-carvalho","tag-prisao-lucas-estanislau-de-brito","tag-prisao-marco-rodrigo-rios-bertolacini","tag-prisao-marcos-antonio-voria","tag-prisao-omir-quintino-soares","tag-prisao-padaria-pao-express","tag-prisao-restaurante-sabor-da-praca","tag-prisao-rh-assessoria","tag-prisao-roberto-jose-carvalho","tag-prisao-secretario-municipal-de-servicos-urbanos","tag-prisao-silvana-santos-alves","tag-prisao-temporaria-do-presidente-do-esporte-clube-democrata","tag-prisao-thiago-vieira-prado","tag-prisao-valadarense","tag-prisao-vilmar-rios-dias-junior","tag-proprietarios-da-empresa-valadarense","tag-proprietarios-da-empresa-valadarense-se-entregam-a-policia-federal","tag-pt","tag-quadrilha-desviou-quase-toda-verba-para-recuperacao-de-estragos-da-chuva-em-governador-valadares","tag-quadrilha-governador-valadares","tag-quadrilha-prefeitura-de-governador-valadares","tag-restaurante-sabor-da-praca","tag-rh-assessoria","tag-roberto-jose-carvalho","tag-roberto-jose-de-carvalho","tag-roubo-na-prefeitura-de-governador-valadares","tag-rua-da-passagem","tag-saae-de-governador-valadares","tag-schinyder-exupery-cardozo","tag-secretario-municipal-de-servicos-urbanos","tag-seleme-hilel","tag-seleme-hilel-neto","tag-sezary-de-oliveira-alvarenga","tag-silvana-santos-alves","tag-sindicato-dos-trabalhadores-de-transportes-rodoviarios-de-governador-valadares","tag-sinttro-gv","tag-sinttrogv","tag-tarsis-augusto-de-santana-lima","tag-thiago-vieira-do-prado","tag-thiago-vieira-prado","tag-valadarense","tag-vereadores-alvos-de-operacao-em-governador-valadares","tag-vereadores-presos-em-governado","tag-vereadores-presos-em-governador-valadares","tag-video-mostra-presidente-de-sindicato-recebendo-grande-quantia-de-dinheiro-do-proprietario-da-empresa-valadarense","tag-video-mostra-presidente-de-sindicato-recebendo-suposta-propina-de-empresa-de-onibus-em-governador-valadares","tag-video-mostra-presidente-de-sindicato-recebendo-suposta-propina-de-empresa-de-onibus-em-valadares","tag-vilmar-rios","tag-vilmar-rios-dias-junior","tag-zangado"],"_links":{"self":[{"href":"https:\/\/aconteceunovale.com.br\/portal\/index.php?rest_route=\/wp\/v2\/posts\/96278","targetHints":{"allow":["GET"]}}],"collection":[{"href":"https:\/\/aconteceunovale.com.br\/portal\/index.php?rest_route=\/wp\/v2\/posts"}],"about":[{"href":"https:\/\/aconteceunovale.com.br\/portal\/index.php?rest_route=\/wp\/v2\/types\/post"}],"author":[{"embeddable":true,"href":"https:\/\/aconteceunovale.com.br\/portal\/index.php?rest_route=\/wp\/v2\/users\/1"}],"replies":[{"embeddable":true,"href":"https:\/\/aconteceunovale.com.br\/portal\/index.php?rest_route=%2Fwp%2Fv2%2Fcomments&post=96278"}],"version-history":[{"count":0,"href":"https:\/\/aconteceunovale.com.br\/portal\/index.php?rest_route=\/wp\/v2\/posts\/96278\/revisions"}],"wp:featuredmedia":[{"embeddable":true,"href":"https:\/\/aconteceunovale.com.br\/portal\/index.php?rest_route=\/wp\/v2\/media\/96279"}],"wp:attachment":[{"href":"https:\/\/aconteceunovale.com.br\/portal\/index.php?rest_route=%2Fwp%2Fv2%2Fmedia&parent=96278"}],"wp:term":[{"taxonomy":"category","embeddable":true,"href":"https:\/\/aconteceunovale.com.br\/portal\/index.php?rest_route=%2Fwp%2Fv2%2Fcategories&post=96278"},{"taxonomy":"post_tag","embeddable":true,"href":"https:\/\/aconteceunovale.com.br\/portal\/index.php?rest_route=%2Fwp%2Fv2%2Ftags&post=96278"}],"curies":[{"name":"wp","href":"https:\/\/api.w.org\/{rel}","templated":true}]}}