{"id":96271,"date":"2016-09-02T19:27:24","date_gmt":"2016-09-02T22:27:24","guid":{"rendered":"http:\/\/aconteceunovale.com.br\/portal\/?p=96271"},"modified":"2016-09-02T19:27:24","modified_gmt":"2016-09-02T22:27:24","slug":"dez-pessoas-sao-presas-por-furto-de-gado-no-leste-de-minas-gerais","status":"publish","type":"post","link":"https:\/\/aconteceunovale.com.br\/portal\/?p=96271","title":{"rendered":"Dez pessoas s\u00e3o presas por furto de gado no Leste de Minas Gerais"},"content":{"rendered":"<p>Dez pessoas foram presas preventivamente na segunda fase da opera\u00e7\u00e3o Abigeato que investiga uma organiza\u00e7\u00e3o criminosa de furto de gado no Leste de Minas Gerais. Os envolvidos foram detidos em seis cidades da regi\u00e3o, nessa quinta-feira (01\/09). <\/p>\n<p>As investiga\u00e7\u00f5es come\u00e7aram em janeiro deste ano e em julho outras nove pessoas foram presas na primeira fase da opera\u00e7\u00e3o. Segundo a PC, os presos s\u00e3o suspeitos de furtarem gado nos munic\u00edpios de Caratinga, Ipatinga, Coronel Fabriciano, Tim\u00f3teo, Santana do Para\u00edso e Raul Soares. Em apenas cinco meses, mais de 100 cabe\u00e7as de gado foram furtadas.<\/p>\n<p>O delegado Rodrigo Cavassoni informou que at\u00e9 o momento 46 cabe\u00e7as de gado foram recuperadas e 13 devolvidas aos propriet\u00e1rios dos animais. Outros 25 bovinos de origem suspeitas est\u00e3o \u00e0 disposi\u00e7\u00e3o da justi\u00e7a. Durante a segunda fase da opera\u00e7\u00e3o, foram encontrados oito bovinos sem identifica\u00e7\u00e3o em Raul Soares. De acordo com a pol\u00edcia, os criminosos apagam as marcas que ficam na pele dos animais para identificar o dono.<\/p>\n<p>&#8220;Esses animais s\u00e3o de alto valor, alguns deles chegam a custar R$ 10 mil por cabe\u00e7a. Al\u00e9m dos animais, n\u00f3s tamb\u00e9m apreendemos com os suspeitos os ve\u00edculos que eles usavam para transportar os gados. As investiga\u00e7\u00f5es apontam que depois de furtados, os animais eram revendidos. Com isso n\u00f3s tamb\u00e9m conduzimos durante esta opera\u00e7\u00e3o dois receptadores&#8221;, explicou o delegado.<\/p>\n<p>A Pol\u00edcia Civil informou ainda que as investiga\u00e7\u00f5es continuam e dois suspeitos ainda est\u00e3o foragidos.<\/p>\n<p><img decoding=\"async\" src=\"http:\/\/aconteceunovale.com.br\/portal\/wp-content\/uploads\/2016\/09\/furto_gado_leste.jpg\" alt=\"\" \/><em>A\u00e7\u00e3o investiga furto de gado no Leste de Minas (Foto: Pol\u00edcia Civil\/Divulga\u00e7\u00e3o)<\/em><br \/>\n<\/br><\/p>\n<p><em>(Fonte: G1 dos Vales)<\/em><\/p>\n","protected":false},"excerpt":{"rendered":"<p>Dez pessoas foram presas preventivamente na segunda fase da opera\u00e7\u00e3o Abigeato que investiga uma organiza\u00e7\u00e3o criminosa de furto de gado no Leste de Minas Gerais. Os envolvidos foram detidos em seis cidades da regi\u00e3o, nessa quinta-feira (01\/09). As investiga\u00e7\u00f5es come\u00e7aram em janeiro deste ano e em julho outras nove pessoas foram presas na primeira fase [&hellip;]<\/p>\n","protected":false},"author":1,"featured_media":96272,"comment_status":"open","ping_status":"closed","sticky":false,"template":"","format":"standard","meta":{"amp_status":"","footnotes":""},"categories":[121],"tags":[103770,103774,1101,237,103769,1524,4678,103764,103763,103766,113742,1018,113741,113738,1727,103773,103776,113739,103775,201,103758,103756,103757,103759,13983,103760,103771,103767,103772,103761,103762,2101,103765,113740,2451,103768,1105],"class_list":["post-96271","post","type-post","status-publish","format-standard","has-post-thumbnail","hentry","category-leste","tag-adao-inacio-de-souza-adao-do-cid","tag-agnaldo-henrique-messias","tag-bom-jesus-do-galho","tag-caratinga","tag-claudinei-de-lima-pereira","tag-coronel-fabriciano","tag-corrego-novo","tag-delegacia-regional-de-policia-civil-de-caratinga","tag-delegada-luzinete-de-sa","tag-delegado-de-bom-jesus-do-galho","tag-delegado-rodrigo-cavassoni","tag-destaque","tag-dez-pessoas-sao-presas-por-furto-de-gado-no-leste-de-minas-gerais","tag-dez-pessoas-sao-presas-por-furto-de-gado-no-vale-do-rio-doce","tag-dionisio","tag-edivanio-sebastiao-vieira","tag-francisco-de-souza-marques","tag-furto-de-gado-no-vale-do-rio-doce","tag-geraldo-monteiro-de-castro","tag-ipatinga","tag-operacao-abigeato","tag-operacao-abigeato-desarticula-quadrilha-de-roubo-de-gado-no-leste-de-minas","tag-operacao-abigeato-desarticula-quadrilha-de-roubo-de-gado-no-vale-do-rio-doce","tag-presos-na-operacao-abigeato","tag-raul-soares","tag-resultado-da-operacao-abigeato","tag-rodrigo-aparecido-beligoli","tag-rodrigo-cavassoni","tag-rodrigo-pereira-e-mello","tag-roubo-de-gado-no-leste-de-minas","tag-roubo-de-gado-no-vale-do-rio-doce","tag-santana-do-paraiso","tag-sao-joao-do-nepomuceno","tag-segunda-fase-da-operacao-abigeato","tag-simonesia","tag-tiago-oliveira-da-costa","tag-timoteo"],"_links":{"self":[{"href":"https:\/\/aconteceunovale.com.br\/portal\/index.php?rest_route=\/wp\/v2\/posts\/96271","targetHints":{"allow":["GET"]}}],"collection":[{"href":"https:\/\/aconteceunovale.com.br\/portal\/index.php?rest_route=\/wp\/v2\/posts"}],"about":[{"href":"https:\/\/aconteceunovale.com.br\/portal\/index.php?rest_route=\/wp\/v2\/types\/post"}],"author":[{"embeddable":true,"href":"https:\/\/aconteceunovale.com.br\/portal\/index.php?rest_route=\/wp\/v2\/users\/1"}],"replies":[{"embeddable":true,"href":"https:\/\/aconteceunovale.com.br\/portal\/index.php?rest_route=%2Fwp%2Fv2%2Fcomments&post=96271"}],"version-history":[{"count":0,"href":"https:\/\/aconteceunovale.com.br\/portal\/index.php?rest_route=\/wp\/v2\/posts\/96271\/revisions"}],"wp:featuredmedia":[{"embeddable":true,"href":"https:\/\/aconteceunovale.com.br\/portal\/index.php?rest_route=\/wp\/v2\/media\/96272"}],"wp:attachment":[{"href":"https:\/\/aconteceunovale.com.br\/portal\/index.php?rest_route=%2Fwp%2Fv2%2Fmedia&parent=96271"}],"wp:term":[{"taxonomy":"category","embeddable":true,"href":"https:\/\/aconteceunovale.com.br\/portal\/index.php?rest_route=%2Fwp%2Fv2%2Fcategories&post=96271"},{"taxonomy":"post_tag","embeddable":true,"href":"https:\/\/aconteceunovale.com.br\/portal\/index.php?rest_route=%2Fwp%2Fv2%2Ftags&post=96271"}],"curies":[{"name":"wp","href":"https:\/\/api.w.org\/{rel}","templated":true}]}}