{"id":96268,"date":"2016-09-02T19:21:34","date_gmt":"2016-09-02T22:21:34","guid":{"rendered":"http:\/\/aconteceunovale.com.br\/portal\/?p=96268"},"modified":"2016-09-02T19:21:34","modified_gmt":"2016-09-02T22:21:34","slug":"jovem-que-planejava-matar-desafeto-e-preso-com-arma-de-fogo-em-divisopolis","status":"publish","type":"post","link":"https:\/\/aconteceunovale.com.br\/portal\/?p=96268","title":{"rendered":"Jovem que planejava matar desafeto \u00e9 preso com arma de fogo em Divis\u00f3polis"},"content":{"rendered":"<p>A Pol\u00edcia Militar (PM) prendeu um homem de 20 anos com uma espingarda na noite desta quinta-feira (1\u00ba de setembro), em Divis\u00f3polis, no Vale do Jequitinhonha. Segundo a corpora\u00e7\u00e3o, o rapaz confessou que queria matar um homem de 25 anos com a arma.<\/p>\n<p>Os militares patrulhavam a cidade, quando viram moradores fugindo e gritando que havia um homem armado na pra\u00e7a da cidade. Ao chegarem ao local, o suspeito foi flagrado tentando esconder a espingarda. Para a pol\u00edcia, o rapaz afirmou que queria matar o homem por ter sido agredido anteriormente por ele, com um tapa no rosto.<\/p>\n<p>O jovem foi preso e levado para delegacia de Almenara, junto com a arma apreendida. A PM n\u00e3o informou se ele tinha passagens criminais.<\/p>\n<p><img decoding=\"async\" src=\"http:\/\/aconteceunovale.com.br\/portal\/wp-content\/uploads\/2016\/09\/arma_divisopolis.jpeg\" alt=\"\" \/><em>Espingarda apreendida em Divis\u00f3polis (Foto: Pol\u00edcia Militar\/Divulga\u00e7\u00e3o)<\/em><br \/>\n<\/br><\/p>\n<p>(G1 dos Vales)<\/p>\n","protected":false},"excerpt":{"rendered":"<p>A Pol\u00edcia Militar (PM) prendeu um homem de 20 anos com uma espingarda na noite desta quinta-feira (1\u00ba de setembro), em Divis\u00f3polis, no Vale do Jequitinhonha. Segundo a corpora\u00e7\u00e3o, o rapaz confessou que queria matar um homem de 25 anos com a arma. Os militares patrulhavam a cidade, quando viram moradores fugindo e gritando que [&hellip;]<\/p>\n","protected":false},"author":1,"featured_media":96269,"comment_status":"open","ping_status":"closed","sticky":false,"template":"","format":"standard","meta":{"amp_status":"","footnotes":""},"categories":[120],"tags":[113737,354,113734,113736,113735],"class_list":["post-96268","post","type-post","status-publish","format-standard","has-post-thumbnail","hentry","category-jequi","tag-apreensao-de-arma-em-divisopolis","tag-divisopolis","tag-jovem-que-planejava-matar-desafeto-e-preso-com-arma-de-fogo-em-divisopolis","tag-preso-com-arma-em-divisopolis","tag-preso-divisopolis"],"_links":{"self":[{"href":"https:\/\/aconteceunovale.com.br\/portal\/index.php?rest_route=\/wp\/v2\/posts\/96268","targetHints":{"allow":["GET"]}}],"collection":[{"href":"https:\/\/aconteceunovale.com.br\/portal\/index.php?rest_route=\/wp\/v2\/posts"}],"about":[{"href":"https:\/\/aconteceunovale.com.br\/portal\/index.php?rest_route=\/wp\/v2\/types\/post"}],"author":[{"embeddable":true,"href":"https:\/\/aconteceunovale.com.br\/portal\/index.php?rest_route=\/wp\/v2\/users\/1"}],"replies":[{"embeddable":true,"href":"https:\/\/aconteceunovale.com.br\/portal\/index.php?rest_route=%2Fwp%2Fv2%2Fcomments&post=96268"}],"version-history":[{"count":0,"href":"https:\/\/aconteceunovale.com.br\/portal\/index.php?rest_route=\/wp\/v2\/posts\/96268\/revisions"}],"wp:featuredmedia":[{"embeddable":true,"href":"https:\/\/aconteceunovale.com.br\/portal\/index.php?rest_route=\/wp\/v2\/media\/96269"}],"wp:attachment":[{"href":"https:\/\/aconteceunovale.com.br\/portal\/index.php?rest_route=%2Fwp%2Fv2%2Fmedia&parent=96268"}],"wp:term":[{"taxonomy":"category","embeddable":true,"href":"https:\/\/aconteceunovale.com.br\/portal\/index.php?rest_route=%2Fwp%2Fv2%2Fcategories&post=96268"},{"taxonomy":"post_tag","embeddable":true,"href":"https:\/\/aconteceunovale.com.br\/portal\/index.php?rest_route=%2Fwp%2Fv2%2Ftags&post=96268"}],"curies":[{"name":"wp","href":"https:\/\/api.w.org\/{rel}","templated":true}]}}