{"id":96260,"date":"2016-09-02T19:04:39","date_gmt":"2016-09-02T22:04:39","guid":{"rendered":"http:\/\/aconteceunovale.com.br\/portal\/?p=96260"},"modified":"2016-09-02T19:04:39","modified_gmt":"2016-09-02T22:04:39","slug":"adolescentes-sao-detidos-suspeitos-de-furtar-escola-e-comercios-em-mathias-lobato","status":"publish","type":"post","link":"https:\/\/aconteceunovale.com.br\/portal\/?p=96260","title":{"rendered":"Adolescentes s\u00e3o detidos suspeitos de furtar escola e com\u00e9rcios em Mathias Lobato"},"content":{"rendered":"<p>A Pol\u00edcia Civil (PC) de Governador Valadares divulgou na tarde desta sexta-feira (02\/09) informa\u00e7\u00f5es sobre a apreens\u00e3o de dois adolescentes, de 15 e 16 anos, apontados como autores de v\u00e1rios roubos e furtos em Mathias Lobato, inclusive contra uma escola da cidade. Al\u00e9m dos dois menores, a pol\u00edcia investiga a participa\u00e7\u00e3o de um terceiro autor, ainda foragido.<\/p>\n<p>Segundo a Pol\u00edcia Civil, um dos menores, o jovem de 15 anos, j\u00e1 estava internado no Centro de Interna\u00e7\u00e3o de Adolescentes (CIA), de Governador Valadares, enquanto que o outro foi apreendido nesta semana. Al\u00e9m da escola, os jovens s\u00e3o suspeitos de terem furtado e roubado v\u00e1rios com\u00e9rcios e a ag\u00eancia dos Correios de Mathias Lobato.<\/p>\n<p>Segundo a PC, os crimes sempre aconteciam na parte da noite. Na escola, os adolescentes teriam invadido o pr\u00e9dio e furtado 22 tabletes, al\u00e9m de danificarem o local com a ajuda de um comparsa. As investiga\u00e7\u00f5es do caso levaram a PC at\u00e9 o nome dos jovens e do terceiro criminoso, que ainda n\u00e3o foi localizado.<\/p>\n<p>Ainda segundo a PC, no fim do m\u00eas de agosto deste ano, 21 tabletes, dos 22 furtados, foram recuperados, al\u00e9m de uma c\u00e2mera filmadora. O adolescente apreendido esta semana foi levado \u00e0 delegacia de Governador Valadares e encaminhado ao Centro de Interna\u00e7\u00e3o.<\/p>\n<p><img decoding=\"async\" src=\"http:\/\/aconteceunovale.com.br\/portal\/wp-content\/uploads\/2016\/09\/presos_mathias.jpeg\" alt=\"\" \/><em>Tabletes da escola de Mathias Lobato recuperados pela pol\u00edcia (Foto: Pol\u00edcia Civil\/Divulga\u00e7\u00e3o)<\/em><br \/>\n<\/br><\/p>\n<p><em>(Fonte: G1 dos Vales)<\/em><\/p>\n","protected":false},"excerpt":{"rendered":"<p>A Pol\u00edcia Civil (PC) de Governador Valadares divulgou na tarde desta sexta-feira (02\/09) informa\u00e7\u00f5es sobre a apreens\u00e3o de dois adolescentes, de 15 e 16 anos, apontados como autores de v\u00e1rios roubos e furtos em Mathias Lobato, inclusive contra uma escola da cidade. Al\u00e9m dos dois menores, a pol\u00edcia investiga a participa\u00e7\u00e3o de um terceiro autor, [&hellip;]<\/p>\n","protected":false},"author":1,"featured_media":96261,"comment_status":"open","ping_status":"closed","sticky":false,"template":"","format":"standard","meta":{"amp_status":"","footnotes":""},"categories":[121],"tags":[113722,113727,113724,113728,302,113725,113726,113723],"class_list":["post-96260","post","type-post","status-publish","format-standard","has-post-thumbnail","hentry","category-leste","tag-adolescentes-sao-detidos-suspeitos-de-furtar-escola-e-comercios-em-mathias-lobato","tag-assalto-escola-mathias-lobato","tag-assaltos-mathias-lobato","tag-furto-escola-mathias-lobato","tag-mathias-lobato","tag-presos-mathias-lobato","tag-roubo-escola-mathias-lobato","tag-roubos-mathias-lobato"],"_links":{"self":[{"href":"https:\/\/aconteceunovale.com.br\/portal\/index.php?rest_route=\/wp\/v2\/posts\/96260","targetHints":{"allow":["GET"]}}],"collection":[{"href":"https:\/\/aconteceunovale.com.br\/portal\/index.php?rest_route=\/wp\/v2\/posts"}],"about":[{"href":"https:\/\/aconteceunovale.com.br\/portal\/index.php?rest_route=\/wp\/v2\/types\/post"}],"author":[{"embeddable":true,"href":"https:\/\/aconteceunovale.com.br\/portal\/index.php?rest_route=\/wp\/v2\/users\/1"}],"replies":[{"embeddable":true,"href":"https:\/\/aconteceunovale.com.br\/portal\/index.php?rest_route=%2Fwp%2Fv2%2Fcomments&post=96260"}],"version-history":[{"count":0,"href":"https:\/\/aconteceunovale.com.br\/portal\/index.php?rest_route=\/wp\/v2\/posts\/96260\/revisions"}],"wp:featuredmedia":[{"embeddable":true,"href":"https:\/\/aconteceunovale.com.br\/portal\/index.php?rest_route=\/wp\/v2\/media\/96261"}],"wp:attachment":[{"href":"https:\/\/aconteceunovale.com.br\/portal\/index.php?rest_route=%2Fwp%2Fv2%2Fmedia&parent=96260"}],"wp:term":[{"taxonomy":"category","embeddable":true,"href":"https:\/\/aconteceunovale.com.br\/portal\/index.php?rest_route=%2Fwp%2Fv2%2Fcategories&post=96260"},{"taxonomy":"post_tag","embeddable":true,"href":"https:\/\/aconteceunovale.com.br\/portal\/index.php?rest_route=%2Fwp%2Fv2%2Ftags&post=96260"}],"curies":[{"name":"wp","href":"https:\/\/api.w.org\/{rel}","templated":true}]}}