{"id":95904,"date":"2016-08-29T10:46:55","date_gmt":"2016-08-29T13:46:55","guid":{"rendered":"http:\/\/aconteceunovale.com.br\/portal\/?p=95904"},"modified":"2016-08-29T15:51:16","modified_gmt":"2016-08-29T18:51:16","slug":"detentos-trabalham-com-pedras-semipreciosas-em-governador-valadares-2","status":"publish","type":"post","link":"https:\/\/aconteceunovale.com.br\/portal\/?p=95904","title":{"rendered":"Detentos aprendem a lapidar pedras semipreciosas em Governador Valadares"},"content":{"rendered":"<p>Uma das marcas mais fortes de Governador Valadares, no Territ\u00f3rio Vale do Rio Doce, s\u00e3o as pedras semipreciosas. Pois agora, 15 presos da Penitenci\u00e1ria Francisco Floriano de Paula entraram nessa hist\u00f3ria. Est\u00e3o lapidando gemas que chegam \u00e0s suas m\u00e3os em estado bruto da Mina do Cruzeiro, no munic\u00edpio, que \u00e9 atualmente a maior extra\u00e7\u00e3o de turmalinas do mundo.<\/p>\n<p>Os detentos aprendem t\u00e9cnicas de lapida\u00e7\u00e3o e cria\u00e7\u00e3o de pe\u00e7as artesanais gra\u00e7as ao \u2018Lapidar-se\u2019, um projeto in\u00e9dito no sistema prisional, fruto de parceria entre o Governo de Minas Gerais, o Judici\u00e1rio, a Universidade Federal de Minas Gerais (UFMG) e a empresa Nevestones. Al\u00e9m de turmalinas, os presos alunos est\u00e3o tendo a oportunidade de lapidar pedras brutas de baixo valor comercial.<\/p>\n<p>Essa primeira turma do curso est\u00e1 tendo aulas durante a semana na pr\u00f3pria penitenci\u00e1ria, sob a batuta de Maria L\u00facia Barbosa, artista pl\u00e1stica que se formou na primeira turma da Escola Mineira de Joalheria. Ela se diz entusiasmada em ensinar um of\u00edcio t\u00e3o delicado a pessoas privadas de liberdade.<\/p>\n<p>\u201cEles est\u00e3o aprendendo a transformar o bruto em belo. Vejo a transforma\u00e7\u00e3o di\u00e1ria desses homens. Eles est\u00e3o inteiramente motivados, s\u00e3o criativos e possuem muita habilidade manual. Sinto-me uma privilegiada. Tenho a sensa\u00e7\u00e3o que estou aprendendo mais do que ensinando\u201d, afirma a artista pl\u00e1stica.<\/p>\n<p>\u00c9 inevit\u00e1vel, na opini\u00e3o de Maria L\u00facia, associar o projeto \u00e0 ideia de tamb\u00e9m lapidar pessoas exclu\u00eddas do livre conv\u00edvio social por terem cometido crimes. Isto \u00e9, dar qualifica\u00e7\u00e3o profissional, mas tamb\u00e9m um novo sentido para a vida delas.<\/p>\n<p>Seguindo esse mesmo conceito, a Nevestones, idealizadora do projeto, planejou, para o fim do curso, uma exposi\u00e7\u00e3o em que as pe\u00e7as produzidas ficar\u00e3o \u00e0 venda, com a receita destinada \u00e0s fam\u00edlias dos presos.<\/p>\n<p><strong>Mudan\u00e7a<\/strong><\/p>\n<p>O aluno Vanderley Paulino, de 42 anos de idade, pensou mais longe e projeta disseminar os conhecimentos de lapida\u00e7\u00e3o na comunidade de origem, a reserva ind\u00edgena Krenac, no munic\u00edpio de Resplendor. Preso h\u00e1 cinco anos e meio, Vanderley mergulhou nas aulas de lapida\u00e7\u00e3o e \u00e9 um dos mais dedicados da turma, segundo os t\u00e9cnicos do projeto.<\/p>\n<p>\u201cEsta \u00e9 uma das mais importantes oportunidades da minha vida. Aprendendo esta profiss\u00e3o vou poder ensinar para outras pessoas da reserva. Quero aprender cada vez mais\u201d, diz.<\/p>\n<p>Mudar o curso da pr\u00f3pria biografia tamb\u00e9m \u00e9 a expectativa de Gilmar Lage Xavier, preso h\u00e1 mais de duas d\u00e9cadas, quando era um garoto de 19 anos de idade. Agora, aos 45, ele v\u00ea nas pedras a chance de se profissionalizar que n\u00e3o chegou a ter. \u201cQuero ser um profissional, sair daqui com a chance de recome\u00e7ar, fazendo uma coisa que eu estou gostando muito\u201d, afirma.<\/p>\n<p><strong>Mercado de trabalho<\/strong><\/p>\n<p>O diretor da Penitenci\u00e1ria, Wander Barros de Paula, considera a lapida\u00e7\u00e3o como possibilidade de dar ao egresso do sistema prisional uma ocupa\u00e7\u00e3o mais qualificada do que o trabalho bra\u00e7al dentro de um mercado regional que j\u00e1 existe. \u201cComo a nossa regi\u00e3o tem grande oferta nesta \u00e1rea, \u00e9 uma \u00f3tima oportunidade para os detentos\u201d, argumenta.<\/p>\n<p>Quem tamb\u00e9m aposta no sucesso do projeto Lapidar-se \u00e9 Paulo S\u00e9rgio Pereira da Silva, lapid\u00e1rio profissional h\u00e1 40 anos. Ele confessa que reagiu com certo receio ao receber o convite para dar aulas para presos, mas diz que bastaram as primeiras aulas para se tranquilizar. \u201cPosso dizer, com certeza, que em 15 dias de curso eu j\u00e1 tinha lapid\u00e1rios na turma. Eles s\u00e3o extremamente dedicados. Foi uma grande e grata surpresa pra mim\u201d, conta Paulo S\u00e9rgio.<\/p>\n<p><img decoding=\"async\" src=\"http:\/\/aconteceunovale.com.br\/portal\/wp-content\/uploads\/2016\/08\/detentos_pedras_gv_1.jpg\" alt=\"\" \/><em>Primeira turma do curso \u2018Lapidar-se\u2019 \u00e9 comandada por Maria L\u00facia (Seds\/Divulga\u00e7\u00e3o)<\/em><br \/>\n<\/br><\/p>\n<p><img decoding=\"async\" src=\"http:\/\/aconteceunovale.com.br\/portal\/wp-content\/uploads\/2016\/08\/detentos_pedras_gv_2.jpg\" alt=\"\" \/><em>O projeto \u00e9 uma parceria entre o Governo do Estado, o Poder Judici\u00e1rio, a Universidade Federal de Minas Gerais e a empresa Nevestones (Seds\/Divulga\u00e7\u00e3o)<\/em><br \/>\n<\/br><\/p>\n<p><em>(Ag\u00eancia Minas)<\/em><\/p>\n","protected":false},"excerpt":{"rendered":"<p>Uma das marcas mais fortes de Governador Valadares, no Territ\u00f3rio Vale do Rio Doce, s\u00e3o as pedras semipreciosas. Pois agora, 15 presos da Penitenci\u00e1ria Francisco Floriano de Paula entraram nessa hist\u00f3ria. Est\u00e3o lapidando gemas que chegam \u00e0s suas m\u00e3os em estado bruto da Mina do Cruzeiro, no munic\u00edpio, que \u00e9 atualmente a maior extra\u00e7\u00e3o de [&hellip;]<\/p>\n","protected":false},"author":1,"featured_media":95900,"comment_status":"open","ping_status":"closed","sticky":false,"template":"","format":"standard","meta":{"amp_status":"","footnotes":""},"categories":[121],"tags":[113031,113015,113014,113007,247,113012,113008,113009,113010,113006,113013,19123,113032,113011],"class_list":["post-95904","post","type-post","status-publish","format-standard","has-post-thumbnail","hentry","category-leste","tag-detentos-aprendem-a-lapidar-pedras-semipreciosas-em-governador-valadares","tag-detentos-trabalham-com-pedras-semipreciosas-em-governador-valadares","tag-empresa-nevestones","tag-extracao-de-turmalinas-mina-do-cruzeiro","tag-governador-valadares","tag-krenac","tag-maior-extracao-de-turmalina-do-mundo","tag-maior-mina-de-turmalina-do-mundo","tag-maria-lucia-barbosa","tag-mina-do-cruzeiro","tag-nevestones","tag-penitenciaria-francisco-floriano-de-paula","tag-projeto-lapidar-se-ensina-tecnicas-de-lapidacao-e-criacao-de-pecas-artesanais-ao-presos-em-governador-valadares","tag-vanderley-paulino"],"_links":{"self":[{"href":"https:\/\/aconteceunovale.com.br\/portal\/index.php?rest_route=\/wp\/v2\/posts\/95904","targetHints":{"allow":["GET"]}}],"collection":[{"href":"https:\/\/aconteceunovale.com.br\/portal\/index.php?rest_route=\/wp\/v2\/posts"}],"about":[{"href":"https:\/\/aconteceunovale.com.br\/portal\/index.php?rest_route=\/wp\/v2\/types\/post"}],"author":[{"embeddable":true,"href":"https:\/\/aconteceunovale.com.br\/portal\/index.php?rest_route=\/wp\/v2\/users\/1"}],"replies":[{"embeddable":true,"href":"https:\/\/aconteceunovale.com.br\/portal\/index.php?rest_route=%2Fwp%2Fv2%2Fcomments&post=95904"}],"version-history":[{"count":0,"href":"https:\/\/aconteceunovale.com.br\/portal\/index.php?rest_route=\/wp\/v2\/posts\/95904\/revisions"}],"wp:featuredmedia":[{"embeddable":true,"href":"https:\/\/aconteceunovale.com.br\/portal\/index.php?rest_route=\/wp\/v2\/media\/95900"}],"wp:attachment":[{"href":"https:\/\/aconteceunovale.com.br\/portal\/index.php?rest_route=%2Fwp%2Fv2%2Fmedia&parent=95904"}],"wp:term":[{"taxonomy":"category","embeddable":true,"href":"https:\/\/aconteceunovale.com.br\/portal\/index.php?rest_route=%2Fwp%2Fv2%2Fcategories&post=95904"},{"taxonomy":"post_tag","embeddable":true,"href":"https:\/\/aconteceunovale.com.br\/portal\/index.php?rest_route=%2Fwp%2Fv2%2Ftags&post=95904"}],"curies":[{"name":"wp","href":"https:\/\/api.w.org\/{rel}","templated":true}]}}