{"id":95886,"date":"2016-08-29T09:39:33","date_gmt":"2016-08-29T12:39:33","guid":{"rendered":"http:\/\/aconteceunovale.com.br\/portal\/?p=95886"},"modified":"2016-08-29T09:39:33","modified_gmt":"2016-08-29T12:39:33","slug":"governo-dara-acesso-ao-credito-rural-para-produtores-de-fumo","status":"publish","type":"post","link":"https:\/\/aconteceunovale.com.br\/portal\/?p=95886","title":{"rendered":"Governo dar\u00e1 acesso ao cr\u00e9dito rural para produtores de fumo"},"content":{"rendered":"<p>O governo dar\u00e1 aos produtores de fumo, a partir de agora, as mesmas condi\u00e7\u00f5es de acesso ao cr\u00e9dito rural que dos demais agricultores. A medida foi anunciada pelo ministro chefe da Casa Civil, Eliseu Padilha, que representou o presidente em exerc\u00edcio, Michel Temer, na 39\u00aa Expointer, em Esteio (RS).<\/p>\n<p>O ministro Blairo Maggi, da Agricultura, Pecu\u00e1ria e Abastecimento, comemorou a decis\u00e3o. Em junho, quando visitou os fumicultores do Rio Grande do Sul, o ministro recebeu v\u00e1rias reivindica\u00e7\u00f5es do setor. A principal delas era a de que os produtores tivessem direito ao financiamento p\u00fablico como os demais setores da agricultura.<\/p>\n<p>Atualmente, mais de 200 mil produtores vivem exclusivamente da cultura do fumo nos estados do Rio Grande do Sul, Paran\u00e1 e Santa Catarina. O setor movimenta cerca de R$ 15 bilh\u00f5es no Brasil. O Pa\u00eds exporta mais de 80% de sua produ\u00e7\u00e3o.<\/p>\n<p>Outro an\u00fancio feito pelo ministro Padilha, durante a abertura da Expointer, foi o de que o presidente Temer estuda tr\u00eas alternativas para a recria\u00e7\u00e3o do Minist\u00e9rio do Desenvolvimento Agr\u00e1rio. Uma \u00e9 de que o minist\u00e9rio seja vinculado ao Mapa, como forma de fortalecer a industrializa\u00e7\u00e3o do setor.<\/p>\n<p>As outras duas op\u00e7\u00f5es s\u00e3o estas: a manuten\u00e7\u00e3o da vincula\u00e7\u00e3o com o Minist\u00e9rio do Desenvolvimento Social ou a autonomia completa do novo minist\u00e9rio. <\/p>\n<p><img decoding=\"async\" src=\"http:\/\/aconteceunovale.com.br\/portal\/wp-content\/uploads\/2016\/08\/fumo_br.jpeg\" alt=\"\" \/><em>O setor movimenta cerca de R$ 15 bilh\u00f5es no Brasil (Divulga\u00e7\u00e3o\/Governo da Bahia)<\/em><br \/>\n<\/br><\/p>\n<p>(Portal Brasil)<\/p>\n","protected":false},"excerpt":{"rendered":"<p>O governo dar\u00e1 aos produtores de fumo, a partir de agora, as mesmas condi\u00e7\u00f5es de acesso ao cr\u00e9dito rural que dos demais agricultores. A medida foi anunciada pelo ministro chefe da Casa Civil, Eliseu Padilha, que representou o presidente em exerc\u00edcio, Michel Temer, na 39\u00aa Expointer, em Esteio (RS). O ministro Blairo Maggi, da Agricultura, [&hellip;]<\/p>\n","protected":false},"author":1,"featured_media":95887,"comment_status":"open","ping_status":"closed","sticky":false,"template":"","format":"standard","meta":{"amp_status":"","footnotes":""},"categories":[6,40239],"tags":[112997,112992,112994,112991,112996,112998,112990,20181,112993,112995],"class_list":["post-95886","post","type-post","status-publish","format-standard","has-post-thumbnail","hentry","category-br","category-economia-2","tag-39a-expointer","tag-acesso-ao-credito-rural-para-produtores-de-fumo","tag-credito-produtores-de-fumo","tag-credito-rural-para-produtores-de-fumo","tag-emprestimo-produtores-de-fumo","tag-esteio","tag-governo-dara-acesso-ao-credito-rural-para-produtores-de-fumo","tag-michel-temer","tag-produtores-de-fumo","tag-verba-produtores-de-fumo"],"_links":{"self":[{"href":"https:\/\/aconteceunovale.com.br\/portal\/index.php?rest_route=\/wp\/v2\/posts\/95886","targetHints":{"allow":["GET"]}}],"collection":[{"href":"https:\/\/aconteceunovale.com.br\/portal\/index.php?rest_route=\/wp\/v2\/posts"}],"about":[{"href":"https:\/\/aconteceunovale.com.br\/portal\/index.php?rest_route=\/wp\/v2\/types\/post"}],"author":[{"embeddable":true,"href":"https:\/\/aconteceunovale.com.br\/portal\/index.php?rest_route=\/wp\/v2\/users\/1"}],"replies":[{"embeddable":true,"href":"https:\/\/aconteceunovale.com.br\/portal\/index.php?rest_route=%2Fwp%2Fv2%2Fcomments&post=95886"}],"version-history":[{"count":0,"href":"https:\/\/aconteceunovale.com.br\/portal\/index.php?rest_route=\/wp\/v2\/posts\/95886\/revisions"}],"wp:featuredmedia":[{"embeddable":true,"href":"https:\/\/aconteceunovale.com.br\/portal\/index.php?rest_route=\/wp\/v2\/media\/95887"}],"wp:attachment":[{"href":"https:\/\/aconteceunovale.com.br\/portal\/index.php?rest_route=%2Fwp%2Fv2%2Fmedia&parent=95886"}],"wp:term":[{"taxonomy":"category","embeddable":true,"href":"https:\/\/aconteceunovale.com.br\/portal\/index.php?rest_route=%2Fwp%2Fv2%2Fcategories&post=95886"},{"taxonomy":"post_tag","embeddable":true,"href":"https:\/\/aconteceunovale.com.br\/portal\/index.php?rest_route=%2Fwp%2Fv2%2Ftags&post=95886"}],"curies":[{"name":"wp","href":"https:\/\/api.w.org\/{rel}","templated":true}]}}