{"id":95883,"date":"2016-08-29T09:31:11","date_gmt":"2016-08-29T12:31:11","guid":{"rendered":"http:\/\/aconteceunovale.com.br\/portal\/?p=95883"},"modified":"2016-08-29T09:31:11","modified_gmt":"2016-08-29T12:31:11","slug":"previsao-do-tempo-para-minas-gerais-nesta-segunda-feira-29-de-agosto","status":"publish","type":"post","link":"https:\/\/aconteceunovale.com.br\/portal\/?p=95883","title":{"rendered":"Previs\u00e3o do tempo para Minas Gerais, nesta segunda-feira, 29 de agosto"},"content":{"rendered":"<h4><strong><em>Dia ensolarado, com baixo \u00edndice de umidade relativa do ar na maior parte do estado. Possibilidade de chuva no Sul, Oeste e Sudeste no decorrer da semana.<\/em><\/strong><\/h4>\n<p>Nesta segunda-feira (29\/8) o ar seco ainda predomina sobre grande parte do Brasil central e deixa o tempo est\u00e1vel. Em Minas Gerais o tempo deve ficar parcialmente nublado, sem chuvas no Vale do Jequitinhonha, no Vale do Mucuri e no Vale do Rio Doce. Nas demais regi\u00f5es do estado o tempo deve ficar ensolarado. Baixos \u00edndices de umidade do ar \u00e0 tarde em praticamente todas as regi\u00f5es mineiras.<\/p>\n<p>Na Regi\u00e3o Metropolitana de Belo Horizonte e na capital mineira a semana come\u00e7a com sol forte e calor. Na cidade de Belo Horizonte a temperatura deve variar entre 17\u00b0C e 29\u00b0C, com umidade do ar \u00e0 tarde de 30%.<\/p>\n<p>De acordo com o TempoClima PUC Minas, uma frente fria deve provocar chuva no Sul, Oeste e Sudeste mineiro a partir da pr\u00f3xima quarta-feira.<\/p>\n","protected":false},"excerpt":{"rendered":"<p>Dia ensolarado, com baixo \u00edndice de umidade relativa do ar na maior parte do estado. Possibilidade de chuva no Sul, Oeste e Sudeste no decorrer da semana. Nesta segunda-feira (29\/8) o ar seco ainda predomina sobre grande parte do Brasil central e deixa o tempo est\u00e1vel. Em Minas Gerais o tempo deve ficar parcialmente nublado, [&hellip;]<\/p>\n","protected":false},"author":1,"featured_media":82499,"comment_status":"open","ping_status":"closed","sticky":false,"template":"","format":"standard","meta":{"amp_status":"","footnotes":""},"categories":[123],"tags":[112984,194,131,44471,1956,27340,112989,86833,112988,1839,112986,28170,112985,112987],"class_list":["post-95883","post","type-post","status-publish","format-standard","has-post-thumbnail","hentry","category-gerais","tag-29-de-agosto","tag-belo-horizonte","tag-minas-gerais","tag-nesta-segunda-feira","tag-previsao-do-tempo","tag-previsao-do-tempo-para-belo-horizonte","tag-previsao-do-tempo-para-belo-horizonte-29-de-agosto","tag-previsao-do-tempo-para-belo-horizonte-nesta-segunda-feira","tag-previsao-do-tempo-para-belo-horizonte-nesta-segunda-feira-29-de-agosto","tag-previsao-do-tempo-para-minas-gerais","tag-previsao-do-tempo-para-minas-gerais-29-de-agosto","tag-previsao-do-tempo-para-minas-gerais-nesta-segunda-feira","tag-previsao-do-tempo-para-minas-gerais-nesta-segunda-feira-29-de-agosto","tag-segunda-feira-29-de-agosto"],"_links":{"self":[{"href":"https:\/\/aconteceunovale.com.br\/portal\/index.php?rest_route=\/wp\/v2\/posts\/95883","targetHints":{"allow":["GET"]}}],"collection":[{"href":"https:\/\/aconteceunovale.com.br\/portal\/index.php?rest_route=\/wp\/v2\/posts"}],"about":[{"href":"https:\/\/aconteceunovale.com.br\/portal\/index.php?rest_route=\/wp\/v2\/types\/post"}],"author":[{"embeddable":true,"href":"https:\/\/aconteceunovale.com.br\/portal\/index.php?rest_route=\/wp\/v2\/users\/1"}],"replies":[{"embeddable":true,"href":"https:\/\/aconteceunovale.com.br\/portal\/index.php?rest_route=%2Fwp%2Fv2%2Fcomments&post=95883"}],"version-history":[{"count":0,"href":"https:\/\/aconteceunovale.com.br\/portal\/index.php?rest_route=\/wp\/v2\/posts\/95883\/revisions"}],"wp:featuredmedia":[{"embeddable":true,"href":"https:\/\/aconteceunovale.com.br\/portal\/index.php?rest_route=\/wp\/v2\/media\/82499"}],"wp:attachment":[{"href":"https:\/\/aconteceunovale.com.br\/portal\/index.php?rest_route=%2Fwp%2Fv2%2Fmedia&parent=95883"}],"wp:term":[{"taxonomy":"category","embeddable":true,"href":"https:\/\/aconteceunovale.com.br\/portal\/index.php?rest_route=%2Fwp%2Fv2%2Fcategories&post=95883"},{"taxonomy":"post_tag","embeddable":true,"href":"https:\/\/aconteceunovale.com.br\/portal\/index.php?rest_route=%2Fwp%2Fv2%2Ftags&post=95883"}],"curies":[{"name":"wp","href":"https:\/\/api.w.org\/{rel}","templated":true}]}}