{"id":95880,"date":"2016-08-28T23:46:25","date_gmt":"2016-08-29T02:46:25","guid":{"rendered":"http:\/\/aconteceunovale.com.br\/portal\/?p=95880"},"modified":"2016-08-28T23:46:25","modified_gmt":"2016-08-29T02:46:25","slug":"segurados-que-recebem-auxilio-doenca-podem-solicitar-nova-pericia","status":"publish","type":"post","link":"https:\/\/aconteceunovale.com.br\/portal\/?p=95880","title":{"rendered":"Segurados que recebem aux\u00edlio-doen\u00e7a podem solicitar nova per\u00edcia"},"content":{"rendered":"<p>O segurado da Previd\u00eancia Social que recebe o aux\u00edlio-doen\u00e7a pode solicitar nova avalia\u00e7\u00e3o pericial quando n\u00e3o se considerar apto a voltar ao trabalho. Uma portaria assinada na sexta-feira (26\/08), pelo ministro do Desenvolvimento Social e Agr\u00e1rio, Osmar Terra, estabelece regras para a prorroga\u00e7\u00e3o do benef\u00edcio.<\/p>\n<p>O segurado ter\u00e1 que solicitar nova per\u00edcia nos \u00faltimos 15 dias antes da data limite do benef\u00edcio. A reavalia\u00e7\u00e3o ser\u00e1 realizada por outro perito.<\/p>\n<p>\u201cNo formato antigo, a reconsidera\u00e7\u00e3o era feita pelo mesmo perito e a tend\u00eancia era manter a decis\u00e3o tomada anteriormente. Constatamos que 94% dos pedidos eram negados\u201d, destacou o secret\u00e1rio executivo do minist\u00e9rio, Alberto Beltrame.<\/p>\n<p>Segundo o secret\u00e1rio, a medida amplia os direitos do segurado e garante uma an\u00e1lise mais r\u00e1pida dos casos. Ele assegurou que nenhum direito ser\u00e1 violado.<\/p>\n<p>\u201cEstamos melhorando o sistema de concess\u00e3o e manuten\u00e7\u00e3o de benef\u00edcios da Previd\u00eancia. Vamos conceder e manter os benef\u00edcios que forem necess\u00e1rios e indeferiremos aqueles que considerarmos indevidos, mas sempre com a possibilidade de recurso por parte do segurado\u201d, garantiu. (Portal Brasil)<\/p>\n","protected":false},"excerpt":{"rendered":"<p>O segurado da Previd\u00eancia Social que recebe o aux\u00edlio-doen\u00e7a pode solicitar nova avalia\u00e7\u00e3o pericial quando n\u00e3o se considerar apto a voltar ao trabalho. Uma portaria assinada na sexta-feira (26\/08), pelo ministro do Desenvolvimento Social e Agr\u00e1rio, Osmar Terra, estabelece regras para a prorroga\u00e7\u00e3o do benef\u00edcio. O segurado ter\u00e1 que solicitar nova per\u00edcia nos \u00faltimos 15 [&hellip;]<\/p>\n","protected":false},"author":1,"featured_media":95881,"comment_status":"open","ping_status":"closed","sticky":false,"template":"","format":"standard","meta":{"amp_status":"","footnotes":""},"categories":[6,40239,40236],"tags":[104042,112977,112978,112980,112983,112982,112981,112976,112979],"class_list":["post-95880","post","type-post","status-publish","format-standard","has-post-thumbnail","hentry","category-br","category-economia-2","category-empregos-2","tag-auxilio-doenca","tag-nova-pericia","tag-nova-pericia-para-segurados-que-recebem-auxilio-doenca","tag-pedir-nova-pericia-para-segurados-que-recebem-auxilio-doenca","tag-reavaliacao-pericial","tag-regras-para-a-prorrogacao-do-auxilio-doenca","tag-segurado-da-previdencia-social-que-recebe-o-auxilio-doenca-pode-solicitar-nova-avaliacao-pericial-quando-nao-se-considerar-apto-a-voltar-ao-trabalho","tag-segurados-que-recebem-auxilio-doenca-podem-solicitar-nova-pericia","tag-solicitar-nova-pericia-para-segurados-que-recebem-auxilio-doenca"],"_links":{"self":[{"href":"https:\/\/aconteceunovale.com.br\/portal\/index.php?rest_route=\/wp\/v2\/posts\/95880","targetHints":{"allow":["GET"]}}],"collection":[{"href":"https:\/\/aconteceunovale.com.br\/portal\/index.php?rest_route=\/wp\/v2\/posts"}],"about":[{"href":"https:\/\/aconteceunovale.com.br\/portal\/index.php?rest_route=\/wp\/v2\/types\/post"}],"author":[{"embeddable":true,"href":"https:\/\/aconteceunovale.com.br\/portal\/index.php?rest_route=\/wp\/v2\/users\/1"}],"replies":[{"embeddable":true,"href":"https:\/\/aconteceunovale.com.br\/portal\/index.php?rest_route=%2Fwp%2Fv2%2Fcomments&post=95880"}],"version-history":[{"count":0,"href":"https:\/\/aconteceunovale.com.br\/portal\/index.php?rest_route=\/wp\/v2\/posts\/95880\/revisions"}],"wp:featuredmedia":[{"embeddable":true,"href":"https:\/\/aconteceunovale.com.br\/portal\/index.php?rest_route=\/wp\/v2\/media\/95881"}],"wp:attachment":[{"href":"https:\/\/aconteceunovale.com.br\/portal\/index.php?rest_route=%2Fwp%2Fv2%2Fmedia&parent=95880"}],"wp:term":[{"taxonomy":"category","embeddable":true,"href":"https:\/\/aconteceunovale.com.br\/portal\/index.php?rest_route=%2Fwp%2Fv2%2Fcategories&post=95880"},{"taxonomy":"post_tag","embeddable":true,"href":"https:\/\/aconteceunovale.com.br\/portal\/index.php?rest_route=%2Fwp%2Fv2%2Ftags&post=95880"}],"curies":[{"name":"wp","href":"https:\/\/api.w.org\/{rel}","templated":true}]}}