{"id":95871,"date":"2016-08-28T22:34:12","date_gmt":"2016-08-29T01:34:12","guid":{"rendered":"http:\/\/aconteceunovale.com.br\/portal\/?p=95871"},"modified":"2016-08-28T22:34:12","modified_gmt":"2016-08-29T01:34:12","slug":"medico-de-bocaiuva-fica-ferido-em-acidente-na-br-135-no-norte-de-minas","status":"publish","type":"post","link":"https:\/\/aconteceunovale.com.br\/portal\/?p=95871","title":{"rendered":"M\u00e9dico de Bocaiuva fica ferido em acidente na BR-135, no Norte de Minas"},"content":{"rendered":"<p>Duas pessoas ficaram feridas em um acidente no in\u00edcio da noite deste domingo, 28 de agosto, na altura do quil\u00f4metro 395 da BR-135, pr\u00f3ximo ao entroncamento de acesso a Alto Belo, no Norte de Minas Gerais. Um dos feridos \u00e9 o m\u00e9dico de prenome Bruno, que trabalha em Bocaiuva. <\/p>\n<p>Segundo as primeiras informa\u00e7\u00f5es, um Honda Civic, conduzido pelo m\u00e9dico, saiu da pista e capotou entre \u00e1rvores \u00e0s margens da rodovia. Por pouco o ve\u00edculo, que ficou completamente destru\u00eddo, n\u00e3o caiu em uma ribanceira, segundo informou um policial rodovi\u00e1rio.<\/p>\n<p>O m\u00e9dico e uma mulher, que seria sua esposa, foram socorridos pelo Servi\u00e7o de Atendimento M\u00f3vel de Urg\u00eancia (SAMU) e encaminhados para a Santa Casa de Montes Claros. A princ\u00edpio foi divulgado que o estado de sa\u00fade dos dois \u00e9 est\u00e1vel e que eles est\u00e3o fora de perigo.<\/p>\n<p><img decoding=\"async\" src=\"http:\/\/aconteceunovale.com.br\/portal\/wp-content\/uploads\/2016\/08\/acidente_medico_boc.jpg\" alt=\"\" \/><em>Acidente aconteceu no km 395 da BR-135 (Foto: Divulga\u00e7\u00e3o)<\/em><\/p>\n","protected":false},"excerpt":{"rendered":"<p>Duas pessoas ficaram feridas em um acidente no in\u00edcio da noite deste domingo, 28 de agosto, na altura do quil\u00f4metro 395 da BR-135, pr\u00f3ximo ao entroncamento de acesso a Alto Belo, no Norte de Minas Gerais. Um dos feridos \u00e9 o m\u00e9dico de prenome Bruno, que trabalha em Bocaiuva. Segundo as primeiras informa\u00e7\u00f5es, um Honda [&hellip;]<\/p>\n","protected":false},"author":1,"featured_media":95872,"comment_status":"open","ping_status":"closed","sticky":false,"template":"","format":"standard","meta":{"amp_status":"","footnotes":""},"categories":[1236],"tags":[90483,112963,112962,112964,18467,112965,112961,112967,112966,645,1247,112960,210],"class_list":["post-95871","post","type-post","status-publish","format-standard","has-post-thumbnail","hentry","category-norte_de_minas","tag-acidente-br-135","tag-acidente-com-carro-de-medico-de-bocaiuva","tag-acidente-com-medico-de-bocaiuva","tag-acidente-dr-bruno-bocaiuva","tag-acidente-em-bocaiuva","tag-acidente-medico-bocaiuva","tag-acidente-medico-de-bocaiuva-na-br-135","tag-acidente-perto-da-entrada-de-alto-belo","tag-acidente-perto-do-trevo-de-alto-belo","tag-bocaiuva","tag-br-135","tag-medico-de-bocaiuva-fica-ferido-em-acidente-na-br-135","tag-montes-claros"],"_links":{"self":[{"href":"https:\/\/aconteceunovale.com.br\/portal\/index.php?rest_route=\/wp\/v2\/posts\/95871","targetHints":{"allow":["GET"]}}],"collection":[{"href":"https:\/\/aconteceunovale.com.br\/portal\/index.php?rest_route=\/wp\/v2\/posts"}],"about":[{"href":"https:\/\/aconteceunovale.com.br\/portal\/index.php?rest_route=\/wp\/v2\/types\/post"}],"author":[{"embeddable":true,"href":"https:\/\/aconteceunovale.com.br\/portal\/index.php?rest_route=\/wp\/v2\/users\/1"}],"replies":[{"embeddable":true,"href":"https:\/\/aconteceunovale.com.br\/portal\/index.php?rest_route=%2Fwp%2Fv2%2Fcomments&post=95871"}],"version-history":[{"count":0,"href":"https:\/\/aconteceunovale.com.br\/portal\/index.php?rest_route=\/wp\/v2\/posts\/95871\/revisions"}],"wp:featuredmedia":[{"embeddable":true,"href":"https:\/\/aconteceunovale.com.br\/portal\/index.php?rest_route=\/wp\/v2\/media\/95872"}],"wp:attachment":[{"href":"https:\/\/aconteceunovale.com.br\/portal\/index.php?rest_route=%2Fwp%2Fv2%2Fmedia&parent=95871"}],"wp:term":[{"taxonomy":"category","embeddable":true,"href":"https:\/\/aconteceunovale.com.br\/portal\/index.php?rest_route=%2Fwp%2Fv2%2Fcategories&post=95871"},{"taxonomy":"post_tag","embeddable":true,"href":"https:\/\/aconteceunovale.com.br\/portal\/index.php?rest_route=%2Fwp%2Fv2%2Ftags&post=95871"}],"curies":[{"name":"wp","href":"https:\/\/api.w.org\/{rel}","templated":true}]}}