{"id":95863,"date":"2016-08-28T21:12:44","date_gmt":"2016-08-29T00:12:44","guid":{"rendered":"http:\/\/aconteceunovale.com.br\/portal\/?p=95863"},"modified":"2016-08-28T21:12:44","modified_gmt":"2016-08-29T00:12:44","slug":"dois-homens-morrem-em-acidente-na-br-251-no-norte-de-minas","status":"publish","type":"post","link":"https:\/\/aconteceunovale.com.br\/portal\/?p=95863","title":{"rendered":"Dois homens morrem em acidente na BR-251, no Norte de Minas"},"content":{"rendered":"<p>Dois homens morreram em um acidente entre uma caminhonete e um caminh\u00e3o na BR-251, entre os munic\u00edpios de Fruta de Leite e Gr\u00e3o Mogol, no Norte de Minas Gerais, nesse s\u00e1bado (27\/08). A colis\u00e3o lateral entre os dois ve\u00edculos aconteceu por volta das 23 horas. Segundo as informa\u00e7\u00f5es do Corpo de Bombeiros, o caminhoneiro n\u00e3o foi encontrado no local. As causas do acidente ser\u00e3o apuradas.<\/p>\n<p><img decoding=\"async\" src=\"http:\/\/aconteceunovale.com.br\/portal\/wp-content\/uploads\/2016\/08\/acidente_251_27_agosto_3.jpg\" alt=\"\" \/><em>Acidente aconteceu na BR-251 (Foto: Divulga\u00e7\u00e3o\/Corpo de Bombeiros)<\/em><br \/>\n<\/br><\/p>\n<p><img decoding=\"async\" src=\"http:\/\/aconteceunovale.com.br\/portal\/wp-content\/uploads\/2016\/08\/acidente_251_27_agosto_1.jpg\" alt=\"\" \/><em>Acidente aconteceu na BR-251 (Foto: Divulga\u00e7\u00e3o\/Corpo de Bombeiros)<\/em><br \/>\n<\/br><\/p>\n<p><img decoding=\"async\" src=\"http:\/\/aconteceunovale.com.br\/portal\/wp-content\/uploads\/2016\/08\/acidente_251_27_agosto_2.jpg\" alt=\"\" \/><em>Acidente aconteceu na BR-251 (Foto: Divulga\u00e7\u00e3o\/Corpo de Bombeiros)<\/em><br \/>\n<\/br><\/p>\n<p><em>(G1 Grande Minas)<\/em><\/p>\n","protected":false},"excerpt":{"rendered":"<p>Dois homens morreram em um acidente entre uma caminhonete e um caminh\u00e3o na BR-251, entre os munic\u00edpios de Fruta de Leite e Gr\u00e3o Mogol, no Norte de Minas Gerais, nesse s\u00e1bado (27\/08). A colis\u00e3o lateral entre os dois ve\u00edculos aconteceu por volta das 23 horas. Segundo as informa\u00e7\u00f5es do Corpo de Bombeiros, o caminhoneiro n\u00e3o [&hellip;]<\/p>\n","protected":false},"author":1,"featured_media":95866,"comment_status":"open","ping_status":"closed","sticky":false,"template":"","format":"standard","meta":{"amp_status":"","footnotes":""},"categories":[1236],"tags":[112959,112958,1396,23192,112957,112955,112956,1034,1153],"class_list":["post-95863","post","type-post","status-publish","format-standard","has-post-thumbnail","hentry","category-norte_de_minas","tag-acidente-entre-caminhonete-e-caminhao-na-br-251","tag-acidente-entre-fruta-de-leite-e-grao-mogola","tag-acidente-na-br-251","tag-acidente-no-norte-de-minas","tag-acidente-perto-do-vale-das-cancelas","tag-dois-homens-morrem-em-acidente-entre-carro-e-caminhao-na-br-251","tag-dois-homens-morrem-em-acidente-na-br-251","tag-fruta-de-leite","tag-grao-mogol"],"_links":{"self":[{"href":"https:\/\/aconteceunovale.com.br\/portal\/index.php?rest_route=\/wp\/v2\/posts\/95863","targetHints":{"allow":["GET"]}}],"collection":[{"href":"https:\/\/aconteceunovale.com.br\/portal\/index.php?rest_route=\/wp\/v2\/posts"}],"about":[{"href":"https:\/\/aconteceunovale.com.br\/portal\/index.php?rest_route=\/wp\/v2\/types\/post"}],"author":[{"embeddable":true,"href":"https:\/\/aconteceunovale.com.br\/portal\/index.php?rest_route=\/wp\/v2\/users\/1"}],"replies":[{"embeddable":true,"href":"https:\/\/aconteceunovale.com.br\/portal\/index.php?rest_route=%2Fwp%2Fv2%2Fcomments&post=95863"}],"version-history":[{"count":0,"href":"https:\/\/aconteceunovale.com.br\/portal\/index.php?rest_route=\/wp\/v2\/posts\/95863\/revisions"}],"wp:featuredmedia":[{"embeddable":true,"href":"https:\/\/aconteceunovale.com.br\/portal\/index.php?rest_route=\/wp\/v2\/media\/95866"}],"wp:attachment":[{"href":"https:\/\/aconteceunovale.com.br\/portal\/index.php?rest_route=%2Fwp%2Fv2%2Fmedia&parent=95863"}],"wp:term":[{"taxonomy":"category","embeddable":true,"href":"https:\/\/aconteceunovale.com.br\/portal\/index.php?rest_route=%2Fwp%2Fv2%2Fcategories&post=95863"},{"taxonomy":"post_tag","embeddable":true,"href":"https:\/\/aconteceunovale.com.br\/portal\/index.php?rest_route=%2Fwp%2Fv2%2Ftags&post=95863"}],"curies":[{"name":"wp","href":"https:\/\/api.w.org\/{rel}","templated":true}]}}