{"id":95844,"date":"2016-08-28T18:00:09","date_gmt":"2016-08-28T21:00:09","guid":{"rendered":"http:\/\/aconteceunovale.com.br\/portal\/?p=95844"},"modified":"2016-08-28T18:00:09","modified_gmt":"2016-08-28T21:00:09","slug":"familia-faz-campanha-para-custear-traslado-dos-corpos-de-brasileiras-assassinadas-em-portugal","status":"publish","type":"post","link":"https:\/\/aconteceunovale.com.br\/portal\/?p=95844","title":{"rendered":"Fam\u00edlia faz campanha para custear traslado dos corpos de brasileiras assassinadas em Portugal"},"content":{"rendered":"<p>A fam\u00edlia das irm\u00e3s Michele Santana Ferreira, de 28 anos, e Lidiana Neves Santana Ferreira, de 16, mineiras de Campan\u00e1rio (Vale do Rio Doce), que foram mortas em Portugal &#8211; juntamente com outra brasileira, Thayane Milla Mendes, de 21 &#8211; n\u00e3o tem recursos para o traslado dos corpos, que foram encontrados na \u00faltima sexta-feira. A fam\u00edlia espera contar com uma campanha de arrecada\u00e7\u00e3o de fundos para o traslado. Tamb\u00e9m poder\u00e1 optar pela crema\u00e7\u00e3o dos corpos.<\/p>\n<p>A auxiliar de servi\u00e7os gerais Solange Santana Leite, de 50 anos, em entrevista a uma emissora de TV na manh\u00e3 deste s\u00e1bado (27\/08), em Campan\u00e1rio, afirmou que a fam\u00edlia \u00e9 pobre e n\u00e3o tem como bancar o traslado dos corpos de Michele e Lidiana, que, desapareceram desde fevereiro, juntamente com Thayane, cuja fam\u00edlia \u00e9 de Nova Ven\u00e9cia (ES). <\/p>\n<p><img decoding=\"async\" src=\"http:\/\/aconteceunovale.com.br\/portal\/wp-content\/uploads\/2016\/08\/brasileiras_pt.jpg\" alt=\"\" \/><em>As mineiras Michele e Lidiana e a capixaba Thayana (Foto: Divulga\u00e7\u00e3o\/\u00c1lbum de Fam\u00edlia)<\/em><br \/>\n<\/br><\/p>\n<p>Solange disse que uma amiga da fam\u00edlia, que mora em Portugal, informou que iniciou uma campanha de doa\u00e7\u00f5es naquele pa\u00eds para custear as despesas do traslado dos corpos para o Brasil.<\/p>\n<p>Caso a campanha n\u00e3o venha surtir efeitos, os corpos dever\u00e3o ser cremados em Portugal. Em seguida, segundo Solange, as cinzas dever\u00e3o  ser enviadas para a fam\u00edlia em Campan\u00e1rio.<\/p>\n<p>Os corpos de Michele, Lidiane e Thayane foram encontrados em uma fossa no fundo de um hotel para c\u00e3es e gatos na cidade de Cascais, onde trabalhava o suspeito Dinai Alves Gomes, que \u00e9 auxiliar de servi\u00e7os gerais e mineiro de Novo Cruzeiro (Vale do Jequitinhonha).<\/p>\n<p><strong>Campanha<\/strong><\/p>\n<p>At\u00e9 a tarde deste domingo, 28 de agosto, a campanha criada pela fam\u00edlia no <a href=\"https:\/\/www.gofundme.com\/26v5ajgc\" target=\"_blank\">site Go Fund Me<\/a> j\u00e1 havia arrecado $ 3,947 dos $ 20,000 necess\u00e1rios para o traslado dos corpos. Os interessados em ajudar poder\u00e3o acessar o endere\u00e7o <a href=\"https:\/\/www.gofundme.com\/26v5ajgc\" target=\"_blank\">https:\/\/www.gofundme.com\/26v5ajgc<\/a> e clicar em doar. As doa\u00e7\u00f5es tamb\u00e9m poder\u00e3o ser feitas atrav\u00e9s da conta poupan\u00e7a 14044-9 da ag\u00eancia 2161-0 do Banco do Brasil, de Solange Santana Leite (m\u00e3e de duas das tr\u00eas v\u00edtimas).<\/p>\n<p><strong>Suspeito<\/strong><\/p>\n<p>O paradeiro de Dinai \u00e9 desconhecido. Chegou a circular informa\u00e7\u00e3o dando conta de que ele teria sido preso pela Policia Federal, a pedido da Interpol, o que ainda n\u00e3o foi confirmado oficialmente.<\/p>\n<p><img decoding=\"async\" src=\"http:\/\/aconteceunovale.com.br\/portal\/wp-content\/uploads\/2016\/08\/dinai_alves1.jpg\" alt=\"\" \/><em>Dinai Alves \u00e9 o principal suspeito do triplo homic\u00eddio (Foto: Divulga\u00e7\u00e3o\/\u00c1lbum de Fam\u00edlia)<\/em><br \/>\n<\/br><\/p>\n<p><em>(Com informa\u00e7\u00f5es do Estado de Minas)<\/em><\/p>\n","protected":false},"excerpt":{"rendered":"<p>A fam\u00edlia das irm\u00e3s Michele Santana Ferreira, de 28 anos, e Lidiana Neves Santana Ferreira, de 16, mineiras de Campan\u00e1rio (Vale do Rio Doce), que foram mortas em Portugal &#8211; juntamente com outra brasileira, Thayane Milla Mendes, de 21 &#8211; n\u00e3o tem recursos para o traslado dos corpos, que foram encontrados na \u00faltima sexta-feira. A [&hellip;]<\/p>\n","protected":false},"author":1,"featured_media":95739,"comment_status":"open","ping_status":"closed","sticky":false,"template":"","format":"standard","meta":{"amp_status":"","footnotes":""},"categories":[6,121,123,120],"tags":[112684,112685,277,112679,112687,112680,112682,112691,112681,112683,94309,94318,1018,112833,112689,112692,112925,95820,94317,95821,94319,94316,94312,112688,94311,112690,94310,112834,94340,175,94314,94315,112686,94313],"class_list":["post-95844","post","type-post","status-publish","format-standard","has-post-thumbnail","hentry","category-br","category-leste","category-gerais","category-jequi","tag-brasileiras-assassinadas-em-portugal","tag-brasileiras-mortas-em-portugal","tag-campanario","tag-cascais","tag-corpo-de-bombeiros-de-parede","tag-corpos-de-brasileiras-encontrados-em-cascais","tag-corpos-de-brasileiras-encontrados-em-portugal","tag-corpos-de-tres-brasileiras-que-estavam-desaparecidas-em-portugal-sao-encontrados","tag-corpos-encontrados-em-cascais","tag-corpos-encontrados-em-portugal","tag-desaparecidas-em-portugal","tag-desaparecimento-de-irmas-em-portugal","tag-destaque","tag-dinai-alves-gomes","tag-dinai-alves-mendes","tag-encontrados-os-corpos-de-tres-brasileiras-que-estavam-desaparecidas-em-portugal","tag-familia-faz-campanha-para-custear-traslado-dos-corpos-de-brasileiras-assassinadas-em-portugal","tag-help-desperate-mom-find-daughters","tag-irmas-desaparecidas-em-portugal","tag-irmas-mineiras-continuam-desaparecidas-em-portugal","tag-irmas-mineiras-desaparecidas-em-portugal","tag-irmas-mineiras-estao-desaparecidas-ha-tres-meses-em-portugal","tag-lidiana-neves-santana","tag-michele-ferreira","tag-michele-santana-ferreira","tag-michelle-santana-ferreira","tag-mineiras-desaparecidas-em-portugal","tag-namorado-ameacou-jovem-mineira-assassinada-em-portugal","tag-nova-venecia","tag-novo-cruzeiro","tag-solange-santana-leite","tag-tania-maria-mendes-dias","tag-thayane-mendes-dias","tag-thayane-milla-mendes"],"_links":{"self":[{"href":"https:\/\/aconteceunovale.com.br\/portal\/index.php?rest_route=\/wp\/v2\/posts\/95844","targetHints":{"allow":["GET"]}}],"collection":[{"href":"https:\/\/aconteceunovale.com.br\/portal\/index.php?rest_route=\/wp\/v2\/posts"}],"about":[{"href":"https:\/\/aconteceunovale.com.br\/portal\/index.php?rest_route=\/wp\/v2\/types\/post"}],"author":[{"embeddable":true,"href":"https:\/\/aconteceunovale.com.br\/portal\/index.php?rest_route=\/wp\/v2\/users\/1"}],"replies":[{"embeddable":true,"href":"https:\/\/aconteceunovale.com.br\/portal\/index.php?rest_route=%2Fwp%2Fv2%2Fcomments&post=95844"}],"version-history":[{"count":0,"href":"https:\/\/aconteceunovale.com.br\/portal\/index.php?rest_route=\/wp\/v2\/posts\/95844\/revisions"}],"wp:featuredmedia":[{"embeddable":true,"href":"https:\/\/aconteceunovale.com.br\/portal\/index.php?rest_route=\/wp\/v2\/media\/95739"}],"wp:attachment":[{"href":"https:\/\/aconteceunovale.com.br\/portal\/index.php?rest_route=%2Fwp%2Fv2%2Fmedia&parent=95844"}],"wp:term":[{"taxonomy":"category","embeddable":true,"href":"https:\/\/aconteceunovale.com.br\/portal\/index.php?rest_route=%2Fwp%2Fv2%2Fcategories&post=95844"},{"taxonomy":"post_tag","embeddable":true,"href":"https:\/\/aconteceunovale.com.br\/portal\/index.php?rest_route=%2Fwp%2Fv2%2Ftags&post=95844"}],"curies":[{"name":"wp","href":"https:\/\/api.w.org\/{rel}","templated":true}]}}