{"id":95812,"date":"2016-08-27T16:22:51","date_gmt":"2016-08-27T19:22:51","guid":{"rendered":"http:\/\/aconteceunovale.com.br\/portal\/?p=95812"},"modified":"2016-08-27T16:22:51","modified_gmt":"2016-08-27T19:22:51","slug":"homem-e-preso-por-cultivar-maconha-em-meio-a-cafezal-em-mantena-no-vale-do-rio-doce","status":"publish","type":"post","link":"https:\/\/aconteceunovale.com.br\/portal\/?p=95812","title":{"rendered":"Homem \u00e9 preso por cultivar maconha em meio a cafezal em Mantena, no Vale do Rio Doce"},"content":{"rendered":"<p>Um homem de 25 anos foi detido por suspeita de tr\u00e1fico de drogas no distrito de Limeira, zona rural de Mantena, na regi\u00e3o do Vale do Rio Doce. Segundo informa\u00e7\u00f5es da Pol\u00edcia Militar (PM), o autor cultivava 63 p\u00e9s de maconha em meio a uma planta\u00e7\u00e3o de caf\u00e9.<\/p>\n<p>Ainda segundo a PM, os militares foram at\u00e9 o local ap\u00f3s den\u00fancias de que o homem utilizava a pr\u00f3pria fazenda para plantar e vender drogas.<\/p>\n<p>De acordo com os militares, o autor n\u00e3o tinha passagens pela pol\u00edcia. O homem foi preso em flagrante e encaminhado para a delegacia de Mantena para demais provid\u00eancias.<\/p>\n<p><img decoding=\"async\" src=\"http:\/\/aconteceunovale.com.br\/portal\/wp-content\/uploads\/2016\/08\/maconha_mantena_1.jpg\" alt=\"\" \/><\/p>\n<p><img decoding=\"async\" src=\"http:\/\/aconteceunovale.com.br\/portal\/wp-content\/uploads\/2016\/08\/maconha_mantena_3.jpg\" alt=\"\" \/><\/p>\n<p><img decoding=\"async\" src=\"http:\/\/aconteceunovale.com.br\/portal\/wp-content\/uploads\/2016\/08\/maconha_mantena_2.jpg\" alt=\"\" \/><\/p>\n<p><img decoding=\"async\" src=\"http:\/\/aconteceunovale.com.br\/portal\/wp-content\/uploads\/2016\/08\/maconha_mantena_4.jpg\" alt=\"\" \/><br \/>\n<\/br><\/p>\n<p><em>(Fonte: G1 dos Vales \/ Fotos: PMMG)<\/em><\/p>\n","protected":false},"excerpt":{"rendered":"<p>Um homem de 25 anos foi detido por suspeita de tr\u00e1fico de drogas no distrito de Limeira, zona rural de Mantena, na regi\u00e3o do Vale do Rio Doce. Segundo informa\u00e7\u00f5es da Pol\u00edcia Militar (PM), o autor cultivava 63 p\u00e9s de maconha em meio a uma planta\u00e7\u00e3o de caf\u00e9. Ainda segundo a PM, os militares foram [&hellip;]<\/p>\n","protected":false},"author":1,"featured_media":95815,"comment_status":"open","ping_status":"closed","sticky":false,"template":"","format":"standard","meta":{"amp_status":"","footnotes":""},"categories":[121],"tags":[112856,112859,112855,1516,112854,112853,112858,112857],"class_list":["post-95812","post","type-post","status-publish","format-standard","has-post-thumbnail","hentry","category-leste","tag-apreensao-de-drogas-mantena","tag-homem-e-preso-por-cultivar-maconha-em-meio-a-cafezal-em-mantena","tag-maconha-mantena","tag-mantena","tag-plantacao-de-maconha-mantena","tag-policia-encontra-plantacao-de-maconha-no-meio-de-cafezal-em-mantena","tag-preso-em-mantena","tag-preso-por-trafico-de-drogas-em-mantena"],"_links":{"self":[{"href":"https:\/\/aconteceunovale.com.br\/portal\/index.php?rest_route=\/wp\/v2\/posts\/95812","targetHints":{"allow":["GET"]}}],"collection":[{"href":"https:\/\/aconteceunovale.com.br\/portal\/index.php?rest_route=\/wp\/v2\/posts"}],"about":[{"href":"https:\/\/aconteceunovale.com.br\/portal\/index.php?rest_route=\/wp\/v2\/types\/post"}],"author":[{"embeddable":true,"href":"https:\/\/aconteceunovale.com.br\/portal\/index.php?rest_route=\/wp\/v2\/users\/1"}],"replies":[{"embeddable":true,"href":"https:\/\/aconteceunovale.com.br\/portal\/index.php?rest_route=%2Fwp%2Fv2%2Fcomments&post=95812"}],"version-history":[{"count":0,"href":"https:\/\/aconteceunovale.com.br\/portal\/index.php?rest_route=\/wp\/v2\/posts\/95812\/revisions"}],"wp:featuredmedia":[{"embeddable":true,"href":"https:\/\/aconteceunovale.com.br\/portal\/index.php?rest_route=\/wp\/v2\/media\/95815"}],"wp:attachment":[{"href":"https:\/\/aconteceunovale.com.br\/portal\/index.php?rest_route=%2Fwp%2Fv2%2Fmedia&parent=95812"}],"wp:term":[{"taxonomy":"category","embeddable":true,"href":"https:\/\/aconteceunovale.com.br\/portal\/index.php?rest_route=%2Fwp%2Fv2%2Fcategories&post=95812"},{"taxonomy":"post_tag","embeddable":true,"href":"https:\/\/aconteceunovale.com.br\/portal\/index.php?rest_route=%2Fwp%2Fv2%2Ftags&post=95812"}],"curies":[{"name":"wp","href":"https:\/\/api.w.org\/{rel}","templated":true}]}}