{"id":95794,"date":"2016-08-26T22:29:17","date_gmt":"2016-08-27T01:29:17","guid":{"rendered":"http:\/\/aconteceunovale.com.br\/portal\/?p=95794"},"modified":"2016-08-26T22:29:17","modified_gmt":"2016-08-27T01:29:17","slug":"descoberta-relacionada-ao-mal-de-alzheimer-da-premio-a-pesquisadora-brasileira","status":"publish","type":"post","link":"https:\/\/aconteceunovale.com.br\/portal\/?p=95794","title":{"rendered":"Descoberta relacionada ao Mal de Alzheimer d\u00e1 pr\u00eamio \u00e0 pesquisadora brasileira"},"content":{"rendered":"<p>A Sociedade Brasileira de Bioqu\u00edmica (SBBq) concedeu a Ma\u00edra Assun\u00e7\u00e3o Bicca, pesquisadora brasileira de 28 anos, o 20\u00ba Pr\u00eamio Jovem Talento para Ci\u00eancias da Vida, pela sua pesquisa que identificou uma prote\u00edna encontrada no c\u00e9rebro que pode ajudar a identificar o Mal de Alzheimer. <\/p>\n<p>O trabalho da pesquisadora foi apresentado em junho \u00faltimo em Natal, como parte do doutorado de Ma\u00edra, que atualmente cursa p\u00f3s-doutorado em Farmacologia na Universidade Federal de Santa Catarina (UFSC). A proposta da tese \u00e9 que essa prote\u00edna possa ser usada como uma esp\u00e9cie de marcador utilizado nas resson\u00e2ncias magn\u00e9ticas para identificar a doen\u00e7a. <\/p>\n<p>Antes da premia\u00e7\u00e3o da SBBq, Ma\u00edra j\u00e1 havia recebido, em 2012, um pr\u00eamio da Sociedade Brasileira de Farm\u00e1cia Comunit\u00e1ria (SBFC) de Jovem Investigador. A pesquisadora, que mora em Laguna, no sul catarinense, estuda a doen\u00e7a h\u00e1 dez anos. Em entrevista \u00e0 Sputnik Brasil, Ma\u00edra conta que a descoberta foi em foi em rela\u00e7\u00e3o a uma prote\u00edna, conhecida no meio cient\u00edfico como TRPA-1. &#8220;Eu n\u00e3o descobri a prote\u00edna. A novidade \u00e9 que descobri que ela est\u00e1 no c\u00e9rebro. J\u00e1 se sabia que ela \u00e9 encontrada em outros tecidos do corpo e a participa\u00e7\u00e3o dela em outras doen\u00e7as de fundo espasmat\u00f3rio. Al\u00e9m disso, vi que estava associada \u00e0 inicia\u00e7\u00e3o e progress\u00e3o da doen\u00e7a de Alzheimer.&#8221;<\/p>\n<p>A pesquisadora lembra que, como a prote\u00edna j\u00e1 tinha sido descrita anteriormente participando de outras doen\u00e7as inflamat\u00f3rias na periferia do corpo, o grande m\u00e9rito do estudo foi estabelecer essa liga\u00e7\u00e3o. Como o Alzheimer tamb\u00e9m tem um fundo inflamat\u00f3rio e como essa prote\u00edna participa muito nesses quadros, talvez ela tamb\u00e9m estivesse no c\u00e9rebro, contribuindo para a doen\u00e7a. Esse foi o ponto de partida e o grande trunfo da pesquisa. Segundo Ma\u00edra, a descoberta pode resultar ou n\u00e3o na produ\u00e7\u00e3o de rem\u00e9dios contra o Alzheimer. &#8220;O que a gente faz \u00e9 pesquisa em animais e em tecidos humanos. Outros estudos ser\u00e3o necess\u00e1rios ap\u00f3s a realiza\u00e7\u00e3o dessa primeira fase. Nosso trabalho foi o inicial, para que outras pesquisas venham resultar num poss\u00edvel tratamento ou diagn\u00f3stico.&#8221;<\/p>\n<p>O principal sintoma do Mal de Alzheimer \u00e9 a perda da mem\u00f3ria, o que se manifesta primeiro, mas a doen\u00e7a apresenta uma s\u00e9rie de outras sinaliza\u00e7\u00f5es, assim como as enfermidades de fundo neurodegenerativo. Conforme a doen\u00e7a vai progredindo v\u00e3o se manifestando outros sintomas como mudan\u00e7a de personalidade, perda da fala, locomo\u00e7\u00e3o, resultando na perda de qualidade de vida do paciente.<\/p>\n<p><img decoding=\"async\" src=\"http:\/\/aconteceunovale.com.br\/portal\/wp-content\/uploads\/2016\/08\/pesquisadora_brasileira.jpg\" alt=\"\" \/><em>(Ma\u00edra Assun\u00e7\u00e3o Bicca\/Arquivo pessoal)<\/em><br \/>\n<\/br><\/p>\n<p><em>(Fonte: Ag\u00eancia Sputnik Brasil)<\/em><\/p>\n","protected":false},"excerpt":{"rendered":"<p>A Sociedade Brasileira de Bioqu\u00edmica (SBBq) concedeu a Ma\u00edra Assun\u00e7\u00e3o Bicca, pesquisadora brasileira de 28 anos, o 20\u00ba Pr\u00eamio Jovem Talento para Ci\u00eancias da Vida, pela sua pesquisa que identificou uma prote\u00edna encontrada no c\u00e9rebro que pode ajudar a identificar o Mal de Alzheimer. O trabalho da pesquisadora foi apresentado em junho \u00faltimo em Natal, [&hellip;]<\/p>\n","protected":false},"author":1,"featured_media":95795,"comment_status":"open","ping_status":"closed","sticky":false,"template":"","format":"standard","meta":{"amp_status":"","footnotes":""},"categories":[6,40242],"tags":[112814,47262,112822,112809,112818,27007,112820,112813,112817,1154,20032,67216,112815,112816,105530,112812,112821,112811,112810,40664,112819],"class_list":["post-95794","post","type-post","status-publish","format-standard","has-post-thumbnail","hentry","category-br","category-saude-2","tag-20o-premio-jovem-talento-para-ciencias-da-vida","tag-cerebro","tag-descoberta-relacionada-ao-mal-de-alzheimer-da-premio-a-pesquisadora-brasileira","tag-doenca","tag-identificacao-do-mal-de-alzheimer","tag-inovacao","tag-laguna","tag-maira-assuncao-bicca","tag-mal-de-alzheimer","tag-natal","tag-pesquisa","tag-premio","tag-premio-jovem-talento-para-ciencias-da-vida","tag-proteina-encontrada-no-cerebro-que-pode-ajudar-a-identificar-o-mal-de-alzheimer","tag-proteinas","tag-sbbq","tag-sintoma-do-mal-de-alzheimer","tag-sociedade-brasileira-de-bioquimica","tag-ufsc","tag-universidade","tag-universidade-federal-de-santa-catarina"],"_links":{"self":[{"href":"https:\/\/aconteceunovale.com.br\/portal\/index.php?rest_route=\/wp\/v2\/posts\/95794","targetHints":{"allow":["GET"]}}],"collection":[{"href":"https:\/\/aconteceunovale.com.br\/portal\/index.php?rest_route=\/wp\/v2\/posts"}],"about":[{"href":"https:\/\/aconteceunovale.com.br\/portal\/index.php?rest_route=\/wp\/v2\/types\/post"}],"author":[{"embeddable":true,"href":"https:\/\/aconteceunovale.com.br\/portal\/index.php?rest_route=\/wp\/v2\/users\/1"}],"replies":[{"embeddable":true,"href":"https:\/\/aconteceunovale.com.br\/portal\/index.php?rest_route=%2Fwp%2Fv2%2Fcomments&post=95794"}],"version-history":[{"count":0,"href":"https:\/\/aconteceunovale.com.br\/portal\/index.php?rest_route=\/wp\/v2\/posts\/95794\/revisions"}],"wp:featuredmedia":[{"embeddable":true,"href":"https:\/\/aconteceunovale.com.br\/portal\/index.php?rest_route=\/wp\/v2\/media\/95795"}],"wp:attachment":[{"href":"https:\/\/aconteceunovale.com.br\/portal\/index.php?rest_route=%2Fwp%2Fv2%2Fmedia&parent=95794"}],"wp:term":[{"taxonomy":"category","embeddable":true,"href":"https:\/\/aconteceunovale.com.br\/portal\/index.php?rest_route=%2Fwp%2Fv2%2Fcategories&post=95794"},{"taxonomy":"post_tag","embeddable":true,"href":"https:\/\/aconteceunovale.com.br\/portal\/index.php?rest_route=%2Fwp%2Fv2%2Ftags&post=95794"}],"curies":[{"name":"wp","href":"https:\/\/api.w.org\/{rel}","templated":true}]}}