{"id":95791,"date":"2016-08-26T21:57:06","date_gmt":"2016-08-27T00:57:06","guid":{"rendered":"http:\/\/aconteceunovale.com.br\/portal\/?p=95791"},"modified":"2016-08-26T21:57:06","modified_gmt":"2016-08-27T00:57:06","slug":"cerrado-brasileiro-recebe-projeto-para-conservacao-da-biodiversidade","status":"publish","type":"post","link":"https:\/\/aconteceunovale.com.br\/portal\/?p=95791","title":{"rendered":"Cerrado brasileiro recebe projeto para conserva\u00e7\u00e3o da biodiversidade"},"content":{"rendered":"<p>O Instituto Internacional de Educa\u00e7\u00e3o do Brasil (IEB) lan\u00e7ou nesta sexta-feira (26\/08), em Bras\u00edlia, o Fundo de Parceria para Ecossistemas Cr\u00edticos (CEPF) do Cerrado, um projeto para conserva\u00e7\u00e3o deste bioma. Com dura\u00e7\u00e3o prevista de cinco anos, o programa tem o objetivo de preservar o bioma, sua fauna e sua flora. A iniciativa, que recebeu recursos de US$ 7 milh\u00f5es, deve ir at\u00e9 julho de 2021.<\/p>\n<p>Segundo o IEB, o fundo \u00e9 administrado pela Conserva\u00e7\u00e3o Internacional, que tem como parceiros a Ag\u00eancia Francesa de Desenvolvimento, o Banco Mundial, a Funda\u00e7\u00e3o John D. e Catherine T. MacArthur, o Fundo Mundial para o Meio Ambiente, o governo do Jap\u00e3o e a Uni\u00e3o Europeia.<\/p>\n<p>De acordo com o instituto, o Cerrado cobre mais de 2 milh\u00f5es de quil\u00f4metros quadrados (km\u00b2) do territ\u00f3rio brasileiro e \u00e9 rico em diversidade de plantas, contando com cerca de 12 mil esp\u00e9cies nativas. Foram catalogadas 250 esp\u00e9cies de mam\u00edferos e registradas mais 856 esp\u00e9cies de aves. No Cerrado, encontram-se ainda 800 esp\u00e9cies de peixes, 262 de r\u00e9pteis e 204 de anf\u00edbios.<\/p>\n<p>O bioma \u00e9 considerado extremamente importante para o sistema h\u00eddrico do pa\u00eds. As tr\u00eas maiores bacias hidrogr\u00e1ficas do pa\u00eds (Amazonas\/Tocantins, S\u00e3o Francisco e Prata) nascem na regi\u00e3o do Cerrado.<\/p>\n<p>De acordo com o IEB, o Cerrado vem sendo amea\u00e7ado pelo avan\u00e7o da atividade agr\u00edcola, que provocou a destrui\u00e7\u00e3o de metade do bioma.<\/p>\n<p>O projeto lan\u00e7ado hoje cria projetos estrat\u00e9gicos de conserva\u00e7\u00e3o das reservas de biodiversidade, promovendo a gest\u00e3o das \u00e1reas protegidas, o fortalecimento das cadeias produtivas associadas aos recursos naturais, protegendo as esp\u00e9cies em extin\u00e7\u00e3o e fortalecendo as sociedades civis para promover a gest\u00e3o dos recursos naturais.<\/p>\n<p><img decoding=\"async\" src=\"http:\/\/aconteceunovale.com.br\/portal\/wp-content\/uploads\/2016\/08\/capivara.jpg\" alt=\"\" \/><em>A capivara, um dos animais que aparecem na regi\u00e3o do Cerrado (Arquivo\/Ag\u00eancia Brasil)<\/em><br \/>\n<\/br><\/p>\n<p><em>(Ag\u00eancia Brasil)<\/em><\/p>\n","protected":false},"excerpt":{"rendered":"<p>O Instituto Internacional de Educa\u00e7\u00e3o do Brasil (IEB) lan\u00e7ou nesta sexta-feira (26\/08), em Bras\u00edlia, o Fundo de Parceria para Ecossistemas Cr\u00edticos (CEPF) do Cerrado, um projeto para conserva\u00e7\u00e3o deste bioma. Com dura\u00e7\u00e3o prevista de cinco anos, o programa tem o objetivo de preservar o bioma, sua fauna e sua flora. A iniciativa, que recebeu recursos [&hellip;]<\/p>\n","protected":false},"author":1,"featured_media":95792,"comment_status":"open","ping_status":"closed","sticky":false,"template":"","format":"standard","meta":{"amp_status":"","footnotes":""},"categories":[6],"tags":[112802,24000,4606,112798,378,112808,112805,112801,112806,112807,112803,112797,112804,112796,112795,18645,112800,112799,72588],"class_list":["post-95791","post","type-post","status-publish","format-standard","has-post-thumbnail","hentry","category-br","tag-agencia-francesa-de-desenvolvimento","tag-banco-mundial","tag-brasilia","tag-cepf","tag-cerrado","tag-cerrado-brasileiro-recebe-projeto-para-conservacao-da-biodiversidade","tag-conservacao","tag-conservacao-do-cerrado","tag-fauna","tag-flora","tag-fundacao-john-d-e-catherine-t-macarthur","tag-fundo-de-parceria-para-ecossistemas-criticos","tag-fundo-mundial-para-o-meio-ambiente","tag-ieb","tag-instituto-internacional-de-educacao-do-brasil","tag-japao","tag-preservacao-do-cerrado","tag-projeto-cerrado","tag-uniao-europeia"],"_links":{"self":[{"href":"https:\/\/aconteceunovale.com.br\/portal\/index.php?rest_route=\/wp\/v2\/posts\/95791","targetHints":{"allow":["GET"]}}],"collection":[{"href":"https:\/\/aconteceunovale.com.br\/portal\/index.php?rest_route=\/wp\/v2\/posts"}],"about":[{"href":"https:\/\/aconteceunovale.com.br\/portal\/index.php?rest_route=\/wp\/v2\/types\/post"}],"author":[{"embeddable":true,"href":"https:\/\/aconteceunovale.com.br\/portal\/index.php?rest_route=\/wp\/v2\/users\/1"}],"replies":[{"embeddable":true,"href":"https:\/\/aconteceunovale.com.br\/portal\/index.php?rest_route=%2Fwp%2Fv2%2Fcomments&post=95791"}],"version-history":[{"count":0,"href":"https:\/\/aconteceunovale.com.br\/portal\/index.php?rest_route=\/wp\/v2\/posts\/95791\/revisions"}],"wp:featuredmedia":[{"embeddable":true,"href":"https:\/\/aconteceunovale.com.br\/portal\/index.php?rest_route=\/wp\/v2\/media\/95792"}],"wp:attachment":[{"href":"https:\/\/aconteceunovale.com.br\/portal\/index.php?rest_route=%2Fwp%2Fv2%2Fmedia&parent=95791"}],"wp:term":[{"taxonomy":"category","embeddable":true,"href":"https:\/\/aconteceunovale.com.br\/portal\/index.php?rest_route=%2Fwp%2Fv2%2Fcategories&post=95791"},{"taxonomy":"post_tag","embeddable":true,"href":"https:\/\/aconteceunovale.com.br\/portal\/index.php?rest_route=%2Fwp%2Fv2%2Ftags&post=95791"}],"curies":[{"name":"wp","href":"https:\/\/api.w.org\/{rel}","templated":true}]}}