{"id":95771,"date":"2016-08-26T19:40:17","date_gmt":"2016-08-26T22:40:17","guid":{"rendered":"http:\/\/aconteceunovale.com.br\/portal\/?p=95771"},"modified":"2016-08-28T22:00:29","modified_gmt":"2016-08-29T01:00:29","slug":"atividade-escolar-com-linguagem-regional-gera-polemica-entre-pais-de-alunos-em-coronel-fabriciano","status":"publish","type":"post","link":"https:\/\/aconteceunovale.com.br\/portal\/?p=95771","title":{"rendered":"Atividade escolar com linguagem regional gera pol\u00eamica entre pais de alunos em Coronel Fabriciano"},"content":{"rendered":"<p>Pais de alunos do 4\u00ba ano do ensino fundamental da Escola Estadual Professor Francisco Letro, em Coronel Fabriciano, reclamam de uma tarefa aplicada em sala de aula na quinta-feira (25\/08). Segundo eles, o texto tinha um conte\u00fado obsceno e de duplo sentido.<\/p>\n<p>A atividade reproduzia a frase &#8220;Quando quebrei o ovo tive um baita susto: magina oc\u00ea que tinha um pinto dentro!!!!? Agora c\u00ea j\u00e1 pens\u00f4 seu cuzinho [sic] cum pinto dentro??&#8221; Os alunos tinham que reescrever o trecho em linguagem culta.<\/p>\n<p>A dire\u00e7\u00e3o da escola nega que tenha havido maldade e disse que a atividade pretendia estudar o regionalismo lingu\u00edstico. A Secretaria de Educa\u00e7\u00e3o disse que far\u00e1 uma reuni\u00e3o com os pais pra esclarecer a situa\u00e7\u00e3o e evitar novos constrangimentos.<\/p>\n<p>O motorista M\u00e1rcio de Souza disse que n\u00e3o deixou que a filha de nove anos fizesse o dever e achou o conte\u00fado abusivo e impr\u00f3prio.<\/p>\n<p>&#8220;Tenho tr\u00eas filhos, sendo duas crian\u00e7as. Esses meninos de hoje s\u00e3o muito espertos e elas sempre me fazem perguntas que n\u00e3o respondo, por n\u00e3o achar que t\u00eam idade para isso. Da\u00ed ela vem da escola com um dever de casa completamente obsceno. Eles erraram ao aplicar essa atividade para alunos de 9 anos&#8221;, afirma.<\/p>\n<p>M\u00e1rcio conta que a pr\u00f3pria filha j\u00e1 tinha percebido a &#8220;maldade&#8221; na atividade e chegou em casa questionando o exerc\u00edcio. &#8220;Os alunos perceberam o ocorrido. Ela j\u00e1 chegou mostrando a folha e me pedindo para ler os dois \u00faltimos par\u00e1grafos\u201d, diz.<\/p>\n<p>A m\u00e3e de outro aluno, que n\u00e3o quis se identificar, disse que esteve na escola na manh\u00e3 dessa sexta-feira (26) pedindo explica\u00e7\u00f5es, e a institui\u00e7\u00e3o informou que vai apurar o ocorrido.  &#8220;Essa escola \u00e9 refer\u00eancia em Fabriciano, como eles deixaram passar despercebido algo t\u00e3o grave como isso?\u201d, questiona.<\/p>\n<p><strong>O que diz a escola<\/strong><\/p>\n<p>Em nota, a institui\u00e7\u00e3o informou que a atividade \u201cCauso mineiro\u201d foi pensada pelas professoras como um g\u00eanero textual que atendia o conte\u00fado em quest\u00e3o.<\/p>\n<p>\u201cRessaltamos que n\u00e3o se trata de uma atividade avaliativa, e sim de uma atividade trabalhada em sala de aula com a media\u00e7\u00e3o dos professores, cujo objetivos era de  transformar a linguagem coloquial para a linguagem formal, al\u00e9m da valoriza\u00e7\u00e3o e o respeito da linguagem popular\/diversidade. A atividade proposta transcorreu tranquilamente em sala de aula, pois os alunos e os professores n\u00e3o levaram em considera\u00e7\u00e3o a maldade por duplo sentido criada por outras  pessoas\u201d, diz a nota.<\/p>\n<p><strong>O que diz a SEE<\/strong><\/p>\n<p>Por meio de nota, a Secretaria de Estado de Educa\u00e7\u00e3o informou que uma equipe de inspe\u00e7\u00e3o da Superintend\u00eancia Regional de Ensino (SRE) de Coronel Fabriciano, respons\u00e1vel pela coordena\u00e7\u00e3o da escola, esteve na unidade de ensino na manh\u00e3 de sexta-feira (26), para apurar a situa\u00e7\u00e3o.<\/p>\n<p>&#8220;A equipe da SRE se reuniu com a dire\u00e7\u00e3o da escola, coordenadores, supervisores e professores. Em respeito aos estudantes, \u00e0s fam\u00edlias e \u00e0 comunidade escolar, tamb\u00e9m ser\u00e1 realizada, nos pr\u00f3ximos dias, uma reuni\u00e3o com os pais para esclarecimentos acerca da situa\u00e7\u00e3o, em que ser\u00e1 discutida tamb\u00e9m o alinhamento das atividades pedag\u00f3gicas, a fim de evitar novos constrangimentos&#8221;, encerrou a nota.<\/p>\n<p><img decoding=\"async\" src=\"http:\/\/aconteceunovale.com.br\/portal\/wp-content\/uploads\/2016\/08\/causo_mineiro.jpg\" alt=\"\" \/><em>Texto gera pol\u00eamica em Coronel Fabriciano (Divulga\u00e7\u00e3o)<\/em><br \/>\n<\/br><\/p>\n<p><strong>Outro caso<\/strong><\/p>\n<p>Em abril de 2015, durante uma aula na escola municipal Jaime Avelar de Lima, em Santa Luzia, na regi\u00e3o metropolitana de Belo Horizonte, os estudantes de cerca de 10 anos receberam um poema er\u00f3tico como atividade escolar. <\/p>\n<p>Na ocasi\u00e3o, a vice-diretora da escola, substituindo a professora de portugu\u00eas que havia faltado naquele dia, teria imprimido o poema \u201cCiuminho b\u00e1sico\u201d, que encontrou na internet e teria passado para os alunos. \u00c0 m\u00e3e de um estudante, ela contou que n\u00e3o havia lido o texto antes de passar para a turma. Ningu\u00e9m da dire\u00e7\u00e3o da escola foi encontrado para comentar o caso.<\/p>\n<p>A repercuss\u00e3o foi tanta que a Prefeitura de Santa Luzia instaurou um processo administrativo disciplinar para apurar as responsabilidades do ocorrido.  <\/p>\n<p><em>(Fonte: G1 dos Vales \/ O Tempo)<\/em><\/p>\n","protected":false},"excerpt":{"rendered":"<p>Pais de alunos do 4\u00ba ano do ensino fundamental da Escola Estadual Professor Francisco Letro, em Coronel Fabriciano, reclamam de uma tarefa aplicada em sala de aula na quinta-feira (25\/08). Segundo eles, o texto tinha um conte\u00fado obsceno e de duplo sentido. A atividade reproduzia a frase &#8220;Quando quebrei o ovo tive um baita susto: [&hellip;]<\/p>\n","protected":false},"author":1,"featured_media":95772,"comment_status":"open","ping_status":"closed","sticky":false,"template":"","format":"standard","meta":{"amp_status":"","footnotes":""},"categories":[40238,121],"tags":[112765,112769,1524,112760,112766,112764,112761,1498,112767,112768,112763,112762],"class_list":["post-95771","post","type-post","status-publish","format-standard","has-post-thumbnail","hentry","category-educacao-2","category-leste","tag-agora-ce-ja-penso-seu-cuzinho-cum-pinto-dentro","tag-atividade-escolar-com-linguagem-regional-gera-polemica-entre-pais-de-alunos-em-coronel-fabriciano","tag-coronel-fabriciano","tag-escola-estadual-professor-francisco-letro","tag-escola-municipal-jaime-avelar-de-lima","tag-polemica-coronel-fabriciano","tag-polemica-escola-estadual-professor-francisco-letro","tag-santa-luzia","tag-texto-com-linguagem-regional-gera-polemica-entre-pais-de-alunos-de-escola-em-coronel-fabriciano","tag-texto-com-linguagem-regional-gera-polemica-entre-pais-de-alunos-em-coronel-fabriciano","tag-texto-polemico-coronel-fabriciano","tag-texto-polemico-escola-estadual-professor-francisco-letro"],"_links":{"self":[{"href":"https:\/\/aconteceunovale.com.br\/portal\/index.php?rest_route=\/wp\/v2\/posts\/95771","targetHints":{"allow":["GET"]}}],"collection":[{"href":"https:\/\/aconteceunovale.com.br\/portal\/index.php?rest_route=\/wp\/v2\/posts"}],"about":[{"href":"https:\/\/aconteceunovale.com.br\/portal\/index.php?rest_route=\/wp\/v2\/types\/post"}],"author":[{"embeddable":true,"href":"https:\/\/aconteceunovale.com.br\/portal\/index.php?rest_route=\/wp\/v2\/users\/1"}],"replies":[{"embeddable":true,"href":"https:\/\/aconteceunovale.com.br\/portal\/index.php?rest_route=%2Fwp%2Fv2%2Fcomments&post=95771"}],"version-history":[{"count":0,"href":"https:\/\/aconteceunovale.com.br\/portal\/index.php?rest_route=\/wp\/v2\/posts\/95771\/revisions"}],"wp:featuredmedia":[{"embeddable":true,"href":"https:\/\/aconteceunovale.com.br\/portal\/index.php?rest_route=\/wp\/v2\/media\/95772"}],"wp:attachment":[{"href":"https:\/\/aconteceunovale.com.br\/portal\/index.php?rest_route=%2Fwp%2Fv2%2Fmedia&parent=95771"}],"wp:term":[{"taxonomy":"category","embeddable":true,"href":"https:\/\/aconteceunovale.com.br\/portal\/index.php?rest_route=%2Fwp%2Fv2%2Fcategories&post=95771"},{"taxonomy":"post_tag","embeddable":true,"href":"https:\/\/aconteceunovale.com.br\/portal\/index.php?rest_route=%2Fwp%2Fv2%2Ftags&post=95771"}],"curies":[{"name":"wp","href":"https:\/\/api.w.org\/{rel}","templated":true}]}}