{"id":95769,"date":"2016-08-26T19:26:40","date_gmt":"2016-08-26T22:26:40","guid":{"rendered":"http:\/\/aconteceunovale.com.br\/portal\/?p=95769"},"modified":"2016-08-26T19:26:40","modified_gmt":"2016-08-26T22:26:40","slug":"briga-por-ser-chamado-de-viado-acaba-com-um-morto-em-buritizeiro-no-norte-de-minas","status":"publish","type":"post","link":"https:\/\/aconteceunovale.com.br\/portal\/?p=95769","title":{"rendered":"Briga por ser chamado de &#8216;viado&#8217; acaba com um morto em Buritizeiro, no Norte de Minas"},"content":{"rendered":"<p>Uma &#8220;festinha&#8221; regada a bebida alco\u00f3lica terminou com um homem de 29 anos esfaqueado e morto, em Buritizeiro, no Norte de Minas, na noite dessa quinta-feira (25\/08). O desentendimento come\u00e7ou depois que um chamou o outro de &#8220;viado&#8221;.<\/p>\n<p>Testemunhas contaram \u00e0 Pol\u00edcia Militar (PM) que no quintal de uma casa no bairro Bandeirantes, um grupo de pessoas consumia bebidas alco\u00f3licas e a v\u00edtima Charles de Oliveira teria pego um peda\u00e7o de madeira e agredido o suspeito na cabe\u00e7a e em um dos bra\u00e7os. Como rea\u00e7\u00e3o, o homem correu para sua resid\u00eancia e voltou com uma faca de cerca de 15 cent\u00edmetros.<\/p>\n<p>O irm\u00e3o dele de 31 anos come\u00e7ou a gritar &#8220;mete a faca nele, enfia a faca nele, enfia a faca neste desgra\u00e7ado&#8221; e foi o que o suspeito fez, acertando o lado esquerdo do peito de Oliveira, que conseguiu sair do local, caindo em um quarto, onde morreu.<\/p>\n<p>Os irm\u00e3os fugiram e, segundo o pai deles, o acusado pela facada pegou umas roupas e fugiu por um matagal, n\u00e3o sendo encontrado at\u00e9 o momento. Mais tarde, o irm\u00e3o, que teria incentivado o homic\u00eddio foi conduzido \u00e0 delegacia, a faca apreendida, al\u00e9m de peda\u00e7os de madeira. <\/p>\n<p>Segundo a assessoria de imprensa da Pol\u00edcia Civil, n\u00e3o se sabe quem teria come\u00e7ado a dizer que o outro era &#8220;viado&#8221;. Durante a confus\u00e3o, os Oliveira e o assassino trocaram v\u00e1rias ofensas. Ainda conforme a corpora\u00e7\u00e3o, n\u00e3o h\u00e1 provas concretas que o irm\u00e3o do bandido seja coautor no crime.<\/p>\n<p><strong>V\u00edtima j\u00e1 foi presa por assassinato<\/strong><\/p>\n<p>Charles de Oliveira tinha sa\u00eddo da cadeia h\u00e1 menos de um ano, de acordo com uma de suas cunhadas, Marilene Antunes. &#8220;Ele tamb\u00e9m j\u00e1 matou uma pessoa, ele ficou preso um ano e pouco. O cara que ele matou foi enterrou como indigente&#8221;.<\/p>\n<p>Oliveira n\u00e3o tinha filhos e n\u00e3o era casado. Ele estava trabalhando em uma fazenda, segundo a fam\u00edlia. (Fonte: O Tempo)<\/p>\n","protected":false},"excerpt":{"rendered":"<p>Uma &#8220;festinha&#8221; regada a bebida alco\u00f3lica terminou com um homem de 29 anos esfaqueado e morto, em Buritizeiro, no Norte de Minas, na noite dessa quinta-feira (25\/08). O desentendimento come\u00e7ou depois que um chamou o outro de &#8220;viado&#8221;. Testemunhas contaram \u00e0 Pol\u00edcia Militar (PM) que no quintal de uma casa no bairro Bandeirantes, um grupo [&hellip;]<\/p>\n","protected":false},"author":1,"featured_media":90576,"comment_status":"open","ping_status":"closed","sticky":false,"template":"","format":"standard","meta":{"amp_status":"","footnotes":""},"categories":[1236],"tags":[112758,94296,112757,112753,112754,112759,94295,112755,112756],"class_list":["post-95769","post","type-post","status-publish","format-standard","has-post-thumbnail","hentry","category-norte_de_minas","tag-assassinado-em-buritizeiro","tag-assassinato-buritizeiro","tag-briga-buritizeiro","tag-briga-por-ser-chamado-de-viado-acaba-com-um-morto-em-buritizeiro","tag-briga-por-ser-chamado-de-viado-em-buritizeiro","tag-charles-de-oliveira","tag-homicidio-buritizeiro","tag-morte-buritizeiro","tag-morto-buritizeiro"],"_links":{"self":[{"href":"https:\/\/aconteceunovale.com.br\/portal\/index.php?rest_route=\/wp\/v2\/posts\/95769","targetHints":{"allow":["GET"]}}],"collection":[{"href":"https:\/\/aconteceunovale.com.br\/portal\/index.php?rest_route=\/wp\/v2\/posts"}],"about":[{"href":"https:\/\/aconteceunovale.com.br\/portal\/index.php?rest_route=\/wp\/v2\/types\/post"}],"author":[{"embeddable":true,"href":"https:\/\/aconteceunovale.com.br\/portal\/index.php?rest_route=\/wp\/v2\/users\/1"}],"replies":[{"embeddable":true,"href":"https:\/\/aconteceunovale.com.br\/portal\/index.php?rest_route=%2Fwp%2Fv2%2Fcomments&post=95769"}],"version-history":[{"count":0,"href":"https:\/\/aconteceunovale.com.br\/portal\/index.php?rest_route=\/wp\/v2\/posts\/95769\/revisions"}],"wp:featuredmedia":[{"embeddable":true,"href":"https:\/\/aconteceunovale.com.br\/portal\/index.php?rest_route=\/wp\/v2\/media\/90576"}],"wp:attachment":[{"href":"https:\/\/aconteceunovale.com.br\/portal\/index.php?rest_route=%2Fwp%2Fv2%2Fmedia&parent=95769"}],"wp:term":[{"taxonomy":"category","embeddable":true,"href":"https:\/\/aconteceunovale.com.br\/portal\/index.php?rest_route=%2Fwp%2Fv2%2Fcategories&post=95769"},{"taxonomy":"post_tag","embeddable":true,"href":"https:\/\/aconteceunovale.com.br\/portal\/index.php?rest_route=%2Fwp%2Fv2%2Ftags&post=95769"}],"curies":[{"name":"wp","href":"https:\/\/api.w.org\/{rel}","templated":true}]}}