{"id":95766,"date":"2016-08-26T19:11:01","date_gmt":"2016-08-26T22:11:01","guid":{"rendered":"http:\/\/aconteceunovale.com.br\/portal\/?p=95766"},"modified":"2016-08-26T19:11:01","modified_gmt":"2016-08-26T22:11:01","slug":"estuprador-que-arrancou-coracao-de-crianca-em-minas-e-indiciado-pela-pc-e-pode-pegar-40-anos-de-prisao","status":"publish","type":"post","link":"https:\/\/aconteceunovale.com.br\/portal\/?p=95766","title":{"rendered":"Estuprador que arrancou cora\u00e7\u00e3o de crian\u00e7a em Minas \u00e9 indiciado pela PC e pode pegar 40 anos de pris\u00e3o"},"content":{"rendered":"<p>A Pol\u00edcia Civil de Minas Gerais (PCMG) indiciou, nesta sexta-feira (26\/08), Jairo Lopes, 42 anos, por homic\u00eddio, estupro de vulner\u00e1vel, oculta\u00e7\u00e3o e vilip\u00eandio de cad\u00e1ver.  Jairo \u00e9 suspeito de matar a menina Raiane Aparecida C\u00e2ndida, de 10 anos, em Buen\u00f3polis, na regi\u00e3o Central do Estado, em junho desse ano.<\/p>\n<p>Segundo a Pol\u00edcia, ficou evidenciado atrav\u00e9s dos laudos de per\u00edcia t\u00e9cnica que o suspeito praticou estupro seguido de homic\u00eddio, al\u00e9m de estupro j\u00e1 com a menina morta e vilip\u00eandio do cad\u00e1ver, quando retirou o cora\u00e7\u00e3o da v\u00edtima.<\/p>\n<p>Os objetos apreendidos na \u00e9poca, uma faca e uma bota, apontaram a presen\u00e7a de sangue da v\u00edtima atrav\u00e9s do exame de compara\u00e7\u00e3o de DNA.<\/p>\n<p>Foi solicitado um mandado de pris\u00e3o preventiva, concedido pela Justi\u00e7a, j\u00e1 que \u00e0 \u00e9poca dos fatos o suspeito foi preso em virtude do mandado de pris\u00e3o em aberto. O inqu\u00e9rito foi conclu\u00eddo e encaminhado \u00e0 Justi\u00e7a.<\/p>\n<p>Nenhuma das diversas vers\u00f5es apresentadas pelo autor na \u00e9poca de sua pris\u00e3o foi confirmada durante as investiga\u00e7\u00f5es. N\u00e3o sabendo o suspeito explicar o que o motivou cometer o crime. Jairo j\u00e1 se encontra detido e a pena m\u00e1xima, por esse crime, pode chegar a 40 anos de pris\u00e3o.<\/p>\n<p><strong>Entenda o caso<\/strong><\/p>\n<p>As investiga\u00e7\u00f5es da Pol\u00edcia Civil tiveram in\u00edcio no dia 1\u00ba de junho quando o pai da v\u00edtima comunicou o desaparecimento da menina de 10 anos. A crian\u00e7a saiu de casa por volta das sete da manh\u00e3, com destino \u00e0 escola e n\u00e3o foi mais vista. Ao se aproximar das duas da tarde, daquela data, como a menina n\u00e3o havia retornado para a resid\u00eancia dela, o pai foi at\u00e9 a escola, constatando que a crian\u00e7a havia faltado naquele dia. Ao procurar pelo motorista do \u00f4nibus escolar, o pai foi informado de que a menina n\u00e3o havia pegado o transporte pela manh\u00e3.<\/p>\n<p>No dia seguinte, quinta-feira (2), o corpo da menina foi encontrado em uma fazenda na zona rural de Buen\u00f3polis, com sinais de viol\u00eancia f\u00edsica e sexual e sem o cora\u00e7\u00e3o. A partir deste momento, a Pol\u00edcia Civil iniciou a investiga\u00e7\u00e3o do homic\u00eddio, que at\u00e9 ent\u00e3o era de desaparecimento. O suspeito foi identificado com base em depoimentos de testemunhas e levantamento de informa\u00e7\u00f5es sobre o investigado.  As buscas por Jairo prosseguiram at\u00e9 a captura dele em 8 de junho em uma fazenda entre os munic\u00edpios de Joaquim Fel\u00edcio e Dolabela.<\/p>\n<h4><strong>Leia mais<\/strong><\/h4>\n<p><a href=\"http:\/\/aconteceunovale.com.br\/portal\/?p=88936\" target=\"_blank\"><font color=\"blue\">&#8211; Pol\u00edcia investiga se estuprador de Buen\u00f3polis usou cora\u00e7\u00e3o de crian\u00e7a em ritual de magia negra<\/font><\/a><\/p>\n<p><a href=\"http:\/\/aconteceunovale.com.br\/portal\/?p=88819\" target=\"_blank\"><font color=\"blue\">&#8211; Ajuda da popula\u00e7\u00e3o foi essencial para dar fim \u00e0 ca\u00e7ada a autor de crime b\u00e1rbaro em Buen\u00f3polis<\/font><\/a><\/p>\n<p><a href=\"http:\/\/aconteceunovale.com.br\/portal\/?p=88756\" target=\"_blank\"><font color=\"blue\">&#8211; Criminoso confessa que estuprou, matou e arrancou cora\u00e7\u00e3o de crian\u00e7a em Buen\u00f3polis<\/font><\/a><\/p>\n<p><a href=\"http:\/\/aconteceunovale.com.br\/portal\/?p=88729\" target=\"_blank\"><font color=\"blue\">&#8211; Preso homem que estuprou, matou e arrancou o cora\u00e7\u00e3o de menina em Buen\u00f3polis<\/font><\/a><\/p>\n<h4><strong>Fotos da pris\u00e3o<\/strong><\/h4>\n<p><img decoding=\"async\" src=\"http:\/\/aconteceunovale.com.br\/portal\/wp-content\/uploads\/2016\/06\/estuprador_boc_preso_1.jpg\" alt=\"\" \/><em>Criminoso foi preso na zona rural de Joaquim Fel\u00edcio (Foto: Divulga\u00e7\u00e3o \/ PMMG)<\/em><br \/>\n<\/br><\/p>\n<p><img decoding=\"async\" src=\"http:\/\/aconteceunovale.com.br\/portal\/wp-content\/uploads\/2016\/06\/estuprador_boc_preso_2.jpg\" alt=\"\" \/><em>Criminoso foi preso na zona rural de Joaquim Fel\u00edcio (Foto: Divulga\u00e7\u00e3o \/ PMMG)<\/em><br \/>\n<\/br><\/p>\n<p><img decoding=\"async\" src=\"http:\/\/aconteceunovale.com.br\/portal\/wp-content\/uploads\/2016\/06\/estuprador_boc_preso_3.jpg\" alt=\"\" \/><em>Criminoso foi preso na zona rural de Joaquim Fel\u00edcio (Foto: Divulga\u00e7\u00e3o \/ PMMG)<\/em><br \/>\n<\/br><\/p>\n<p><img decoding=\"async\" src=\"http:\/\/aconteceunovale.com.br\/portal\/wp-content\/uploads\/2016\/06\/estuprador_boc_preso_4.jpg\" alt=\"\" \/><em>Criminoso foi preso na zona rural de Joaquim Fel\u00edcio (Foto: Divulga\u00e7\u00e3o \/ PMMG)<\/em><br \/>\n<\/br><\/p>\n<p><img decoding=\"async\" src=\"http:\/\/aconteceunovale.com.br\/portal\/wp-content\/uploads\/2016\/06\/estuprador_boc_preso_5.jpg\" alt=\"\" \/><em>Criminoso foi preso na zona rural de Joaquim Fel\u00edcio (Foto: Divulga\u00e7\u00e3o \/ PMMG)<\/em><br \/>\n<\/br><\/p>\n<p><img decoding=\"async\" src=\"http:\/\/aconteceunovale.com.br\/portal\/wp-content\/uploads\/2016\/06\/estuprador_boc_preso_6.jpg\" alt=\"\" \/><em>Criminoso foi preso na zona rural de Joaquim Fel\u00edcio (Foto: Divulga\u00e7\u00e3o \/ PMMG)<\/em><br \/>\n<\/br><\/p>\n<p><em>(Fonte: Pol\u00edcia Civil de Minas Gerais)<\/em><\/p>\n","protected":false},"excerpt":{"rendered":"<p>A Pol\u00edcia Civil de Minas Gerais (PCMG) indiciou, nesta sexta-feira (26\/08), Jairo Lopes, 42 anos, por homic\u00eddio, estupro de vulner\u00e1vel, oculta\u00e7\u00e3o e vilip\u00eandio de cad\u00e1ver. Jairo \u00e9 suspeito de matar a menina Raiane Aparecida C\u00e2ndida, de 10 anos, em Buen\u00f3polis, na regi\u00e3o Central do Estado, em junho desse ano. Segundo a Pol\u00edcia, ficou evidenciado atrav\u00e9s [&hellip;]<\/p>\n","protected":false},"author":1,"featured_media":88731,"comment_status":"open","ping_status":"closed","sticky":false,"template":"","format":"standard","meta":{"amp_status":"","footnotes":""},"categories":[123,1236],"tags":[98266,97392,960,97695,97694,97511,97390,97388,97389,97527,97526,97528,98110,98109,97391,97393,1018,98476,98945,112752,97696,98017,97613,97510,98474,98016,97612,98475,98064,98111,97394,97509,97512,97693,97652,97611],"class_list":["post-95766","post","type-post","status-publish","format-standard","has-post-thumbnail","hentry","category-gerais","category-norte_de_minas","tag-ajuda-da-populacao-foi-essencial-para-dar-fim-a-cacada-a-autor-de-crime-barbaro-em-buenopolis","tag-assassinato-de-crianca-em-buenopolis","tag-buenopolis","tag-buscas-por-estuprador-que-arrancou-coracao-de-menina-em-buenopolis","tag-cerco-ao-suspeito-de-matar-e-estuprar-menina","tag-cicera-soares","tag-crianca-assassinada-em-buenopolis","tag-crianca-de-nove-anos-e-assassinada-na-zona-rural-de-buenopolis","tag-crianca-estuprada-e-morta-em-buenopolis","tag-criminoso-arrancou-coracao-de-menina-estuprada-em-buenopolis","tag-criminoso-arrancou-coracao-de-menina-estuprada-em-minas-gerais","tag-criminoso-arrancou-coracao-de-menina-estuprada-na-regiao-central-de-minas-gerais","tag-criminoso-confessa-que-estuprou-matou-e-arrancou-coracao-de-crianca-em-buenopolis","tag-criminoso-confessa-que-estuprou-matou-e-arrancou-coracao-de-menina-em-buenopolis","tag-desaparecimento-de-buenopolis","tag-desaparecimento-de-crianca-em-buenopolis","tag-destaque","tag-estuprador-de-buenopolis","tag-estuprador-que-arrancou-coracao-de-crianca-e-transferido-para-presidio-da-rmbh","tag-estuprador-que-arrancou-coracao-de-crianca-em-minas-e-indiciado-pela-pc-e-pode-pegar-40-anos-de-prisao","tag-estuprador-que-arrancou-coracao-de-menina-em-buenopolis-consegue-escapar-de-cerco-policial","tag-estuprador-que-arrancou-coracao-de-menina-em-buenopolis-continua-foragido","tag-homem-que-arrancou-coracao-de-crianca-estuprada-em-buenopolis-agiu-de-forma-passional","tag-jairo-lopes","tag-morte-de-crianca-tem-relacao-com-magia-negra","tag-pm-de-buenopolis","tag-policia-acredita-em-crime-passional-no-caso-de-homem-que-arrancou-coracao-de-menina-em-buenopolis","tag-policia-investiga-se-estuprador-de-buenopolis-usou-coracao-de-crianca-em-ritual-de-magia-negra","tag-preso-homem-que-estuprou-matou-e-arrancou-o-coracao-de-menina-em-buenopolis","tag-prisao-de-estuprador-em-buenopolis","tag-raiane-aparecida-candida","tag-rayane-aparecida-candida","tag-suspeito-de-estuprar-e-matar-crianca-no-municipio-de-buenopolis-e-procurado-pela-policia","tag-suspeito-de-estupro-e-morte-de-menina-em-buenopolis-consegue-escapar-de-cerco-policial","tag-suspeito-de-estupro-e-morte-de-menina-esta-cercado-pela-policia-no-norte-de-minas","tag-vitor-amaro-beduschi"],"_links":{"self":[{"href":"https:\/\/aconteceunovale.com.br\/portal\/index.php?rest_route=\/wp\/v2\/posts\/95766","targetHints":{"allow":["GET"]}}],"collection":[{"href":"https:\/\/aconteceunovale.com.br\/portal\/index.php?rest_route=\/wp\/v2\/posts"}],"about":[{"href":"https:\/\/aconteceunovale.com.br\/portal\/index.php?rest_route=\/wp\/v2\/types\/post"}],"author":[{"embeddable":true,"href":"https:\/\/aconteceunovale.com.br\/portal\/index.php?rest_route=\/wp\/v2\/users\/1"}],"replies":[{"embeddable":true,"href":"https:\/\/aconteceunovale.com.br\/portal\/index.php?rest_route=%2Fwp%2Fv2%2Fcomments&post=95766"}],"version-history":[{"count":0,"href":"https:\/\/aconteceunovale.com.br\/portal\/index.php?rest_route=\/wp\/v2\/posts\/95766\/revisions"}],"wp:featuredmedia":[{"embeddable":true,"href":"https:\/\/aconteceunovale.com.br\/portal\/index.php?rest_route=\/wp\/v2\/media\/88731"}],"wp:attachment":[{"href":"https:\/\/aconteceunovale.com.br\/portal\/index.php?rest_route=%2Fwp%2Fv2%2Fmedia&parent=95766"}],"wp:term":[{"taxonomy":"category","embeddable":true,"href":"https:\/\/aconteceunovale.com.br\/portal\/index.php?rest_route=%2Fwp%2Fv2%2Fcategories&post=95766"},{"taxonomy":"post_tag","embeddable":true,"href":"https:\/\/aconteceunovale.com.br\/portal\/index.php?rest_route=%2Fwp%2Fv2%2Ftags&post=95766"}],"curies":[{"name":"wp","href":"https:\/\/api.w.org\/{rel}","templated":true}]}}