{"id":95644,"date":"2016-08-24T23:03:50","date_gmt":"2016-08-25T02:03:50","guid":{"rendered":"http:\/\/aconteceunovale.com.br\/portal\/?p=95644"},"modified":"2016-08-24T23:03:50","modified_gmt":"2016-08-25T02:03:50","slug":"sobe-para-159-o-numero-de-pessoas-mortas-em-terremoto-na-regiao-central-da-italia","status":"publish","type":"post","link":"https:\/\/aconteceunovale.com.br\/portal\/?p=95644","title":{"rendered":"Sobe para 159 o n\u00famero de pessoas mortas em terremoto na regi\u00e3o Central da It\u00e1lia"},"content":{"rendered":"<p>O servi\u00e7o nacional da Defesa Civil da It\u00e1lia atualizou na noite desta quarta-feira (24\/08) as informa\u00e7\u00f5es sobre o forte terremoto que atingiu a parte central do pa\u00eds, dizendo que a trag\u00e9dia j\u00e1 provocou a morte de 159 pessoas. De acordo com a entidade, 106 pessoas morreram na prov\u00edncia de Rieti (regi\u00e3o metropolitana de Lazio), e outras 53 pessoas foram mortas na prov\u00edncia de Ascoli Piceno (regi\u00e3o de Marche).<\/p>\n<p>O \u00faltimo comunicado, emitido na tarde de hoje pelo premi\u00ea italiano Matteo Renzi, falava em 132 mortos. Segundo ele, o terremoto, de magnitude 6,0, destruiu parcialmente pelo menos tr\u00eas vilarejos em uma \u00e1rea montanhosa a nordeste de Roma e tamb\u00e9m deixou pelo menos 368 feridos.<\/p>\n<p>As declara\u00e7\u00f5es do premi\u00ea foram dadas pouco depois de ele visitar Amatrice, um dos lugares mais afetados, onde se reuniu com as equipes de resgate.<\/p>\n<p>Dezenas de volunt\u00e1rios, bombeiros e membros da guarda de prote\u00e7\u00e3o civil se preparam para virar a noite em escava\u00e7\u00f5es na esperan\u00e7a de encontrar mais sobreviventes.<\/p>\n<p>Acampamentos foram instalados na proximidade dos lugares mais afetados para acomodar cerca de 2.500 pessoas que ficaram desabrigadas devido \u00e0 trag\u00e9dia.<\/p>\n<p><img decoding=\"async\" src=\"http:\/\/aconteceunovale.com.br\/portal\/wp-content\/uploads\/2016\/08\/terremoto_italia_5.jpg\" alt=\"\" \/><em>Terremoto atingiu regi\u00e3o Central da It\u00e1lia (Foto: Foto: Corpo Forestale dello Stato)<\/em><br \/>\n<\/br><\/p>\n<p><em>(Fonte: Ag\u00eancia Sputnik Brasil)<\/em><\/p>\n","protected":false},"excerpt":{"rendered":"<p>O servi\u00e7o nacional da Defesa Civil da It\u00e1lia atualizou na noite desta quarta-feira (24\/08) as informa\u00e7\u00f5es sobre o forte terremoto que atingiu a parte central do pa\u00eds, dizendo que a trag\u00e9dia j\u00e1 provocou a morte de 159 pessoas. De acordo com a entidade, 106 pessoas morreram na prov\u00edncia de Rieti (regi\u00e3o metropolitana de Lazio), e [&hellip;]<\/p>\n","protected":false},"author":1,"featured_media":95646,"comment_status":"closed","ping_status":"closed","sticky":false,"template":"","format":"standard","meta":{"amp_status":"","footnotes":""},"categories":[28848],"tags":[112341,112345,112338,112349,112350,112343,4785,112358,112422,112423,112354,80748,112366,112367,112363,112362,112359,48766,112351,112352,18920,104581,33735,26352,112346,63088,112356,112357,112347,112360,25477,112348,112521,112370,112369,112355,112337,112364,112365,105924,112342,112339,112344,112368,112340,112353,112361,65333],"class_list":["post-95644","post","type-post","status-publish","format-standard","has-post-thumbnail","hentry","category-mundo","tag-accumoli","tag-amandola","tag-amatrice","tag-amatrice-soma-35-mortos","tag-amatrice-soma-35-mortos-em-terremoto","tag-arquata-del-tronto","tag-brasil","tag-brasil-externa-solidariedade-ao-governo-da-italia","tag-defesa-civil-aumenta-para-159-o-numero-de-mortos-apos-terremoto-na-italia","tag-defesa-civil-da-italia-aumenta-para-159-o-numero-de-mortos-apos-terremoto","tag-desalojados","tag-destruicao","tag-email-da-embaixada-do-brasil-em-roma","tag-email-da-embaixada-do-brasil-na-italia","tag-embaixada","tag-embaixada-em-roma-oferece-ajuda-a-brasileiros","tag-guanciale","tag-igreja","tag-igreja-doa-1-milhao-de-euros","tag-igreja-doa-1-milhao-de-euros-para-vitimas-de-terremoto-na-italia","tag-italia","tag-matteo-renzi","tag-mensagens","tag-mortos","tag-paolo-bernabucci","tag-papa","tag-papa-francisco-manifestou-grande-dor-pelo-terremoto-que-devastou-a-italia","tag-papa-manifesta-grande-dor-por-terremoto-na-italia","tag-presidente-da-italia","tag-queijo-pecorino","tag-recursos","tag-sergio-mattarella","tag-sobe-para-159-o-numero-de-pessoas-mortas-em-terremoto-na-regiao-central-da-italia","tag-sobe-para-38-o-numero-de-mortos-em-terremoto-na-italia","tag-sobe-para-38-o-numero-de-mortos-em-terremoto-na-regiao-central-da-italia","tag-sobe-para-38-total-de-mortos-em-terremoto-na-italia","tag-subiu-para-38-o-numero-de-mortos-no-terremoto-na-italia","tag-telefone-da-embaixada-do-brasil-em-roma","tag-telefone-da-embaixada-do-brasil-na-italia","tag-terremoto","tag-terremoto-accumoli","tag-terremoto-amatrice","tag-terremoto-arquata-del-tronto","tag-terremoto-de-6-graus-mata-mais-de-30-na-italia","tag-terremoto-italia","tag-terremoto-na-italia","tag-tremor-de-terra-na-italia","tag-vitimas"],"_links":{"self":[{"href":"https:\/\/aconteceunovale.com.br\/portal\/index.php?rest_route=\/wp\/v2\/posts\/95644","targetHints":{"allow":["GET"]}}],"collection":[{"href":"https:\/\/aconteceunovale.com.br\/portal\/index.php?rest_route=\/wp\/v2\/posts"}],"about":[{"href":"https:\/\/aconteceunovale.com.br\/portal\/index.php?rest_route=\/wp\/v2\/types\/post"}],"author":[{"embeddable":true,"href":"https:\/\/aconteceunovale.com.br\/portal\/index.php?rest_route=\/wp\/v2\/users\/1"}],"replies":[{"embeddable":true,"href":"https:\/\/aconteceunovale.com.br\/portal\/index.php?rest_route=%2Fwp%2Fv2%2Fcomments&post=95644"}],"version-history":[{"count":0,"href":"https:\/\/aconteceunovale.com.br\/portal\/index.php?rest_route=\/wp\/v2\/posts\/95644\/revisions"}],"wp:featuredmedia":[{"embeddable":true,"href":"https:\/\/aconteceunovale.com.br\/portal\/index.php?rest_route=\/wp\/v2\/media\/95646"}],"wp:attachment":[{"href":"https:\/\/aconteceunovale.com.br\/portal\/index.php?rest_route=%2Fwp%2Fv2%2Fmedia&parent=95644"}],"wp:term":[{"taxonomy":"category","embeddable":true,"href":"https:\/\/aconteceunovale.com.br\/portal\/index.php?rest_route=%2Fwp%2Fv2%2Fcategories&post=95644"},{"taxonomy":"post_tag","embeddable":true,"href":"https:\/\/aconteceunovale.com.br\/portal\/index.php?rest_route=%2Fwp%2Fv2%2Ftags&post=95644"}],"curies":[{"name":"wp","href":"https:\/\/api.w.org\/{rel}","templated":true}]}}