{"id":95621,"date":"2016-08-24T21:13:12","date_gmt":"2016-08-25T00:13:12","guid":{"rendered":"http:\/\/aconteceunovale.com.br\/portal\/?p=95621"},"modified":"2016-08-24T21:13:12","modified_gmt":"2016-08-25T00:13:12","slug":"acidentes-deixam-dois-mortos-e-tres-feridos-em-rodovias-do-norte-de-minas","status":"publish","type":"post","link":"https:\/\/aconteceunovale.com.br\/portal\/?p=95621","title":{"rendered":"Acidentes deixam dois mortos e tr\u00eas feridos em rodovias do Norte de Minas"},"content":{"rendered":"<p>Duas pessoas ficaram feridas ap\u00f3s acidente envolvendo tr\u00eas carros de passeio e uma carreta, no fim da manh\u00e3 desta quarta-feira (24\/08), na BR-135, pr\u00f3ximo \u00e0 comunidade de Lagoinha, zona rural de Montes Claros, na regi\u00e3o Norte de Minas. Segundo a Pol\u00edcia Rodovi\u00e1ria Federal (PRF), um dos carros perdeu controle, saiu da pista e atingiu a lateral da carreta, que vinha em sentido contr\u00e1rio. Outros dois ve\u00edculos, que seguiam logo atr\u00e1s do primeiro carro acidentado, tamb\u00e9m se envolveram na colis\u00e3o.<\/p>\n<p>Os carros de passeio seguiam sentido Montes Claros. Um dos motoristas perdeu o controle da dire\u00e7\u00e3o ap\u00f3s ter que frear o ve\u00edculo; segundo a PRF, os tr\u00eas carros envolvidos no acidente seguiam h\u00e1 pouca dist\u00e2ncia de seguran\u00e7a uns dos outros. O ve\u00edculo invadiu a pista e n\u00e3o conseguiu evitar a colis\u00e3o com a carreta, que seguia sentido contr\u00e1rio, em dire\u00e7\u00e3o a Belo Horizonte.<\/p>\n<p>Com o impacto, a carreta, carregada com material de limpeza, saiu da pista. Parte da carga ficou espalhada pela margem da via e foi saqueada por populares. O tr\u00e2nsito ficou em meia pista durante alguns minutos, retornando ao normal j\u00e1 nesta tarde. At\u00e9 a publica\u00e7\u00e3o desta mat\u00e9ria, o Corpo de Bombeiros fazia o socorro \u00e0s v\u00edtimas. N\u00e3o foi informado detalhes dos feridos.<\/p>\n<p><img decoding=\"async\" src=\"http:\/\/aconteceunovale.com.br\/portal\/wp-content\/uploads\/2016\/08\/acidentes_nmg_2.jpg\" alt=\"\" \/><em>Acidente perto de Lagoinha (Foto: Reprodu\u00e7\u00e3o\/WhatsApp)<\/em><br \/>\n<\/br><\/p>\n<p><img decoding=\"async\" src=\"http:\/\/aconteceunovale.com.br\/portal\/wp-content\/uploads\/2016\/08\/acidentes_nmg_1.jpg\" alt=\"\" \/><em>Acidente perto de Lagoinha (Foto: Reprodu\u00e7\u00e3o\/WhatsApp)<\/em><br \/>\n<\/br><\/p>\n<p><img decoding=\"async\" src=\"http:\/\/aconteceunovale.com.br\/portal\/wp-content\/uploads\/2016\/08\/acidente_nmg_1.jpeg\" alt=\"\" \/><em>Acidente perto de Lagoinha (Foto: T\u00e2nia de Miranda\/G1)<\/em><br \/>\n<\/br><\/p>\n<h4><strong>Capotamento entre Guaraciama e Bocaiuva<\/strong><\/h4>\n<p>J\u00e1 no in\u00edcio da tarde, um carro de passeio capotou em uma estrada estadual que liga as cidades de Guaraciama e Bocaiuva, tamb\u00e9m no Norte de Minas. Segundo as primeiras informa\u00e7\u00f5es repassadas pelo atendimento de urg\u00eancia do SAMU, uma pessoa ficou ferida com suspeita de traumatismo craniano.<\/p>\n<p>O acidente ocorreu cerca de tr\u00eas quil\u00f4metros de Bocaiuva. At\u00e9 a publica\u00e7\u00e3o desta mat\u00e9ria, os socorristas ainda faziam o atendimento. As causas do acidente tamb\u00e9m n\u00e3o foram informadas.<\/p>\n<h4><strong>Pai e filha morrem em acidente em Bocaiuva<\/strong><\/h4>\n<p>Pai e filha morreram em um acidente entre Bocaiuva e Olhos D\u2019\u00c1gua, na noite de segunda-feira (22\/08). Eles seguiam de moto pela rodovia quando se envolveram em uma batida com um caminh\u00e3o.<\/p>\n<p>Segundo informa\u00e7\u00f5es levantadas pela Pol\u00edcia Militar no local do acidente, o caminhoneiro seguia sentido Olhos d\u2019\u00c1gua, quando o ve\u00edculo dele foi atingido na lateral pela moto pilotada pelo homem de 47 anos, em uma curva.  A filha do motociclista tinha 14 anos.<\/p>\n<p><img decoding=\"async\" src=\"http:\/\/aconteceunovale.com.br\/portal\/wp-content\/uploads\/2016\/08\/acidente_bocaiuva.jpg\" alt=\"\" \/><em>Pai e filha morrem em acidente em Bocaiuva (Foto: Jo\u00e3o L\u00e3 dos Santos)<\/em><br \/>\n<\/br><\/p>\n<p><em>(Fonte: G1 Grande Minas)<\/em><\/p>\n","protected":false},"excerpt":{"rendered":"<p>Duas pessoas ficaram feridas ap\u00f3s acidente envolvendo tr\u00eas carros de passeio e uma carreta, no fim da manh\u00e3 desta quarta-feira (24\/08), na BR-135, pr\u00f3ximo \u00e0 comunidade de Lagoinha, zona rural de Montes Claros, na regi\u00e3o Norte de Minas. Segundo a Pol\u00edcia Rodovi\u00e1ria Federal (PRF), um dos carros perdeu controle, saiu da pista e atingiu a [&hellip;]<\/p>\n","protected":false},"author":1,"featured_media":95624,"comment_status":"open","ping_status":"closed","sticky":false,"template":"","format":"standard","meta":{"amp_status":"","footnotes":""},"categories":[1236],"tags":[18467,61656,38508,112468,112471,714,112472,645,112469,1694,210,112470],"class_list":["post-95621","post","type-post","status-publish","format-standard","has-post-thumbnail","hentry","category-norte_de_minas","tag-acidente-em-bocaiuva","tag-acidente-montes-claros","tag-acidente-na-br-135-em-montes-claros","tag-acidente-na-estrada-entre-guaraciama-e-bocaiuva","tag-acidentes-bocaiuva","tag-acidentes-de-transito","tag-acidentes-deixam-dois-mortos-e-tres-feridos-em-rodovias-do-norte-de-minas","tag-bocaiuva","tag-capotamento-entre-guaraciama-e-bocaiuva","tag-guaraciama","tag-montes-claros","tag-pai-e-filha-morrem-em-acidente-em-bocaiuva"],"_links":{"self":[{"href":"https:\/\/aconteceunovale.com.br\/portal\/index.php?rest_route=\/wp\/v2\/posts\/95621","targetHints":{"allow":["GET"]}}],"collection":[{"href":"https:\/\/aconteceunovale.com.br\/portal\/index.php?rest_route=\/wp\/v2\/posts"}],"about":[{"href":"https:\/\/aconteceunovale.com.br\/portal\/index.php?rest_route=\/wp\/v2\/types\/post"}],"author":[{"embeddable":true,"href":"https:\/\/aconteceunovale.com.br\/portal\/index.php?rest_route=\/wp\/v2\/users\/1"}],"replies":[{"embeddable":true,"href":"https:\/\/aconteceunovale.com.br\/portal\/index.php?rest_route=%2Fwp%2Fv2%2Fcomments&post=95621"}],"version-history":[{"count":0,"href":"https:\/\/aconteceunovale.com.br\/portal\/index.php?rest_route=\/wp\/v2\/posts\/95621\/revisions"}],"wp:featuredmedia":[{"embeddable":true,"href":"https:\/\/aconteceunovale.com.br\/portal\/index.php?rest_route=\/wp\/v2\/media\/95624"}],"wp:attachment":[{"href":"https:\/\/aconteceunovale.com.br\/portal\/index.php?rest_route=%2Fwp%2Fv2%2Fmedia&parent=95621"}],"wp:term":[{"taxonomy":"category","embeddable":true,"href":"https:\/\/aconteceunovale.com.br\/portal\/index.php?rest_route=%2Fwp%2Fv2%2Fcategories&post=95621"},{"taxonomy":"post_tag","embeddable":true,"href":"https:\/\/aconteceunovale.com.br\/portal\/index.php?rest_route=%2Fwp%2Fv2%2Ftags&post=95621"}],"curies":[{"name":"wp","href":"https:\/\/api.w.org\/{rel}","templated":true}]}}