{"id":95619,"date":"2016-08-24T20:55:57","date_gmt":"2016-08-24T23:55:57","guid":{"rendered":"http:\/\/aconteceunovale.com.br\/portal\/?p=95619"},"modified":"2016-08-24T20:55:57","modified_gmt":"2016-08-24T23:55:57","slug":"391-candidatos-concorrem-ao-cargo-de-vereador-em-montes-claros-2","status":"publish","type":"post","link":"https:\/\/aconteceunovale.com.br\/portal\/?p=95619","title":{"rendered":"391 candidatos concorrem ao cargo de vereador em Montes Claros"},"content":{"rendered":"<p>O Tribunal Superior Eleitoral de Minas Gerais divulgou dados que mostram o perfil dos candidatos que v\u00e3o disputar a uma das 23 vagas de vereador em Montes Claros, no Norte de Minas. O n\u00famero de candidatos diminuiu em rela\u00e7\u00e3o \u00e0s elei\u00e7\u00f5es de 2012, passou de 532 para 391; 66% s\u00e3o homens.<\/p>\n<p>J\u00e1 no quesito escolaridade, 25,81% conclu\u00edram a faculdade, mais de 35% tem ensino m\u00e9dio completo e quase 10% n\u00e3o conclu\u00edram o ensino fundamental. Em Montes Claros, 262.496 eleitores devem ir \u00e0s urnas em outubro.<\/p>\n<p><strong>Ocupa\u00e7\u00e3o<\/strong><\/p>\n<p>Segundo o TSE, as ocupa\u00e7\u00f5es profissionais mais recorrentes entre os candidatos s\u00e3o a de dona de casa (23), empres\u00e1rios (23), comerciantes (20), servidores p\u00fablicos (13) e aposentados (13).<\/p>\n<p><strong>O que faz um vereador<\/strong><\/p>\n<p>Os vereadores devem elaborar, discutir e votar as leis municipais, al\u00e9m de fiscalizar as a\u00e7\u00f5es do Executivo. &#8220;Ele \u00e9 respons\u00e1vel pelo controle externo de tudo que a prefeitura faz. O vereador deve fiscalizar para saber se os recursos est\u00e3o sendo usados de forma correta&#8221;, explica o soci\u00f3logo Roberto Ronisson.<\/p>\n<p>Para discutir e votar durante as sess\u00f5es legislativas, os vereadores se organizam em partidos. H\u00e1 os partidos que s\u00e3o considerados da base do governo [n\u00e3o apenas o partido do pr\u00f3prio prefeito, mas outros que apoiam a sua gest\u00e3o] e os considerados de oposi\u00e7\u00e3o.<\/p>\n<h4><strong>Lista de candidatos<\/strong><\/h4>\n<p>O sistema de divulga\u00e7\u00e3o das Elei\u00e7\u00f5es Municipais 2016 apresenta informa\u00e7\u00f5es detalhadas sobre todos os candidatos que pediram registro \u00e0 Justi\u00e7a Eleitoral e sobra as suas contas eleitorais e as dos partidos pol\u00edticos. Confira todas as informa\u00e7\u00f5es sobre os candidatos no endere\u00e7o <a href=\"http:\/\/aconteceunovale.com.br\/portal\/?p=93057\" target=\"_blank\"><font color=\"blue\">http:\/\/aconteceunovale.com.br\/portal\/?p=93057<\/font><\/a>.<\/p>\n<p><img decoding=\"async\" src=\"http:\/\/aconteceunovale.com.br\/portal\/wp-content\/uploads\/2016\/08\/camara_moc.jpg\" alt=\"\" \/><em>391 candidatos concorrem ao cargo de vereador em Montes Claros (Reprodu\u00e7\u00e3o)<\/em><br \/>\n<\/br><\/p>\n<p><em>(Com informa\u00e7\u00f5es do G1 Grande Minas)<\/em><\/p>\n","protected":false},"excerpt":{"rendered":"<p>O Tribunal Superior Eleitoral de Minas Gerais divulgou dados que mostram o perfil dos candidatos que v\u00e3o disputar a uma das 23 vagas de vereador em Montes Claros, no Norte de Minas. O n\u00famero de candidatos diminuiu em rela\u00e7\u00e3o \u00e0s elei\u00e7\u00f5es de 2012, passou de 532 para 391; 66% s\u00e3o homens. J\u00e1 no quesito escolaridade, [&hellip;]<\/p>\n","protected":false},"author":1,"featured_media":95617,"comment_status":"open","ping_status":"closed","sticky":false,"template":"","format":"standard","meta":{"amp_status":"","footnotes":""},"categories":[79927,1236,40240],"tags":[112457,109048,112461,112462,107337,112463,107336,107342,107338,107339,107335,107341,107340,107334,112458,107316,107325,107321,107331,112464,109046,107322,107332,107347,1018,112465,107343,107315,107323,109047,59515,107324,112466,78864,107333,112467,107330,107344,107345,107346,107320,107329,112459,107318,107327,210,112460,107319,107328,107317,107326],"class_list":["post-95619","post","type-post","status-publish","format-standard","has-post-thumbnail","hentry","category-eleicoes-2016-2","category-norte_de_minas","category-politica-2","tag-391-candidatos-concorrem-ao-cargo-de-vereador-em-montes-claros","tag-aplicativo-candidaturas-2016","tag-candidato-a-prefeito-de-montes-claros","tag-candidato-a-prefeito-eleicoes-2016-montes-claros","tag-candidatos-a-prefeito-de","tag-candidatos-a-prefeito-de-montes-claros","tag-candidatos-a-prefeito-eleicoes-2016","tag-candidatos-a-prefeito-eleicoes-municipais-2016","tag-candidatos-a-prefeito-em","tag-candidatos-a-vereador-de","tag-candidatos-a-vereador-eleicoes-2016","tag-candidatos-a-vereador-eleicoes-municipais-2016","tag-candidatos-a-vereador-em","tag-candidatos-a-vereador-em-2016","tag-candidatos-a-vereador-em-montes-claros","tag-candidatos-eleicoes-2016","tag-candidatos-eleicoes-2016-minas-gerais","tag-candidatos-eleicoes-municipais-2016","tag-candidatos-eleicoes-municipais-2016-minas-gerais","tag-candidatos-em-montes-claros","tag-candidaturas-2016","tag-candidaturas-eleicoes-municipais-2016","tag-candidaturas-eleicoes-municipais-2016-minas-gerais","tag-consultas-sobre-candidatos-2016","tag-destaque","tag-disputa-eleitoral-montes-claros","tag-divulgacao-de-candidaturas-2016","tag-divulgacao-de-candidaturas-eleicoes-2016","tag-divulgacao-de-candidaturas-eleicoes-2016-minas-gerais","tag-download-aplicativo-candidaturas-2016","tag-eleicoes-2016","tag-eleicoes-2016-minas-gerais","tag-eleicoes-2016-montes-claros","tag-eleicoes-municipais-2016","tag-eleicoes-municipais-2016-divulgacao-de-candidaturas","tag-eleicoes-municipais-2016-em-montes-claros","tag-eleicoes-municipais-2016-minas-gerais","tag-informacoes-detalhadas-sobre-todos-os-candidatos-de-2016","tag-informacoes-sobre-todos-os-candidatos","tag-informacoes-sobre-todos-os-candidatos-de-2016","tag-lista-candidaturas-eleicoes-2016","tag-lista-candidaturas-eleicoes-2016-minas-gerais","tag-lista-de-candidatos-a-vereador-em-montes-claros","tag-lista-de-todos-os-candidatos-eleicoes-2016","tag-lista-de-todos-os-candidatos-eleicoes-2016-minas-gerais","tag-montes-claros","tag-quem-sao-os-candidatos-a-vereador-em-montes-claros","tag-relacao-candidaturas-eleicoes-2016","tag-relacao-candidaturas-eleicoes-2016-minas-gerais","tag-relacao-de-todos-os-candidatos-eleicoes-2016","tag-relacao-de-todos-os-candidatos-eleicoes-2016-minas-gerais"],"_links":{"self":[{"href":"https:\/\/aconteceunovale.com.br\/portal\/index.php?rest_route=\/wp\/v2\/posts\/95619","targetHints":{"allow":["GET"]}}],"collection":[{"href":"https:\/\/aconteceunovale.com.br\/portal\/index.php?rest_route=\/wp\/v2\/posts"}],"about":[{"href":"https:\/\/aconteceunovale.com.br\/portal\/index.php?rest_route=\/wp\/v2\/types\/post"}],"author":[{"embeddable":true,"href":"https:\/\/aconteceunovale.com.br\/portal\/index.php?rest_route=\/wp\/v2\/users\/1"}],"replies":[{"embeddable":true,"href":"https:\/\/aconteceunovale.com.br\/portal\/index.php?rest_route=%2Fwp%2Fv2%2Fcomments&post=95619"}],"version-history":[{"count":0,"href":"https:\/\/aconteceunovale.com.br\/portal\/index.php?rest_route=\/wp\/v2\/posts\/95619\/revisions"}],"wp:featuredmedia":[{"embeddable":true,"href":"https:\/\/aconteceunovale.com.br\/portal\/index.php?rest_route=\/wp\/v2\/media\/95617"}],"wp:attachment":[{"href":"https:\/\/aconteceunovale.com.br\/portal\/index.php?rest_route=%2Fwp%2Fv2%2Fmedia&parent=95619"}],"wp:term":[{"taxonomy":"category","embeddable":true,"href":"https:\/\/aconteceunovale.com.br\/portal\/index.php?rest_route=%2Fwp%2Fv2%2Fcategories&post=95619"},{"taxonomy":"post_tag","embeddable":true,"href":"https:\/\/aconteceunovale.com.br\/portal\/index.php?rest_route=%2Fwp%2Fv2%2Ftags&post=95619"}],"curies":[{"name":"wp","href":"https:\/\/api.w.org\/{rel}","templated":true}]}}