{"id":95604,"date":"2016-08-24T20:33:12","date_gmt":"2016-08-24T23:33:12","guid":{"rendered":"http:\/\/aconteceunovale.com.br\/portal\/?p=95604"},"modified":"2016-08-24T20:33:12","modified_gmt":"2016-08-24T23:33:12","slug":"idoso-e-preso-com-sete-passaros-silvestres-em-mata-verde-no-vale-do-jequitinhonha","status":"publish","type":"post","link":"https:\/\/aconteceunovale.com.br\/portal\/?p=95604","title":{"rendered":"Idoso \u00e9 preso com sete p\u00e1ssaros silvestres em Mata Verde, no Vale do Jequitinhonha"},"content":{"rendered":"<p>A Pol\u00edcia Militar Ambiental (PMA) apreendeu sete p\u00e1ssaros que eram mantidos em cativeiro, nessa ter\u00e7a-feira (23\/08), em Mata Verde, no Vale do Jequitinhonha. Os animais estavam presos em gaiolas dentro da carroceria de um carro.<\/p>\n<p>Foram encontrados dois sabi\u00e1s, dois trinca-ferros, um casal de can\u00e1rio-da-terra e um tico-tico, al\u00e9m de armadilhas para capturar aves.<\/p>\n<p>Durante a abordagem, um homem de 63 anos, que seria respons\u00e1vel pelas aves, passou mal e foi encaminhado para o posto de sa\u00fade. As aves foram liberadas em seu habitat natural.<\/p>\n<p><img decoding=\"async\" src=\"http:\/\/aconteceunovale.com.br\/portal\/wp-content\/uploads\/2016\/08\/passaros_mata_verde.jpeg\" alt=\"\" \/><em>P\u00e1ssaros foram apreendidos em Mata Verde (Foto: Pol\u00edcia Militar\/Divulga\u00e7\u00e3o)<\/em><br \/>\n<\/br><\/p>\n<p><em>(G1 dos Vales)<\/em><\/p>\n","protected":false},"excerpt":{"rendered":"<p>A Pol\u00edcia Militar Ambiental (PMA) apreendeu sete p\u00e1ssaros que eram mantidos em cativeiro, nessa ter\u00e7a-feira (23\/08), em Mata Verde, no Vale do Jequitinhonha. Os animais estavam presos em gaiolas dentro da carroceria de um carro. Foram encontrados dois sabi\u00e1s, dois trinca-ferros, um casal de can\u00e1rio-da-terra e um tico-tico, al\u00e9m de armadilhas para capturar aves. Durante [&hellip;]<\/p>\n","protected":false},"author":1,"featured_media":95605,"comment_status":"open","ping_status":"closed","sticky":false,"template":"","format":"standard","meta":{"amp_status":"","footnotes":""},"categories":[120],"tags":[112438,112437,355,112439],"class_list":["post-95604","post","type-post","status-publish","format-standard","has-post-thumbnail","hentry","category-jequi","tag-apreensao-de-passaros-em-mata-verde","tag-idoso-e-preso-com-sete-passaros-silvestres-em-mata-verde","tag-mata-verde","tag-preso-com-passaros-em-mata-verde"],"_links":{"self":[{"href":"https:\/\/aconteceunovale.com.br\/portal\/index.php?rest_route=\/wp\/v2\/posts\/95604","targetHints":{"allow":["GET"]}}],"collection":[{"href":"https:\/\/aconteceunovale.com.br\/portal\/index.php?rest_route=\/wp\/v2\/posts"}],"about":[{"href":"https:\/\/aconteceunovale.com.br\/portal\/index.php?rest_route=\/wp\/v2\/types\/post"}],"author":[{"embeddable":true,"href":"https:\/\/aconteceunovale.com.br\/portal\/index.php?rest_route=\/wp\/v2\/users\/1"}],"replies":[{"embeddable":true,"href":"https:\/\/aconteceunovale.com.br\/portal\/index.php?rest_route=%2Fwp%2Fv2%2Fcomments&post=95604"}],"version-history":[{"count":0,"href":"https:\/\/aconteceunovale.com.br\/portal\/index.php?rest_route=\/wp\/v2\/posts\/95604\/revisions"}],"wp:featuredmedia":[{"embeddable":true,"href":"https:\/\/aconteceunovale.com.br\/portal\/index.php?rest_route=\/wp\/v2\/media\/95605"}],"wp:attachment":[{"href":"https:\/\/aconteceunovale.com.br\/portal\/index.php?rest_route=%2Fwp%2Fv2%2Fmedia&parent=95604"}],"wp:term":[{"taxonomy":"category","embeddable":true,"href":"https:\/\/aconteceunovale.com.br\/portal\/index.php?rest_route=%2Fwp%2Fv2%2Fcategories&post=95604"},{"taxonomy":"post_tag","embeddable":true,"href":"https:\/\/aconteceunovale.com.br\/portal\/index.php?rest_route=%2Fwp%2Fv2%2Ftags&post=95604"}],"curies":[{"name":"wp","href":"https:\/\/api.w.org\/{rel}","templated":true}]}}