{"id":95592,"date":"2016-08-24T19:46:50","date_gmt":"2016-08-24T22:46:50","guid":{"rendered":"http:\/\/aconteceunovale.com.br\/portal\/?p=95592"},"modified":"2016-08-24T19:46:50","modified_gmt":"2016-08-24T22:46:50","slug":"inss-quer-cassar-mais-de-16-mil-aposentadorias-em-minas-gerais","status":"publish","type":"post","link":"https:\/\/aconteceunovale.com.br\/portal\/?p=95592","title":{"rendered":"INSS quer cassar mais de 16 mil aposentadorias em Minas Gerais"},"content":{"rendered":"<p>Nos pr\u00f3ximos dois anos, mais de 16 mil benef\u00edcios concedidos pelo Instituto Nacional do Seguro Social (INSS), entre aposentadorias por invalidez e aux\u00edlios-doen\u00e7a, poder\u00e3o ser extintos em Minas Gerais, na estimativa do pr\u00f3prio \u00f3rg\u00e3o governamental.<\/p>\n<p>Com a publica\u00e7\u00e3o da Medida Provis\u00f3ria (MP) 739, no m\u00eas passado, o governo federal determinou que todos os benefici\u00e1rios de aux\u00edlio-doen\u00e7a e aposentadoria por invalidez com menos de 60 anos e mais de dois anos sem passar por uma reavalia\u00e7\u00e3o sejam chamados para fazer uma nova per\u00edcia.<\/p>\n<p>Segundo o presidente do INSS, Leonardo Gadelha, a estimativa \u00e9 que, com a medida, 2% de todas as aposentadorias por invalidez sejam canceladas e at\u00e9 20% dos aux\u00edlios-doen\u00e7a deixem de existir. Com isso, o governo federal estima economizar pelo menos R$ 1,5 bilh\u00e3o por ano.<\/p>\n<p>Em Minas, segundo a Superintend\u00eancia Regional do INSS, v\u00e3o passar pela nova per\u00edcia mais de 60,7 mil benefici\u00e1rios do aux\u00edlio-doen\u00e7a e mais de 196,5 mil aposentados por invalidez. Se a expectativa do governo for atingida, no Estado ser\u00e3o mais de 12 mil aux\u00edlios-doen\u00e7a cancelados e quase 4.000 aposentadorias por invalidez deixar\u00e3o de existir.<\/p>\n<p>No Brasil, s\u00e3o 1,7 milh\u00e3o de benefici\u00e1rios entre aposentados por invalidez e usu\u00e1rios do aux\u00edlio-doen\u00e7a que ser\u00e3o reavaliados. Segundo a MP 739, o INSS tem dois anos para realizar todas elas. \u201c\u00c9 uma obriga\u00e7\u00e3o nossa dar efetividade ao emprego do dinheiro p\u00fablico. Se existe impropriedades, n\u00f3s temos que busc\u00e1-las. Tem que cessar esses benef\u00edcios\u201d, disse Gadelha ontem durante uma visita \u00e0 Ag\u00eancia da Previd\u00eancia Social em Contagem, na regi\u00e3o metropolitana da capital mineira.<\/p>\n<p>Por\u00e9m, al\u00e9m de fraudes, o presidente do INSS admite que a nova per\u00edcia pode ter um resultado diferente da realizada antes. \u201cN\u00e3o seria uma mudan\u00e7a de crit\u00e9rios, seria uma avalia\u00e7\u00e3o da capacidade laboral daquela pessoa, ainda que ela mantenha uma patologia. Se o quadro dela evoluiu e tem condi\u00e7\u00f5es de voltar ao mercado de trabalho, ela voltar\u00e1\u201d, afirmou Gadelha.<\/p>\n<p><strong>Receio<\/strong><\/p>\n<p>Ant\u00f4nio Nonato de Souza, 47, foi aposentado por invalidez h\u00e1 28 anos, quando passou a usar uma perna mec\u00e2nica. Ele diz estar preocupado com as mudan\u00e7as na Previd\u00eancia. \u201cEles querem tirar onde deveriam colocar\u201d, opina. Souza pede hoje uma revis\u00e3o de sua aposentadoria. \u201cRecebo um sal\u00e1rio m\u00ednimo e recebia quatro quando trabalhava. Hoje, todo meu benef\u00edcio \u00e9 usado para pagar empr\u00e9stimos. Tento no SUS uma perna mec\u00e2nica, mas nunca consegui, a que tenho paguei do meu bolso\u201d, conta.<\/p>\n<p><strong>Sem pressa<\/strong><\/p>\n<p>Os benefici\u00e1rios que passar\u00e3o por nova per\u00edcia ser\u00e3o chamados por carta. \u201cN\u00e3o \u00e9 necess\u00e1rio comparecer \u00e0s ag\u00eancias antes disso\u201d, disse Leonardo Gadelha, presidente do INSS.<\/p>\n<p><em>(Fonte: O Tempo)<\/em><\/p>\n","protected":false},"excerpt":{"rendered":"<p>Nos pr\u00f3ximos dois anos, mais de 16 mil benef\u00edcios concedidos pelo Instituto Nacional do Seguro Social (INSS), entre aposentadorias por invalidez e aux\u00edlios-doen\u00e7a, poder\u00e3o ser extintos em Minas Gerais, na estimativa do pr\u00f3prio \u00f3rg\u00e3o governamental. Com a publica\u00e7\u00e3o da Medida Provis\u00f3ria (MP) 739, no m\u00eas passado, o governo federal determinou que todos os benefici\u00e1rios de [&hellip;]<\/p>\n","protected":false},"author":1,"featured_media":95593,"comment_status":"open","ping_status":"closed","sticky":false,"template":"","format":"standard","meta":{"amp_status":"","footnotes":""},"categories":[123],"tags":[112426,112427,112425,6528,112429,112424,112428],"class_list":["post-95592","post","type-post","status-publish","format-standard","has-post-thumbnail","hentry","category-gerais","tag-corte-beneficios-inss-em-minas-gerais","tag-corte-de-aposentadorias-em-minas-gerais","tag-corte-de-beneficios-em-minas-gerais","tag-inss","tag-inss-quer-cassar-mais-de-16-mil-aposentadorias-em-minas-gerais","tag-instituto-nacional-do-seguro-socia","tag-reducao-beneficiarios-de-auxilio-doenca-e-aposentadoria-por-invalidez"],"_links":{"self":[{"href":"https:\/\/aconteceunovale.com.br\/portal\/index.php?rest_route=\/wp\/v2\/posts\/95592","targetHints":{"allow":["GET"]}}],"collection":[{"href":"https:\/\/aconteceunovale.com.br\/portal\/index.php?rest_route=\/wp\/v2\/posts"}],"about":[{"href":"https:\/\/aconteceunovale.com.br\/portal\/index.php?rest_route=\/wp\/v2\/types\/post"}],"author":[{"embeddable":true,"href":"https:\/\/aconteceunovale.com.br\/portal\/index.php?rest_route=\/wp\/v2\/users\/1"}],"replies":[{"embeddable":true,"href":"https:\/\/aconteceunovale.com.br\/portal\/index.php?rest_route=%2Fwp%2Fv2%2Fcomments&post=95592"}],"version-history":[{"count":0,"href":"https:\/\/aconteceunovale.com.br\/portal\/index.php?rest_route=\/wp\/v2\/posts\/95592\/revisions"}],"wp:featuredmedia":[{"embeddable":true,"href":"https:\/\/aconteceunovale.com.br\/portal\/index.php?rest_route=\/wp\/v2\/media\/95593"}],"wp:attachment":[{"href":"https:\/\/aconteceunovale.com.br\/portal\/index.php?rest_route=%2Fwp%2Fv2%2Fmedia&parent=95592"}],"wp:term":[{"taxonomy":"category","embeddable":true,"href":"https:\/\/aconteceunovale.com.br\/portal\/index.php?rest_route=%2Fwp%2Fv2%2Fcategories&post=95592"},{"taxonomy":"post_tag","embeddable":true,"href":"https:\/\/aconteceunovale.com.br\/portal\/index.php?rest_route=%2Fwp%2Fv2%2Ftags&post=95592"}],"curies":[{"name":"wp","href":"https:\/\/api.w.org\/{rel}","templated":true}]}}