{"id":95589,"date":"2016-08-24T19:30:37","date_gmt":"2016-08-24T22:30:37","guid":{"rendered":"http:\/\/aconteceunovale.com.br\/portal\/?p=95589"},"modified":"2016-08-24T19:30:37","modified_gmt":"2016-08-24T22:30:37","slug":"defesa-civil-da-italia-aumenta-para-159-o-numero-de-mortos-apos-terremoto","status":"publish","type":"post","link":"https:\/\/aconteceunovale.com.br\/portal\/?p=95589","title":{"rendered":"Defesa Civil da It\u00e1lia aumenta para 159 o n\u00famero de mortos ap\u00f3s terremoto"},"content":{"rendered":"<p>A Defesa Civil da It\u00e1lia informou hoje (24\/08) que subiu para 159 o n\u00famero de v\u00edtimas fatais do terremoto que atingiu a regi\u00e3o central do pa\u00eds. Das v\u00edtimas, 106 morreram em Accumoli e Amatrice e 53 em Arquata. As informa\u00e7\u00f5es s\u00e3o da Ag\u00eancia Ansa.<\/p>\n<p>O primeiro-ministro da It\u00e1lia, Matteo Renzi, disse que os feridos foram levados para fora de Amatrice e Accumoli em helic\u00f3pteros e ambul\u00e2ncias. &#8220;Foram 368 somente nesta manh\u00e3&#8221;, disse Renzi. &#8220;H\u00e1 alguns problemas para o reconhecimento dos corpos, mas estamos trabalhando nisso&#8221;.<\/p>\n<p>Renzi fez a declara\u00e7\u00e3o em Rieti, uma das prov\u00edncias mais afetadas pelo abalo s\u00edsmico, onde o premier tamb\u00e9m destacou que ser\u00e1 preciso um &#8220;longo per\u00edodo de gest\u00e3o&#8221; para lidar com a emerg\u00eancia provocada pelo terremoto. &#8220;A emerg\u00eancia demandar\u00e1 um longo per\u00edodo de gest\u00e3o. Deveremos estar todos \u00e0 altura deste desafio&#8221;, disse.<\/p>\n<p><img decoding=\"async\" src=\"http:\/\/aconteceunovale.com.br\/portal\/wp-content\/uploads\/2016\/08\/terremoto_italia_2.jpg\" alt=\"\" \/><em>Terremoto atingiu regi\u00e3o central da It\u00e1lia (Foto: Ag\u00eancia Ansa Brasil)<\/em><br \/>\n<\/br><\/p>\n<p><img decoding=\"async\" src=\"http:\/\/aconteceunovale.com.br\/portal\/wp-content\/uploads\/2016\/08\/terremoto_italia_3.jpg\" alt=\"\" \/><em>Terremoto atingiu regi\u00e3o central da It\u00e1lia (Foto: Ag\u00eancia Ansa Brasil)<\/em><br \/>\n<\/br><\/p>\n<p><img decoding=\"async\" src=\"http:\/\/aconteceunovale.com.br\/portal\/wp-content\/uploads\/2016\/08\/terremoto_italia_1.jpg\" alt=\"\" \/><em>Terremoto atingiu regi\u00e3o central da It\u00e1lia (Foto: Ag\u00eancia Ansa Brasil)<\/em><br \/>\n<\/br><\/p>\n<p><em>(Fonte: Ag\u00eancia Ansa e Ag\u00eancia Brasil)<\/em><\/p>\n","protected":false},"excerpt":{"rendered":"<p>A Defesa Civil da It\u00e1lia informou hoje (24\/08) que subiu para 159 o n\u00famero de v\u00edtimas fatais do terremoto que atingiu a regi\u00e3o central do pa\u00eds. Das v\u00edtimas, 106 morreram em Accumoli e Amatrice e 53 em Arquata. As informa\u00e7\u00f5es s\u00e3o da Ag\u00eancia Ansa. O primeiro-ministro da It\u00e1lia, Matteo Renzi, disse que os feridos foram [&hellip;]<\/p>\n","protected":false},"author":1,"featured_media":95590,"comment_status":"open","ping_status":"closed","sticky":false,"template":"","format":"standard","meta":{"amp_status":"","footnotes":""},"categories":[28848],"tags":[112341,112345,112338,112349,112350,112343,4785,112358,112422,112423,112354,80748,112366,112367,112363,112362,112359,48766,112351,112352,18920,104581,33735,26352,112346,63088,112356,112357,112347,112360,25477,112348,112370,112369,112355,112337,112364,112365,105924,112342,112339,112344,112368,112340,112353,112361,65333],"class_list":["post-95589","post","type-post","status-publish","format-standard","has-post-thumbnail","hentry","category-mundo","tag-accumoli","tag-amandola","tag-amatrice","tag-amatrice-soma-35-mortos","tag-amatrice-soma-35-mortos-em-terremoto","tag-arquata-del-tronto","tag-brasil","tag-brasil-externa-solidariedade-ao-governo-da-italia","tag-defesa-civil-aumenta-para-159-o-numero-de-mortos-apos-terremoto-na-italia","tag-defesa-civil-da-italia-aumenta-para-159-o-numero-de-mortos-apos-terremoto","tag-desalojados","tag-destruicao","tag-email-da-embaixada-do-brasil-em-roma","tag-email-da-embaixada-do-brasil-na-italia","tag-embaixada","tag-embaixada-em-roma-oferece-ajuda-a-brasileiros","tag-guanciale","tag-igreja","tag-igreja-doa-1-milhao-de-euros","tag-igreja-doa-1-milhao-de-euros-para-vitimas-de-terremoto-na-italia","tag-italia","tag-matteo-renzi","tag-mensagens","tag-mortos","tag-paolo-bernabucci","tag-papa","tag-papa-francisco-manifestou-grande-dor-pelo-terremoto-que-devastou-a-italia","tag-papa-manifesta-grande-dor-por-terremoto-na-italia","tag-presidente-da-italia","tag-queijo-pecorino","tag-recursos","tag-sergio-mattarella","tag-sobe-para-38-o-numero-de-mortos-em-terremoto-na-italia","tag-sobe-para-38-o-numero-de-mortos-em-terremoto-na-regiao-central-da-italia","tag-sobe-para-38-total-de-mortos-em-terremoto-na-italia","tag-subiu-para-38-o-numero-de-mortos-no-terremoto-na-italia","tag-telefone-da-embaixada-do-brasil-em-roma","tag-telefone-da-embaixada-do-brasil-na-italia","tag-terremoto","tag-terremoto-accumoli","tag-terremoto-amatrice","tag-terremoto-arquata-del-tronto","tag-terremoto-de-6-graus-mata-mais-de-30-na-italia","tag-terremoto-italia","tag-terremoto-na-italia","tag-tremor-de-terra-na-italia","tag-vitimas"],"_links":{"self":[{"href":"https:\/\/aconteceunovale.com.br\/portal\/index.php?rest_route=\/wp\/v2\/posts\/95589","targetHints":{"allow":["GET"]}}],"collection":[{"href":"https:\/\/aconteceunovale.com.br\/portal\/index.php?rest_route=\/wp\/v2\/posts"}],"about":[{"href":"https:\/\/aconteceunovale.com.br\/portal\/index.php?rest_route=\/wp\/v2\/types\/post"}],"author":[{"embeddable":true,"href":"https:\/\/aconteceunovale.com.br\/portal\/index.php?rest_route=\/wp\/v2\/users\/1"}],"replies":[{"embeddable":true,"href":"https:\/\/aconteceunovale.com.br\/portal\/index.php?rest_route=%2Fwp%2Fv2%2Fcomments&post=95589"}],"version-history":[{"count":0,"href":"https:\/\/aconteceunovale.com.br\/portal\/index.php?rest_route=\/wp\/v2\/posts\/95589\/revisions"}],"wp:featuredmedia":[{"embeddable":true,"href":"https:\/\/aconteceunovale.com.br\/portal\/index.php?rest_route=\/wp\/v2\/media\/95590"}],"wp:attachment":[{"href":"https:\/\/aconteceunovale.com.br\/portal\/index.php?rest_route=%2Fwp%2Fv2%2Fmedia&parent=95589"}],"wp:term":[{"taxonomy":"category","embeddable":true,"href":"https:\/\/aconteceunovale.com.br\/portal\/index.php?rest_route=%2Fwp%2Fv2%2Fcategories&post=95589"},{"taxonomy":"post_tag","embeddable":true,"href":"https:\/\/aconteceunovale.com.br\/portal\/index.php?rest_route=%2Fwp%2Fv2%2Ftags&post=95589"}],"curies":[{"name":"wp","href":"https:\/\/api.w.org\/{rel}","templated":true}]}}