{"id":95420,"date":"2016-08-22T14:27:23","date_gmt":"2016-08-22T17:27:23","guid":{"rendered":"http:\/\/aconteceunovale.com.br\/portal\/?p=95420"},"modified":"2016-08-22T14:27:23","modified_gmt":"2016-08-22T17:27:23","slug":"sete-medalhistas-de-ouro-nos-jogos-rio-2016-sao-convocados-para-eliminatorias-da-copa-2018","status":"publish","type":"post","link":"https:\/\/aconteceunovale.com.br\/portal\/?p=95420","title":{"rendered":"Sete medalhistas de ouro nos Jogos Rio 2016 s\u00e3o convocados para eliminat\u00f3rias da Copa 2018"},"content":{"rendered":"<p>Sete jogadores da equipe ol\u00edmpica brasileira de futebol, que conquistaram a medalha de ouro nos Jogos Rio 2016, foram convocados pelo t\u00e9cnico Tite para os pr\u00f3ximos dois jogos da sele\u00e7\u00e3o pelas eliminat\u00f3rias da Copa do Mundo de 2018. Os jogos ser\u00e3o contra o Equador, em Quito, no dia 1\u00ba de setembro, e contra a Col\u00f4mbia, em Manaus, no dia 6.<\/p>\n<p>Os jogadores campe\u00f5es ol\u00edmpicos convocados s\u00e3o o goleiro Weverton (do Atl\u00e9tico Paranaense), os zagueiros Marquinhos (Paris St. Germain) e Rodrigo Caio (S\u00e3o Paulo), o meia Renato Augusto (Beijing Guoan) e os atacantes Gabriel Barbosa (Santos), Gabriel Jesus (Palmeiras) e Neymar (Barcelona).<\/p>\n<p>Confira os 23 escolhidos abaixo:<\/p>\n<p><strong>Goleiros<\/strong><br \/>\n&#8211; Alisson &#8211; Roma<br \/>\n&#8211; Marcelo Grohe &#8211; Gr\u00eamio<br \/>\n&#8211; Weverton &#8211; Atl\u00e9tico Paranaense<\/p>\n<p><strong>Laterais<\/strong><br \/>\n&#8211; Daniel Alves &#8211; Juventus<br \/>\n&#8211; Fagner &#8211; Corinthians<br \/>\n&#8211; Filipe Lu\u00eds &#8211; Atl\u00e9tico de Madrid<br \/>\n&#8211; Marcelo &#8211; Real Madrid<\/p>\n<p><strong>Zagueiros<\/strong><br \/>\n&#8211; Gil &#8211; Shandong Luneng<br \/>\n&#8211; Marquinhos &#8211; PSG<br \/>\n&#8211; Miranda &#8211; Inter de Mil\u00e3o<br \/>\n&#8211; Rodrigo Caio &#8211; S\u00e3o Paulo<\/p>\n<p><strong>Meio-campistas<\/strong><br \/>\n&#8211; Casemiro &#8211; Real Madrid<br \/>\n&#8211; Giuliano &#8211; Zenit<br \/>\n&#8211; Rafael Carioca &#8211; Atl\u00e9tico Mineiro<br \/>\n&#8211; Paulinho &#8211; Guangzhou Evergrande<br \/>\n&#8211; Lucas Lima &#8211; Santos<br \/>\n&#8211; Renato Augusto &#8211; Beijing Guoan<br \/>\n&#8211; Philippe Coutinho &#8211; Liverpool<br \/>\n&#8211; Willian &#8211; Chelsea<\/p>\n<p><strong>Atacantes<\/strong><br \/>\n&#8211; Neymar &#8211; Barcelona<br \/>\n&#8211; Gabriel &#8211; Santos<br \/>\n&#8211; Gabriel Jesus &#8211; Palmeiras<br \/>\n&#8211; Taison &#8211; Shakhtar Donetsk<\/p>\n<p><img decoding=\"async\" src=\"http:\/\/aconteceunovale.com.br\/portal\/wp-content\/uploads\/2016\/08\/tite_convoca_selecao.jpeg\" alt=\"\" \/><em>T\u00e9cnico Tite divulga lista de convocados (Foto: Kin Saito \/ CBF)<\/em><br \/>\n<\/br><\/p>\n<p><em>(Fonte: Ag\u00eancia Brasil \/ CBF)<\/em><\/p>\n","protected":false},"excerpt":{"rendered":"<p>Sete jogadores da equipe ol\u00edmpica brasileira de futebol, que conquistaram a medalha de ouro nos Jogos Rio 2016, foram convocados pelo t\u00e9cnico Tite para os pr\u00f3ximos dois jogos da sele\u00e7\u00e3o pelas eliminat\u00f3rias da Copa do Mundo de 2018. Os jogos ser\u00e3o contra o Equador, em Quito, no dia 1\u00ba de setembro, e contra a Col\u00f4mbia, [&hellip;]<\/p>\n","protected":false},"author":1,"featured_media":95421,"comment_status":"open","ping_status":"closed","sticky":false,"template":"","format":"standard","meta":{"amp_status":"","footnotes":""},"categories":[59],"tags":[35902,112054,112052,112045,112056,112047,112055,112046,112043,112049,92840,112051,112044,112053,37812,112050,24117,112042,112058,112057,112048],"class_list":["post-95420","post","type-post","status-publish","format-standard","has-post-thumbnail","hentry","category-sports","tag-cbf","tag-convocacao","tag-convocados-do-tecnico-tite","tag-convocados-pelo-tecnico-tite","tag-copa-2018","tag-copa-do-mundo-de-2018","tag-eliminatorias","tag-eliminatorias-da-copa-do-mundo-de-2018","tag-equipe-olimpica-brasileira-de-futebol","tag-goleiro-weverton","tag-jogos-rio-2016","tag-lista-de-convocados-do-tecnico-tite","tag-medalha-de-ouro-nos-jogos-rio-2016","tag-medalhistas","tag-ouro","tag-primeira-lista-de-convocados-do-tecnico-tite","tag-rio-2016","tag-sete-jogadores-da-equipe-olimpica-brasileira-de-futebol","tag-sete-medalhistas-de-ouro-nos-jogos-rio-2016-sao-convocados-para-eliminatorias-da-copa-2018","tag-sete-medalhistas-de-ouro-sao-convocados-para-eliminatorias-da-copa-2018","tag-weverton"],"_links":{"self":[{"href":"https:\/\/aconteceunovale.com.br\/portal\/index.php?rest_route=\/wp\/v2\/posts\/95420","targetHints":{"allow":["GET"]}}],"collection":[{"href":"https:\/\/aconteceunovale.com.br\/portal\/index.php?rest_route=\/wp\/v2\/posts"}],"about":[{"href":"https:\/\/aconteceunovale.com.br\/portal\/index.php?rest_route=\/wp\/v2\/types\/post"}],"author":[{"embeddable":true,"href":"https:\/\/aconteceunovale.com.br\/portal\/index.php?rest_route=\/wp\/v2\/users\/1"}],"replies":[{"embeddable":true,"href":"https:\/\/aconteceunovale.com.br\/portal\/index.php?rest_route=%2Fwp%2Fv2%2Fcomments&post=95420"}],"version-history":[{"count":0,"href":"https:\/\/aconteceunovale.com.br\/portal\/index.php?rest_route=\/wp\/v2\/posts\/95420\/revisions"}],"wp:featuredmedia":[{"embeddable":true,"href":"https:\/\/aconteceunovale.com.br\/portal\/index.php?rest_route=\/wp\/v2\/media\/95421"}],"wp:attachment":[{"href":"https:\/\/aconteceunovale.com.br\/portal\/index.php?rest_route=%2Fwp%2Fv2%2Fmedia&parent=95420"}],"wp:term":[{"taxonomy":"category","embeddable":true,"href":"https:\/\/aconteceunovale.com.br\/portal\/index.php?rest_route=%2Fwp%2Fv2%2Fcategories&post=95420"},{"taxonomy":"post_tag","embeddable":true,"href":"https:\/\/aconteceunovale.com.br\/portal\/index.php?rest_route=%2Fwp%2Fv2%2Ftags&post=95420"}],"curies":[{"name":"wp","href":"https:\/\/api.w.org\/{rel}","templated":true}]}}